{"id":388400,"date":"2025-09-13T17:54:15","date_gmt":"2025-09-13T17:54:15","guid":{"rendered":"https:\/\/www.europesays.com\/fr\/388400\/"},"modified":"2025-09-13T17:54:15","modified_gmt":"2025-09-13T17:54:15","slug":"saint-etienne-comment-le-club-alpin-veut-choyer-ses-terrains-de-jeu","status":"publish","type":"post","link":"https:\/\/www.europesays.com\/fr\/388400\/","title":{"rendered":"Saint-\u00c9tienne. Comment le Club alpin veut choyer ses terrains de jeu"},"content":{"rendered":"<p>En cette saison sportive qui d\u00e9bute, le Club alpin a choisi de prot\u00e9ger plus encore l\u2019environnement dans lequel il \u00e9volue. Le th\u00e8me choisi par l\u2019association d\u00e9di\u00e9e aux activit\u00e9s de pleine nature est \u00ab\u00a0de plus en plus focalis\u00e9 sur ce sujet\u00a0\u00bb, explique Jean-Fran\u00e7ois Manifet, son pr\u00e9sident. \u00ab\u00a0Nos activit\u00e9s ont un impact, et l\u2019objectif est de le rendre nul, de r\u00e9fl\u00e9chir \u00e0 nos pratiques pour qu\u2019elles ne d\u00e9gradent pas notre milieu.\u00a0\u00bb<\/p>\n<p>Des activit\u00e9s du 1er \u00a0 septembre au 31\u00a0ao\u00fbt<\/p>\n<p>L\u2019association cr\u00e9\u00e9e en 1884 a donc lanc\u00e9 son bilan carbone et mis en place plusieurs autres initiatives allant dans ce sens. Conf\u00e9rence, sensibilisation et information&#8230;<\/p>\n","protected":false},"excerpt":{"rendered":"En cette saison sportive qui d\u00e9bute, le Club alpin a choisi de prot\u00e9ger plus encore l\u2019environnement dans lequel&hellip;\n","protected":false},"author":2,"featured_media":388401,"comment_status":"","ping_status":"","sticky":false,"template":"","format":"standard","meta":{"footnotes":""},"categories":[9653],"tags":[1111,11,2430,7539,1777,674,1011,27,12,25,4001,7538,104,1631],"class_list":{"0":"post-388400","1":"post","2":"type-post","3":"status-publish","4":"format-standard","5":"has-post-thumbnail","7":"category-saint-etienne","8":"tag-actu","9":"tag-actualites","10":"tag-auvergne-rhone-alpes","11":"tag-edition-loire-sud","12":"tag-eu","13":"tag-europe","14":"tag-fr","15":"tag-france","16":"tag-news","17":"tag-republique-francaise","18":"tag-saint-etienne","19":"tag-saint-etienne-ville","20":"tag-societe","21":"tag-vie-associative"},"share_on_mastodon":{"url":"https:\/\/pubeurope.com\/@fr\/115198274209332128","error":""},"_links":{"self":[{"href":"https:\/\/www.europesays.com\/fr\/wp-json\/wp\/v2\/posts\/388400","targetHints":{"allow":["GET"]}}],"collection":[{"href":"https:\/\/www.europesays.com\/fr\/wp-json\/wp\/v2\/posts"}],"about":[{"href":"https:\/\/www.europesays.com\/fr\/wp-json\/wp\/v2\/types\/post"}],"author":[{"embeddable":true,"href":"https:\/\/www.europesays.com\/fr\/wp-json\/wp\/v2\/users\/2"}],"replies":[{"embeddable":true,"href":"https:\/\/www.europesays.com\/fr\/wp-json\/wp\/v2\/comments?post=388400"}],"version-history":[{"count":0,"href":"https:\/\/www.europesays.com\/fr\/wp-json\/wp\/v2\/posts\/388400\/revisions"}],"wp:featuredmedia":[{"embeddable":true,"href":"https:\/\/www.europesays.com\/fr\/wp-json\/wp\/v2\/media\/388401"}],"wp:attachment":[{"href":"https:\/\/www.europesays.com\/fr\/wp-json\/wp\/v2\/media?parent=388400"}],"wp:term":[{"taxonomy":"category","embeddable":true,"href":"https:\/\/www.europesays.com\/fr\/wp-json\/wp\/v2\/categories?post=388400"},{"taxonomy":"post_tag","embeddable":true,"href":"https:\/\/www.europesays.com\/fr\/wp-json\/wp\/v2\/tags?post=388400"}],"curies":[{"name":"wp","href":"https:\/\/api.w.org\/{rel}","templated":true}]}}