{"id":388402,"date":"2025-09-13T17:55:19","date_gmt":"2025-09-13T17:55:19","guid":{"rendered":"https:\/\/www.europesays.com\/fr\/388402\/"},"modified":"2025-09-13T17:55:19","modified_gmt":"2025-09-13T17:55:19","slug":"vosges-une-convention-grand-est-pour-repenser-lamenagement-du-territoire","status":"publish","type":"post","link":"https:\/\/www.europesays.com\/fr\/388402\/","title":{"rendered":"Vosges. Une convention Grand Est pour repenser l\u2019am\u00e9nagement du territoire"},"content":{"rendered":"<p>C\u2019est une initiative ambitieuse qui s\u2019est scell\u00e9e ce 12\u00a0septembre \u00e0 \u00c9pinal. \u00c0 l\u2019invitation de la F\u00e9d\u00e9ration du BTP des Vosges, les principaux acteurs de l\u2019am\u00e9nagement du territoire dans le Grand Est \u2013 la FFB (F\u00e9d\u00e9ration fran\u00e7aise du b\u00e2timent), le P\u00f4le Habitat FFB et les repr\u00e9sentants r\u00e9gionaux des SCoT (Sch\u00e9mas de coh\u00e9rence territoriale) \u2013 ont sign\u00e9 une convention r\u00e9gionale strat\u00e9gique. Cette d\u00e9marche vise \u00e0 rendre op\u00e9rationnelle la trajectoire fix\u00e9e par <a href=\"https:\/\/www.vosgesmatin.fr\/economie\/2022\/11\/01\/cela-pourrait-poser-probleme-dans-les-vosges-l-inquietude-des-elus-de-la-montagne-face-a-la-loi-climat-et-resilience\" target=\"_blank\" rel=\"noopener\">la loi Climat et r\u00e9silience<\/a> , \u00ab\u00a0qui a g\u00e9n\u00e9r\u00e9 de vraies angoisses\u00a0\u00bb, estime <a href=\"https:\/\/www.vosgesmatin.fr\/politique\/2025\/07\/26\/president-de-l-agglo-ancien-depute-maire-d-epinal-michel-heinrich-recoit-la-legion-d-honneur-des-mains-d-arnaud-teyssier\" target=\"_blank\" rel=\"noopener\">Michel Heinrich,<\/a> pr\u00e9sident de la F\u00e9d\u00e9ration nationale des SCoT et de la\u00a0communaut\u00e9 d\u2019agglom\u00e9ration d\u2019\u00c9pinal. L\u2019objectif \u00ab\u00a0z\u00e9ro artificialisation peut faire l\u00e9gitiment peur\u00a0\u00bb.<\/p>\n<p><a href=\"https:\/\/www.vosgesmatin.fr\/economie\/2023\/06\/15\/congres-national-de-la-ffb-a-nancy-le-batiment-au-bord-d-une-nouvelle-crise\" target=\"_blank\" rel=\"noopener\">Daniel Cerutti,<\/a> Xavier Dereeper, <a href=\"https:\/\/www.vosgesmatin.fr\/faits-divers-justice\/2025\/06\/29\/vols-de-materiel-btp-nos-chantiers-sont-devenus-des-supermarches-explique-xavier-dorado\" target=\"_blank\" rel=\"noopener\">Xavier Dorado,<\/a> Henri Hasser et Michel Heinrich entendent faire converger les logiques \u00ab\u00a0publiques et priv\u00e9es par le dialogue\u00a0\u00bb. \u00c0 travers cette alliance, les signataires s\u2019engagent \u00e0 favoriser la coop\u00e9ration, car \u00ab\u00a0le r\u00e9chauffement climatique, c\u2019est localement qu\u2019on arrivera \u00e0 le piloter\u00a0\u00bb. Une mani\u00e8re concr\u00e8te d\u2019adapter les politiques d\u2019urbanisme, d\u2019habitat et de mobilit\u00e9 aux enjeux \u00e9cologiques et \u00e9conomiques contemporains.<\/p>\n","protected":false},"excerpt":{"rendered":"C\u2019est une initiative ambitieuse qui s\u2019est scell\u00e9e ce 12\u00a0septembre \u00e0 \u00c9pinal. \u00c0 l\u2019invitation de la F\u00e9d\u00e9ration du BTP&hellip;\n","protected":false},"author":2,"featured_media":388403,"comment_status":"","ping_status":"","sticky":false,"template":"","format":"standard","meta":{"footnotes":""},"categories":[9635],"tags":[1111,11,4749,130,33,1796,1797,1798,1799,341,893,436,778,19336,1777,674,107,1011,27,775,9588,693,1702,12,25,767,801,216,774],"class_list":{"0":"post-388402","1":"post","2":"type-post","3":"status-publish","4":"format-standard","5":"has-post-thumbnail","7":"category-nancy","8":"tag-actu","9":"tag-actualites","10":"tag-btp-et-chantiers","11":"tag-consommation","12":"tag-economie","13":"tag-edition-epinal","14":"tag-edition-la-plaine","15":"tag-edition-remiremont-gerardmer","16":"tag-edition-saint-die","17":"tag-emploi","18":"tag-energie","19":"tag-environnement","20":"tag-epinal","21":"tag-epinal-ville-88a","22":"tag-eu","23":"tag-europe","24":"tag-fil-info","25":"tag-fr","26":"tag-france","27":"tag-grand-est","28":"tag-ici-on-agit","29":"tag-industrie","30":"tag-nancy","31":"tag-news","32":"tag-republique-francaise","33":"tag-science-et-technologie","34":"tag-social","35":"tag-vie-des-entreprises","36":"tag-vosges"},"share_on_mastodon":{"url":"https:\/\/pubeurope.com\/@fr\/115198278095443296","error":""},"_links":{"self":[{"href":"https:\/\/www.europesays.com\/fr\/wp-json\/wp\/v2\/posts\/388402","targetHints":{"allow":["GET"]}}],"collection":[{"href":"https:\/\/www.europesays.com\/fr\/wp-json\/wp\/v2\/posts"}],"about":[{"href":"https:\/\/www.europesays.com\/fr\/wp-json\/wp\/v2\/types\/post"}],"author":[{"embeddable":true,"href":"https:\/\/www.europesays.com\/fr\/wp-json\/wp\/v2\/users\/2"}],"replies":[{"embeddable":true,"href":"https:\/\/www.europesays.com\/fr\/wp-json\/wp\/v2\/comments?post=388402"}],"version-history":[{"count":0,"href":"https:\/\/www.europesays.com\/fr\/wp-json\/wp\/v2\/posts\/388402\/revisions"}],"wp:featuredmedia":[{"embeddable":true,"href":"https:\/\/www.europesays.com\/fr\/wp-json\/wp\/v2\/media\/388403"}],"wp:attachment":[{"href":"https:\/\/www.europesays.com\/fr\/wp-json\/wp\/v2\/media?parent=388402"}],"wp:term":[{"taxonomy":"category","embeddable":true,"href":"https:\/\/www.europesays.com\/fr\/wp-json\/wp\/v2\/categories?post=388402"},{"taxonomy":"post_tag","embeddable":true,"href":"https:\/\/www.europesays.com\/fr\/wp-json\/wp\/v2\/tags?post=388402"}],"curies":[{"name":"wp","href":"https:\/\/api.w.org\/{rel}","templated":true}]}}