{"id":388406,"date":"2025-09-13T17:58:12","date_gmt":"2025-09-13T17:58:12","guid":{"rendered":"https:\/\/www.europesays.com\/fr\/388406\/"},"modified":"2025-09-13T17:58:12","modified_gmt":"2025-09-13T17:58:12","slug":"toulon-a-sainte-musse-prevenir-les-cancers-gynecologiques-pour-mieux-les-combattre","status":"publish","type":"post","link":"https:\/\/www.europesays.com\/fr\/388406\/","title":{"rendered":"TOULON : A Sainte-Musse, pr\u00e9venir les cancers gyn\u00e9cologiques pour mieux les combattre"},"content":{"rendered":"<p style=\"text-align: left;\"><strong>Chaque ann\u00e9e, Septembre turquoise rappelle l\u2019importance du d\u00e9pistage et de la pr\u00e9vention des cancers gyn\u00e9cologiques.<\/strong><\/p>\n<p style=\"text-align: left;\">\u00c0 Toulon, l\u2019h\u00f4pital Sainte-Musse s\u2019est mobilis\u00e9 jeudi 11 septembre avec un stand d\u2019information tenu par ses \u00e9quipes m\u00e9dicales et param\u00e9dicales. Objectif : sensibiliser le grand public, mais aussi les professionnels de sant\u00e9, \u00e0 des cancers souvent m\u00e9connus et pourtant redoutables.<\/p>\n<p style=\"text-align: left;\"><strong>Des cancers moins connus que le sein<\/strong><\/p>\n<p style=\"text-align: left;\">Lorsque l\u2019on parle de cancer f\u00e9minin, le premier qui vient \u00e0 l\u2019esprit est celui du sein, tr\u00e8s m\u00e9diatis\u00e9 en octobre gr\u00e2ce \u00e0 la campagne nationale Octobre rose. Pourtant, d\u2019autres cancers touchent sp\u00e9cifiquement l\u2019appareil g\u00e9nital f\u00e9minin : col de l\u2019ut\u00e9rus, ut\u00e9rus, vagin, endom\u00e8tre, ovaires et vulve.<\/p>\n<p style=\"text-align: left;\">\u00ab Ils sont moins fr\u00e9quents que le cancer du sein, mais ils n\u2019en sont pas moins graves \u00bb, rappelle une gyn\u00e9cologue de l\u2019h\u00f4pital. \u00ab Le cancer du col de l\u2019ut\u00e9rus, par exemple, concerne des femmes jeunes, d\u00e8s l\u2019\u00e2ge de 25 ans. Quant au cancer de l\u2019ovaire, il reste l\u2019un des plus difficiles \u00e0 d\u00e9tecter, souvent diagnostiqu\u00e9 tardivement, chez des patientes de plus de 70 ans. \u00bb<\/p>\n<p style=\"text-align: left;\"><strong>Le d\u00e9pistage sauve des vies<\/strong><\/p>\n<p style=\"text-align: left;\">Le message d\u00e9livr\u00e9 au public est clair : la vigilance et la r\u00e9gularit\u00e9 des examens sont essentielles.<\/p>\n<p style=\"text-align: left;\">\u2013 Col de l\u2019ut\u00e9rus : un d\u00e9pistage est recommand\u00e9 \u00e0 partir de 25 ans, puis \u00e0 intervalles r\u00e9guliers. Une simple consultation tous les deux ans chez un gyn\u00e9cologue ou une sage-femme permet de rep\u00e9rer pr\u00e9cocement les anomalies.<\/p>\n<p style=\"text-align: left;\">\u2013 Vulve et vagin : ces cancers plus rares peuvent \u00eatre d\u00e9pist\u00e9s lors du m\u00eame suivi gyn\u00e9cologique.<\/p>\n<p style=\"text-align: left;\">\u2013 Ovaire : faute de test de d\u00e9pistage syst\u00e9matique, l\u2019examen clinique, compl\u00e9t\u00e9 d\u2019une \u00e9chographie si n\u00e9cessaire, reste indispensable.<\/p>\n<p style=\"text-align: left;\">\u2013 Endom\u00e8tre : il pr\u00e9sente souvent des sympt\u00f4mes rapidement identifiables. \u00ab Tout saignement apr\u00e8s la m\u00e9nopause doit alerter et conduire \u00e0 une consultation \u00bb, insistent les m\u00e9decins.<\/p>\n<p style=\"text-align: left;\"><strong>La pr\u00e9vention passe aussi par la vaccination<\/strong><\/p>\n<p style=\"text-align: left;\">Grande avanc\u00e9e de ces derni\u00e8res ann\u00e9es : la vaccination contre le papillomavirus (HPV), principal responsable du cancer du col de l\u2019ut\u00e9rus. Elle est d\u00e9sormais recommand\u00e9e pour les jeunes filles et gar\u00e7ons d\u00e8s l\u2019adolescence. \u00ab C\u2019est aujourd\u2019hui le seul vaccin capable de pr\u00e9venir un cancer. C\u2019est une chance qu\u2019il faut saisir \u00bb, souligne une sage-femme du centre hospitalier.<\/p>\n<p style=\"text-align: left;\"><strong>Un r\u00e9seau de soins complet et coordonn\u00e9<\/strong><\/p>\n<p style=\"text-align: left;\">Au-del\u00e0 de l\u2019information, l\u2019h\u00f4pital Sainte-Musse se positionne comme un acteur majeur de la prise en charge. Centre de d\u00e9pistage, il s\u2019inscrit dans un r\u00e9seau r\u00e9gional organis\u00e9 avec Nice et Marseille, permettant d\u2019offrir une prise en charge rapide et multidisciplinaire, quel que soit le cancer concern\u00e9. \u00ab Nous avons aujourd\u2019hui les moyens techniques et humains pour accompagner nos patientes du diagnostic jusqu\u2019au traitement \u00bb, pr\u00e9cise un oncologue.<\/p>\n<p style=\"text-align: left;\"><strong>Briser les tabous et parler<\/strong><\/p>\n<p style=\"text-align: left;\">Les soignants insistent sur un dernier point : l\u2019importance de parler de ces maladies encore entour\u00e9es de silence. \u00ab Certaines femmes h\u00e9sitent \u00e0 consulter par pudeur ou par peur. Pourtant, plus un cancer est d\u00e9tect\u00e9 t\u00f4t, plus les chances de gu\u00e9rison augmentent \u00bb, rappellent-ils.<\/p>\n","protected":false},"excerpt":{"rendered":"Chaque ann\u00e9e, Septembre turquoise rappelle l\u2019importance du d\u00e9pistage et de la pr\u00e9vention des cancers gyn\u00e9cologiques. \u00c0 Toulon, l\u2019h\u00f4pital&hellip;\n","protected":false},"author":2,"featured_media":388407,"comment_status":"","ping_status":"","sticky":false,"template":"","format":"standard","meta":{"footnotes":""},"categories":[9619],"tags":[1111,11,1777,674,1011,27,12,882,25,2310],"class_list":{"0":"post-388406","1":"post","2":"type-post","3":"status-publish","4":"format-standard","5":"has-post-thumbnail","7":"category-toulon","8":"tag-actu","9":"tag-actualites","10":"tag-eu","11":"tag-europe","12":"tag-fr","13":"tag-france","14":"tag-news","15":"tag-provence-alpes-cote-dazur","16":"tag-republique-francaise","17":"tag-toulon"},"share_on_mastodon":{"url":"https:\/\/pubeurope.com\/@fr\/115198289797743060","error":""},"_links":{"self":[{"href":"https:\/\/www.europesays.com\/fr\/wp-json\/wp\/v2\/posts\/388406","targetHints":{"allow":["GET"]}}],"collection":[{"href":"https:\/\/www.europesays.com\/fr\/wp-json\/wp\/v2\/posts"}],"about":[{"href":"https:\/\/www.europesays.com\/fr\/wp-json\/wp\/v2\/types\/post"}],"author":[{"embeddable":true,"href":"https:\/\/www.europesays.com\/fr\/wp-json\/wp\/v2\/users\/2"}],"replies":[{"embeddable":true,"href":"https:\/\/www.europesays.com\/fr\/wp-json\/wp\/v2\/comments?post=388406"}],"version-history":[{"count":0,"href":"https:\/\/www.europesays.com\/fr\/wp-json\/wp\/v2\/posts\/388406\/revisions"}],"wp:featuredmedia":[{"embeddable":true,"href":"https:\/\/www.europesays.com\/fr\/wp-json\/wp\/v2\/media\/388407"}],"wp:attachment":[{"href":"https:\/\/www.europesays.com\/fr\/wp-json\/wp\/v2\/media?parent=388406"}],"wp:term":[{"taxonomy":"category","embeddable":true,"href":"https:\/\/www.europesays.com\/fr\/wp-json\/wp\/v2\/categories?post=388406"},{"taxonomy":"post_tag","embeddable":true,"href":"https:\/\/www.europesays.com\/fr\/wp-json\/wp\/v2\/tags?post=388406"}],"curies":[{"name":"wp","href":"https:\/\/api.w.org\/{rel}","templated":true}]}}