{"id":388408,"date":"2025-09-13T17:59:13","date_gmt":"2025-09-13T17:59:13","guid":{"rendered":"https:\/\/www.europesays.com\/fr\/388408\/"},"modified":"2025-09-13T17:59:13","modified_gmt":"2025-09-13T17:59:13","slug":"qui-est-le-sdf-decede-sur-lesplanade-charles-de-gaulle-une-autopsie-ordonnee","status":"publish","type":"post","link":"https:\/\/www.europesays.com\/fr\/388408\/","title":{"rendered":"qui est le SDF d\u00e9c\u00e9d\u00e9 sur l&rsquo;Esplanade Charles-de-Gaulle ? Une autopsie ordonn\u00e9e"},"content":{"rendered":"<p>            Par<br \/>\n        <strong><br \/>\n            <a href=\"https:\/\/actu.fr\/auteur\/jm-aubert\" title=\"Consulter tous les articles de Jean-Marc Aubert\" target=\"_blank\" rel=\"noopener\">Jean-Marc Aubert<\/a><br \/>\n        <\/strong><\/p>\n<p>        Publi\u00e9 le<\/p>\n<p>            13 sept. 2025 \u00e0 19h03<br \/>\n        ; mis \u00e0 jour le 13 sept. 2025 \u00e0 19h12    <\/p>\n<p>Un <strong>SDF<\/strong> est d\u00e9c\u00e9d\u00e9 ce vendredi 12 septembre 2025 apr\u00e8s-midi, allong\u00e9 sur un muret de l\u2019Esplanade Charles-de-Gaulle, \u00e0 <strong>Montpellier.<\/strong> Une autopsie a \u00e9t\u00e9 ordonn\u00e9e.<\/p>\n<p class=\" wall-content\">Il \u00e9tait 16h50, ce vendredi, quand un passant a donn\u00e9 l\u2019alerte : un homme allong\u00e9 sur un muret de l\u2019Esplanade Charles-de-Gaulle, au niveau du square abritant le jardin d\u2019enfants et du kiosque Bosc, \u00e9tait inanim\u00e9. Dans un premier temps, il a cru qu\u2019il dormait.<\/p>\n<p>    <a href=\"https:\/\/www.google.com\/maps\/embed?pb=!1m18!1m12!1m3!1d2829.355509013644!2d3.878462236353651!3d43.61057982773412!2m3!1f0!2f0!3f0!3m2!1i1024!2i768!4f13.1!3m3!1m2!1s0x12b6af0a123b5909%3A0x5b07f4e0efeabe1e!2sEsplanade%20Charles-de-Gaulle!5e0!3m2!1sfr!2sfr!4v1757777641518!5m2!1sfr!2sfr\" title=\"Ouvrie le lien\" target=\"_blank\" rel=\"noopener\">Cliquez ici pour visualiser le contenu<\/a><\/p>\n<p class=\" wall-content\">Avant l\u2019arriv\u00e9e des sapeurs-pompiers du<strong> Sdis 34<\/strong> et d\u2019un \u00e9quipage du <strong>Smur-Samu<\/strong> d\u00e9p\u00each\u00e9 du CHU, des CRS en faction non loin, puis des policiers municipaux ont accouru pour prodiguer les premiers soins d\u2019urgence. Des tentatives de r\u00e9animation ont \u00e9t\u00e9 r\u00e9alis\u00e9es.<\/p>\n<p class=\" wall-content\">Derri\u00e8re des draps pour \u00e9viter que les passants et les enfants du parc n\u2019assistent \u00e0 la sc\u00e8ne, les pompiers et le Samu ont pris le relai pour tenter de le r\u00e9animer, car le SDF se trouvait en arr\u00eat cardio-respiratoire. En vain, il a \u00e9t\u00e9 d\u00e9clar\u00e9 d\u00e9c\u00e9d\u00e9 sur place vers 18h.<\/p>\n<p>Vid\u00e9os : en ce moment sur Actu<img decoding=\"async\" loading=\"lazy\" src=\"https:\/\/www.europesays.com\/fr\/wp-content\/uploads\/2025\/09\/0-93-4-960x640.jpeg\" alt=\"Les sapeurs-pompiers et le Smur-Samu sont intervenus ce samedi sur l'Esplanade\" width=\"960\" height=\"640\"\/>Les sapeurs-pompiers et le Smur-Samu sont intervenus ce vendredi sur l\u2019Esplanade (\u00a9M\u00e9tropolitain)<\/p>\n<p class=\" wall-content\">La victime, \u00e2g\u00e9e d\u2019une quarantaine d\u2019ann\u00e9es \u00e9tait d\u00e9pourvue de pi\u00e8ce d\u2019identit\u00e9, mais des SDFs qui le connaissaient ont livr\u00e9 l\u2019\u00e9tat-civil d\u2019un homme de 38 ans n\u00e9 en Martinique, qui pourrait correspondre \u00e0 la victime. Des v\u00e9rifications sont en cours au <strong>Service local de police judiciaire<\/strong> -SLPJ- pour \u00e9tablir s\u2019il s\u2019agit ou non de ce trentenaire.<\/p>\n<p>Votre r\u00e9gion, votre actu !<\/p>\n<p>Recevez chaque jour les infos qui comptent pour vous.<\/p>\n<p>\t<a href=\"https:\/\/actu.fr\/newsletter\" class=\"ac-btn ac-btn--corner ac-btn--medium ac-btn--blue800\" target=\"_blank\" rel=\"noopener\">S&rsquo;incrire<\/a><\/p>\n<p class=\" wall-content\">Le m\u00e9decin du Samu ayant dress\u00e9 un obstacle m\u00e9dico-l\u00e9gal, m\u00eame si le corps ne pr\u00e9sentait pas de traces suspectes -coups, plaies \u00e0 l\u2019arme blanche ou \u00e0 l\u2019arme \u00e0 feu- sur le corps, une autopsie va \u00eatre pratiqu\u00e9e la semaine prochaine au D\u00e9partement de m\u00e9decine l\u00e9gale de l\u2019h\u00f4pital Lapeyronie, le procureur de la R\u00e9publique de Montpellier ayant ouvert une enqu\u00eate pour \u00ab\u00a0recherche des causes de la mort\u00a0\u00bb, men\u00e9e au commissariat central. Une crise cardiaque n\u2019est pas exclue.<\/p>\n<p class=\" wall-content\">Personnalisez votre actualit\u00e9 en ajoutant vos villes et m\u00e9dias en favori avec <a href=\"https:\/\/moncompte.actu.fr\" title=\"D\u00e9couvez Mon Actu\" rel=\"nofollow noopener\" data-trk=\"{&quot;cta&quot;:{&quot;action&quot;:&quot;https:\\\/\\\/moncompte.actu.fr&quot;,&quot;category&quot;:&quot;mon compte&quot;,&quot;from&quot;:&quot;article footer&quot;,&quot;name&quot;:&quot;Mon actu&quot;,&quot;type&quot;:&quot;cta&quot;}}\" target=\"_blank\">Mon Actu<\/a>.<\/p>\n","protected":false},"excerpt":{"rendered":"Par Jean-Marc Aubert Publi\u00e9 le 13 sept. 2025 \u00e0 19h03 ; mis \u00e0 jour le 13 sept. 2025&hellip;\n","protected":false},"author":2,"featured_media":388409,"comment_status":"","ping_status":"","sticky":false,"template":"","format":"standard","meta":{"footnotes":""},"categories":[9599],"tags":[1111,11,15154,1777,674,118,1011,27,2208,12,2680,1072,1311,25],"class_list":{"0":"post-388408","1":"post","2":"type-post","3":"status-publish","4":"format-standard","5":"has-post-thumbnail","7":"category-montpellier","8":"tag-actu","9":"tag-actualites","10":"tag-chu-de-montpellier","11":"tag-eu","12":"tag-europe","13":"tag-faits-divers","14":"tag-fr","15":"tag-france","16":"tag-montpellier","17":"tag-news","18":"tag-occitanie","19":"tag-police","20":"tag-pompiers","21":"tag-republique-francaise"},"share_on_mastodon":{"url":"https:\/\/pubeurope.com\/@fr\/115198294126486655","error":""},"_links":{"self":[{"href":"https:\/\/www.europesays.com\/fr\/wp-json\/wp\/v2\/posts\/388408","targetHints":{"allow":["GET"]}}],"collection":[{"href":"https:\/\/www.europesays.com\/fr\/wp-json\/wp\/v2\/posts"}],"about":[{"href":"https:\/\/www.europesays.com\/fr\/wp-json\/wp\/v2\/types\/post"}],"author":[{"embeddable":true,"href":"https:\/\/www.europesays.com\/fr\/wp-json\/wp\/v2\/users\/2"}],"replies":[{"embeddable":true,"href":"https:\/\/www.europesays.com\/fr\/wp-json\/wp\/v2\/comments?post=388408"}],"version-history":[{"count":0,"href":"https:\/\/www.europesays.com\/fr\/wp-json\/wp\/v2\/posts\/388408\/revisions"}],"wp:featuredmedia":[{"embeddable":true,"href":"https:\/\/www.europesays.com\/fr\/wp-json\/wp\/v2\/media\/388409"}],"wp:attachment":[{"href":"https:\/\/www.europesays.com\/fr\/wp-json\/wp\/v2\/media?parent=388408"}],"wp:term":[{"taxonomy":"category","embeddable":true,"href":"https:\/\/www.europesays.com\/fr\/wp-json\/wp\/v2\/categories?post=388408"},{"taxonomy":"post_tag","embeddable":true,"href":"https:\/\/www.europesays.com\/fr\/wp-json\/wp\/v2\/tags?post=388408"}],"curies":[{"name":"wp","href":"https:\/\/api.w.org\/{rel}","templated":true}]}}