{"id":388410,"date":"2025-09-13T18:00:16","date_gmt":"2025-09-13T18:00:16","guid":{"rendered":"https:\/\/www.europesays.com\/fr\/388410\/"},"modified":"2025-09-13T18:00:16","modified_gmt":"2025-09-13T18:00:16","slug":"aviron-bayonnais-il-faut-oser-plus-et-aller-forcer-chaque-victoire-les-declarations-apres-montpellier","status":"publish","type":"post","link":"https:\/\/www.europesays.com\/fr\/388410\/","title":{"rendered":"Aviron Bayonnais\u00a0: \u00ab\u00a0Il faut oser plus et aller forcer chaque victoire\u00a0\u00bb, les d\u00e9clarations apr\u00e8s Montpellier"},"content":{"rendered":"<p>Apr\u00e8s la victoire de l&rsquo;Aviron Bayonnais contre Montpellier (26-23) ce samedi 13 septembre, pour le compte de la 2e journ\u00e9e de Top 14, retrouvez les r\u00e9actions d&rsquo;Arnaud Erbinartegaray, XXX, Gr\u00e9gory Patat et Joan Caudullo.<\/p>\n<p>Une victoire pour confirmer. Apr\u00e8s son succ\u00e8s inaugural \u00e0 Perpignan (19-26),\u00a0<a class=\"IciLink ici-link IciArticleLink g-ici-body-regular-1 underline brand svelte-lu7k6w\" href=\"https:\/\/www.francebleu.fr\/personnes\/aviron-bayonnais\" rel=\"nofollow noopener\" target=\"_blank\">l&rsquo;Aviron Bayonnais<\/a>\u00a0encha\u00eene pour sa\u00a0<a class=\"IciLink ici-link IciArticleLink g-ici-body-regular-1 underline brand svelte-lu7k6w\" href=\"https:\/\/www.francebleu.fr\/sports\/rugby\/en-direct-top-14-suivez-le-match-aviron-bayonnais-montpellier-commente-en-integralite-8860385\" rel=\"nofollow noopener\" target=\"_blank\">premi\u00e8re \u00e0 domicile contre Montpellier (26-23)<\/a>\u00a0ce samedi 13 septembre, dans le cadre de la 2\u1d49 journ\u00e9e de <a class=\"IciLink ici-link IciArticleLink g-ici-body-regular-1 underline brand svelte-lu7k6w\" href=\"https:\/\/www.francebleu.fr\/theme\/rugby-top-14\" rel=\"nofollow noopener\" target=\"_blank\">Top 14<\/a>. Retrouvez les r\u00e9actions d&rsquo;Arnaud Erbinartegaray, Baptiste H\u00e9guy, Gr\u00e9gory Patat, ainsi que celle du manager h\u00e9raultais Joan Caudullo.<\/p>\n<p>Arnaud Erbinartegaray (joueur de Bayonne) :<\/p>\n<p>\u00ab\u00a0\u00c7a fait plaisir pour une 50\u1d49 au club de gagner, de l\u2019emporter \u00e0 la maison, dans la continuit\u00e9 de la semaine derni\u00e8re. Montpellier est une grosse \u00e9quipe, costaude. On s\u2019est mis un peu le feu aujourd\u2019hui, mais finalement, on s\u2019en sort donc, contents du r\u00e9sultat. La seconde mi-temps a \u00e9t\u00e9 beaucoup moins aboutie que la premi\u00e8re. On n\u2019a pas fait ce qu\u2019on s\u2019\u00e9tait dit \u00e0 la mi-temps et avant le match. \u00ab\u00a0On a confiance en notre rugby. Maintenant, on sait que si on joue notre rugby, on est performant. On se fait une frayeur encore une fois, mais voil\u00e0, aujourd&rsquo;hui, on retient quand m\u00eame la victoire et l\u2019essentiel est assur\u00e9. Je pense qu\u2019il va falloir travailler sur la gestion des temps faibles pour les prochains matchs. On a des gros rendez-vous qui nous attendent, il faut qu\u2019on ma\u00eetrise davantage nos possessions.\u00a0\u00bb<\/p>\n<p>Baptiste H\u00e9guy (joueur de Bayonne) :<\/p>\n<p>\u00ab\u00a0Content parce qu\u2019on confirme avec cette victoire. \u00c7a a \u00e9t\u00e9 tendu entre la 40e et l\u2019heure de jeu, on perd un peu le momentum\u2026 \u00c0 ce moment-l\u00e0 on est en difficult\u00e9 avec notre conqu\u00eate, on a perdu nos ballons, ils nous ont mis sous pression et derri\u00e8re, on a fait des fautes. Mais on est rest\u00e9s solidaires et on a r\u00e9ussi \u00e0 garder le contr\u00f4le. On a eu une bonne d\u00e9fense en premi\u00e8re mi-temps et aussi en fin de seconde, on fait moins de fautes, ce qui nous permet de rester \u00e0 trois points de distance.\u00a0\u00bb<\/p>\n<p>\u00ab\u00a0150 matchs, c\u2019est une fiert\u00e9. Le club continue \u00e0 me faire confiance, \u00e0 me faire jouer. J&rsquo;esp\u00e8re en faire d&rsquo;autres et passer un nouveau cap dans les ann\u00e9es \u00e0 venir. Il faudra bien pr\u00e9parer le match contre Castres. On a souvent eu de grosses d\u00e9sillusions l\u00e0-bas, il faudra faire un match s\u00e9rieux. Beaucoup ont enchain\u00e9 en ce d\u00e9but de saison. C\u2019est important de faire tourner et cr\u00e9er une coh\u00e9sion dans l\u2019\u00e9quipe malgr\u00e9 le turn-over.\u00a0\u00bb<\/p>\n<p>loading<\/p>\n<p>Gr\u00e9gory Patat (entraineur de Bayonne) :<\/p>\n<p>\u00ab\u00a0C&rsquo;est ce qui compte, ce sont les huit points. Bien s\u00fbr, le contenu du match, on peut en reparler. Il y a beaucoup de choses \u00e0 redire, mais aujourd&rsquo;hui, on a deux victoires apr\u00e8s la J2, donc on va les prendre. On doit bien analyser ce match pour continuer \u00e0 avancer, mais les victoires, on les prend. On se fait peur, mais le plan au d\u00e9but de match, c&rsquo;\u00e9tait d&rsquo;imposer notre jeu. On l&rsquo;a fait en pointill\u00e9s sur cette premi\u00e8re mi-temps. On l&rsquo;a fait en d\u00e9but de seconde mi-temps, mais \u00e0 la 50\u1d49, on s&rsquo;est arr\u00eat\u00e9 apr\u00e8s cette p\u00e9nalit\u00e9 pour m\u00eal\u00e9e. L\u00e0, on a perdu la ma\u00eetrise du match.\u00a0\u00bb<\/p>\n<p>\u00ab\u00a0La derni\u00e8re m\u00eal\u00e9e \u00e0 la 50\u1d49, c&rsquo;est vraiment le r\u00e9sum\u00e9 de notre match. On prend la m\u00eal\u00e9e, une fois, deux fois, trois fois et finalement les trois points. On n&rsquo;a pas os\u00e9 aller chercher la victoire. Il faut oser plus, aller provoquer, aller chercher cette \u00e2me suppl\u00e9mentaire, et ce public. Il faut que l&rsquo;\u00e9quipe se mette en t\u00eate que chaque victoire doit \u00eatre conquise, et \u00e7a commence par des actions audacieuses, pas seulement en jouant la s\u00e9curit\u00e9. Aujourd&rsquo;hui, on \u00e9tait vraiment borderline par rapport \u00e0 ce qu&rsquo;on attend d&rsquo;une grande \u00e9quipe. Il y a eu beaucoup de questionnements, de doutes sur comment jouer, comment sortir les ballons. Ce qu&rsquo;il faut, c&rsquo;est s&rsquo;aligner, \u00eatre plus d\u00e9termin\u00e9s, et prendre plus de risques quand c&rsquo;est n\u00e9cessaire.\u00a0\u00bb<\/p>\n<p>\u00ab\u00a0Emerick (Setiano) se sentait bien, il faut le f\u00e9liciter, car il est rest\u00e9 80 minutes et pour un pilier droit, c&rsquo;est rare, c\u2019est fort. C&rsquo;\u00e9tait difficile, mais il a bien tenu. On sait qu&rsquo;on pourrait en payer le prix plus tard. Andy (Bordelai), je le sens revenu dans de bonnes dispositions. C\u2019est quelqu\u2019un qui a connu pas mal de frustration la saison derni\u00e8re avec une blessure au mollet. L\u00e0, il est beaucoup plus lib\u00e9r\u00e9 et a pris confiance dans ce Top 14. Aujourd&rsquo;hui, ce qu&rsquo;il nous a montr\u00e9 nous rassure, et il a \u00e9t\u00e9 performant dans chaque relance de jeu des avants.\u00a0\u00bb<\/p>\n<p>\u00ab\u00a0La rotation sera faite \u00e0 Castres. C&rsquo;est le moment o\u00f9 on rentre dans un cycle de trois semaines, donc il est crucial de faire tourner l\u2019\u00e9quipe pour maintenir l&rsquo;\u00e9nergie. J&rsquo;esp\u00e8re que les joueurs vont s&rsquo;am\u00e9liorer physiquement, car certains ont montr\u00e9 des signes de fatigue apr\u00e8s Perpignan. On va travailler sur cette pr\u00e9paration physique pour maintenir notre intensit\u00e9.\u00a0\u00bb<\/p>\n<p>Joan Caudullo (manager de Montpellier) :<\/p>\n<p>\u00ab\u00a0On manque de discipline. On fait quinze fautes, je crois, sur le match, alors qu\u2019eux en font beaucoup moins, \u00e0 neuf. Donc \u00e7a se joue l\u00e0 \u00e0 l\u2019ext\u00e9rieur. J&rsquo;ai eu la sensation que vers l\u2019heure de jeu, on passait devant physiquement, on \u00e9tait meilleur. Malheureusement, \u00e7a ne s&rsquo;est vu finalement au tableau d&rsquo;affichage. Mais \u00e7a fait chier, parce que j&rsquo;ai la sensation que nous, on a mis les ingr\u00e9dients pour gagner ce match. On n&rsquo;est pas pass\u00e9 loin, on fait une faute b\u00eate. Je ne peux pas me satisfaire d\u2019une d\u00e9faite, surtout quand on pense qu\u2019on peut gagner ce match. C&rsquo;est dommage, parce qu&rsquo;on repart avec un point de bonus d\u00e9fensif, et il faut qu\u2019on avance au classement pour atteindre nos objectifs.\u00a0\u00bb<\/p>\n<p>\u00c0 lire aussi   <img decoding=\"async\" src=\"https:\/\/www.europesays.com\/fr\/wp-content\/uploads\/2025\/09\/1757786412_812_560x315\" alt=\"Emerick Setiano entamera le 2e match contre Montpellier\" style=\"--_image-preview:url('data:image\/jpeg;base64,\/9j\/2wBDACgcHiMeGSgjISMtKygwPGRBPDc3PHtYXUlkkYCZlo+AjIqgtObDoKrarYqMyP\/L2u71\/\/\/\/m8H\/\/\/\/6\/+b9\/\/j\/2wBDASstLTw1PHZBQXb4pYyl+Pj4+Pj4+Pj4+Pj4+Pj4+Pj4+Pj4+Pj4+Pj4+Pj4+Pj4+Pj4+Pj4+Pj4+Pj4+Pj4+Pj\/wAARCAAXACoDASIAAhEBAxEB\/8QAFwABAQEBAAAAAAAAAAAAAAAAAAIDBP\/EABgQAQEBAQEAAAAAAAAAAAAAAAACARES\/8QAFgEBAQEAAAAAAAAAAAAAAAAAAQAC\/8QAFBEBAAAAAAAAAAAAAAAAAAAAAP\/aAAwDAQACEQMRAD8A6cN0RWtMm6nqapPpFri2U6voKqZXoIMapHoEmkU16AL\/2Q==');\" loading=\"lazy\" fetchpriority=\"low\" aria-hidden=\"true\" class=\"svelte-1pnmlwx rounded\" onload=\"this.__e=event\" onerror=\"this.__e=event\"\/>\u00c0 \u00e9couter aussi   <img decoding=\"async\" src=\"https:\/\/www.europesays.com\/fr\/wp-content\/uploads\/2025\/09\/1757588532_668_560x315\" alt=\"Baptiste Erdocio lors du rassemblement de l'\u00e9quipe de France \u00e0 Auckland en juin dernier\" style=\"--_image-preview:url('data:image\/jpeg;base64,\/9j\/2wBDACgcHiMeGSgjISMtKygwPGRBPDc3PHtYXUlkkYCZlo+AjIqgtObDoKrarYqMyP\/L2u71\/\/\/\/m8H\/\/\/\/6\/+b9\/\/j\/2wBDASstLTw1PHZBQXb4pYyl+Pj4+Pj4+Pj4+Pj4+Pj4+Pj4+Pj4+Pj4+Pj4+Pj4+Pj4+Pj4+Pj4+Pj4+Pj4+Pj4+Pj\/wAARCAAXACoDASIAAhEBAxEB\/8QAFwABAQEBAAAAAAAAAAAAAAAAAgABA\/\/EABcQAQEBAQAAAAAAAAAAAAAAAAABAhH\/xAAWAQEBAQAAAAAAAAAAAAAAAAABAAL\/xAAUEQEAAAAAAAAAAAAAAAAAAAAA\/9oADAMBAAIRAxEAPwDhKXXHNOVklQ020dUoKJUUlmukqSLejakQFrOpBP\/Z');\" loading=\"lazy\" fetchpriority=\"low\" aria-hidden=\"true\" class=\"svelte-1pnmlwx rounded\" onload=\"this.__e=event\" onerror=\"this.__e=event\"\/>\u00c0 lire aussi   <img decoding=\"async\" src=\"https:\/\/www.europesays.com\/fr\/wp-content\/uploads\/2025\/09\/1757588531_475_560x315\" alt=\"Tom Spring, invit\u00e9 de 100% Rugby ce lundi\" style=\"--_image-preview:url('data:image\/jpeg;base64,\/9j\/2wBDACgcHiMeGSgjISMtKygwPGRBPDc3PHtYXUlkkYCZlo+AjIqgtObDoKrarYqMyP\/L2u71\/\/\/\/m8H\/\/\/\/6\/+b9\/\/j\/2wBDASstLTw1PHZBQXb4pYyl+Pj4+Pj4+Pj4+Pj4+Pj4+Pj4+Pj4+Pj4+Pj4+Pj4+Pj4+Pj4+Pj4+Pj4+Pj4+Pj4+Pj\/wAARCAAXACoDASIAAhEBAxEB\/8QAGAAAAwEBAAAAAAAAAAAAAAAAAAEDAgT\/xAAXEAEBAQEAAAAAAAAAAAAAAAAAAQIR\/8QAFwEBAQEBAAAAAAAAAAAAAAAAAgEAA\/\/EABURAQEAAAAAAAAAAAAAAAAAAAAB\/9oADAMBAAIRAxEAPwCmY3CkaNGanpWxPUaVk6XTsIkdUMAKsFjGoAMVOxngDpBf\/9k=');\" loading=\"lazy\" fetchpriority=\"low\" aria-hidden=\"true\" class=\"svelte-1pnmlwx rounded\" onload=\"this.__e=event\" onerror=\"this.__e=event\"\/> <\/p>\n<p>loading<\/p>\n","protected":false},"excerpt":{"rendered":"Apr\u00e8s la victoire de l&rsquo;Aviron Bayonnais contre Montpellier (26-23) ce samedi 13 septembre, pour le compte de la&hellip;\n","protected":false},"author":2,"featured_media":388411,"comment_status":"","ping_status":"","sticky":false,"template":"","format":"standard","meta":{"footnotes":""},"categories":[9599],"tags":[1111,11,1777,674,1011,27,2208,12,2680,25],"class_list":{"0":"post-388410","1":"post","2":"type-post","3":"status-publish","4":"format-standard","5":"has-post-thumbnail","7":"category-montpellier","8":"tag-actu","9":"tag-actualites","10":"tag-eu","11":"tag-europe","12":"tag-fr","13":"tag-france","14":"tag-montpellier","15":"tag-news","16":"tag-occitanie","17":"tag-republique-francaise"},"share_on_mastodon":{"url":"https:\/\/pubeurope.com\/@fr\/115198297800054515","error":""},"_links":{"self":[{"href":"https:\/\/www.europesays.com\/fr\/wp-json\/wp\/v2\/posts\/388410","targetHints":{"allow":["GET"]}}],"collection":[{"href":"https:\/\/www.europesays.com\/fr\/wp-json\/wp\/v2\/posts"}],"about":[{"href":"https:\/\/www.europesays.com\/fr\/wp-json\/wp\/v2\/types\/post"}],"author":[{"embeddable":true,"href":"https:\/\/www.europesays.com\/fr\/wp-json\/wp\/v2\/users\/2"}],"replies":[{"embeddable":true,"href":"https:\/\/www.europesays.com\/fr\/wp-json\/wp\/v2\/comments?post=388410"}],"version-history":[{"count":0,"href":"https:\/\/www.europesays.com\/fr\/wp-json\/wp\/v2\/posts\/388410\/revisions"}],"wp:featuredmedia":[{"embeddable":true,"href":"https:\/\/www.europesays.com\/fr\/wp-json\/wp\/v2\/media\/388411"}],"wp:attachment":[{"href":"https:\/\/www.europesays.com\/fr\/wp-json\/wp\/v2\/media?parent=388410"}],"wp:term":[{"taxonomy":"category","embeddable":true,"href":"https:\/\/www.europesays.com\/fr\/wp-json\/wp\/v2\/categories?post=388410"},{"taxonomy":"post_tag","embeddable":true,"href":"https:\/\/www.europesays.com\/fr\/wp-json\/wp\/v2\/tags?post=388410"}],"curies":[{"name":"wp","href":"https:\/\/api.w.org\/{rel}","templated":true}]}}