{"id":388414,"date":"2025-09-13T18:03:18","date_gmt":"2025-09-13T18:03:18","guid":{"rendered":"https:\/\/www.europesays.com\/fr\/388414\/"},"modified":"2025-09-13T18:03:18","modified_gmt":"2025-09-13T18:03:18","slug":"grenoble-spectacle-de-pole-dance-a-la-bastille-ce-dimanche-14-septembre","status":"publish","type":"post","link":"https:\/\/www.europesays.com\/fr\/388414\/","title":{"rendered":"Grenoble. Spectacle de pole dance \u00e0 la Bastille, ce dimanche 14\u00a0septembre"},"content":{"rendered":"<p>Le dimanche 14\u00a0septembre, l\u2019\u00e9cole Pole dance addict, en partenariat avec la r\u00e9gie du t\u00e9l\u00e9ph\u00e9rique, propose une d\u00e9monstration de pole dance, \u00e0 la place Tournandre au fort de la Bastille.<\/p>\n<p>De 15 heures \u00e0 16 heures\u00a0: initiation de pole dance \u00e0 partir de 5 ans. De 16 heures \u00e0 17 heures\u00a0: d\u00e9monstration de pole dance. Animation gratuite. Acc\u00e8s en t\u00e9l\u00e9ph\u00e9rique aux tarifs habituels, ou a pied pour les plus courageux.<\/p>\n","protected":false},"excerpt":{"rendered":"Le dimanche 14\u00a0septembre, l\u2019\u00e9cole Pole dance addict, en partenariat avec la r\u00e9gie du t\u00e9l\u00e9ph\u00e9rique, propose une d\u00e9monstration de&hellip;\n","protected":false},"author":2,"featured_media":388415,"comment_status":"","ping_status":"","sticky":false,"template":"","format":"standard","meta":{"footnotes":""},"categories":[9566],"tags":[1111,11,2430,1687,112,1777,674,1011,27,2731,2732,12,25],"class_list":{"0":"post-388414","1":"post","2":"type-post","3":"status-publish","4":"format-standard","5":"has-post-thumbnail","7":"category-grenoble","8":"tag-actu","9":"tag-actualites","10":"tag-auvergne-rhone-alpes","11":"tag-culture-loisirs","12":"tag-edition-grenoble-agglomeration","13":"tag-eu","14":"tag-europe","15":"tag-fr","16":"tag-france","17":"tag-grenoble","18":"tag-grenoble-bassin","19":"tag-news","20":"tag-republique-francaise"},"share_on_mastodon":{"url":"https:\/\/pubeurope.com\/@fr\/115198309406085171","error":""},"_links":{"self":[{"href":"https:\/\/www.europesays.com\/fr\/wp-json\/wp\/v2\/posts\/388414","targetHints":{"allow":["GET"]}}],"collection":[{"href":"https:\/\/www.europesays.com\/fr\/wp-json\/wp\/v2\/posts"}],"about":[{"href":"https:\/\/www.europesays.com\/fr\/wp-json\/wp\/v2\/types\/post"}],"author":[{"embeddable":true,"href":"https:\/\/www.europesays.com\/fr\/wp-json\/wp\/v2\/users\/2"}],"replies":[{"embeddable":true,"href":"https:\/\/www.europesays.com\/fr\/wp-json\/wp\/v2\/comments?post=388414"}],"version-history":[{"count":0,"href":"https:\/\/www.europesays.com\/fr\/wp-json\/wp\/v2\/posts\/388414\/revisions"}],"wp:featuredmedia":[{"embeddable":true,"href":"https:\/\/www.europesays.com\/fr\/wp-json\/wp\/v2\/media\/388415"}],"wp:attachment":[{"href":"https:\/\/www.europesays.com\/fr\/wp-json\/wp\/v2\/media?parent=388414"}],"wp:term":[{"taxonomy":"category","embeddable":true,"href":"https:\/\/www.europesays.com\/fr\/wp-json\/wp\/v2\/categories?post=388414"},{"taxonomy":"post_tag","embeddable":true,"href":"https:\/\/www.europesays.com\/fr\/wp-json\/wp\/v2\/tags?post=388414"}],"curies":[{"name":"wp","href":"https:\/\/api.w.org\/{rel}","templated":true}]}}