{"id":388416,"date":"2025-09-13T18:04:21","date_gmt":"2025-09-13T18:04:21","guid":{"rendered":"https:\/\/www.europesays.com\/fr\/388416\/"},"modified":"2025-09-13T18:04:21","modified_gmt":"2025-09-13T18:04:21","slug":"reims-arrache-le-nul-a-annecy-grenoble-lance-sa-saison","status":"publish","type":"post","link":"https:\/\/www.europesays.com\/fr\/388416\/","title":{"rendered":"Reims arrache le nul \u00e0 Annecy, Grenoble lance sa saison"},"content":{"rendered":"<p>Ce samedi, le Stade de Reims a arrach\u00e9 le match nul \u00e0 Annecy dans le temps additionnel. Les Grenoblois ont eux remport\u00e9 leur premier match de la saison.<\/p>\n<p class=\"fig-paragraph\">Au bout du bout. Men\u00e9 jusque dans le temps additionnel sur la pelouse d&rsquo;Annecy,\u00a0<a href=\"http:\/\/www.lefigaro.fr\/sports\/football\/ligue-2-premiere-victoire-pour-guingamp-reims-plus-fort-que-le-mans-20250830\" target=\"_blank\" data-fig-type=\"NewsFlash\" rel=\"noopener\" data-gtm-custom-categorie=\"navigation\" data-gtm-custom-action=\"crossclick\" data-gtm-custom-label=\"Contextuel\" data-gtm-event=\"customEventSPE\" data-fig-domain=\"LEFIGARO\">Reims<\/a>\u00a0a d\u00e9croch\u00e9 le nul de justesse (1-1) samedi pour\u00a0<a href=\"https:\/\/www.lefigaro.fr\/sports\/football\/ligue-2\/calendrier-resultats\" target=\"_blank\" rel=\"nofollow noopener\" data-gtm-custom-categorie=\"navigation\" data-gtm-custom-action=\"crossclick\" data-gtm-custom-label=\"Contextuel\" data-gtm-event=\"customEventSPE\">la 5e journ\u00e9e de Ligue 2<\/a>, o\u00f9 Grenoble s&rsquo;est sorti de la zone rouge en d\u00e9crochant son premier succ\u00e8s contre Dunkerque (1-0).<\/p>\n<p class=\"fig-paragraph\">Men\u00e9s 1-0 apr\u00e8s un but de Cl\u00e9ment Billemaz (45e), les R\u00e9mois ont arrach\u00e9 sur le fil le nul apr\u00e8s l&rsquo;\u00e9galisation d&rsquo;Antoine Leautey en toute fin de match (90e+6). Gr\u00e2ce \u00e0 ce nul, ils limitent la casse en pointant \u00e0<a href=\"https:\/\/www.lefigaro.fr\/sports\/football\/ligue-2\/classement\" target=\"_blank\" rel=\"nofollow noopener\" data-gtm-custom-categorie=\"navigation\" data-gtm-custom-action=\"crossclick\" data-gtm-custom-label=\"Contextuel\" data-gtm-event=\"customEventSPE\">\u00a0la 6e place<\/a>, mais ont rat\u00e9 une occasion de monter sur le podium.<\/p>\n<p>                                    <a class=\"fig-a11y-skip a11y-hidden\" href=\"#fig-a11y-skip-main-inarticle\"><br \/>\n        Passer la publicit\u00e9<br \/>\n    <\/a><\/p>\n<p class=\"fig-paragraph\">Plus t\u00f4t dans l&rsquo;apr\u00e8s-midi, Grenoble s&rsquo;est sorti de la zone rouge en obtenant son premier succ\u00e8s, \u00e0 domicile contre Dunkerque (1-0). En fin de journ\u00e9e, Saint-Etienne, qui se d\u00e9place \u00e0 Clermont, peut r\u00e9cup\u00e9rer son fauteuil de leader occup\u00e9 par le Red Star, vainqueur vendredi de Pau (3-0).<\/p>\n","protected":false},"excerpt":{"rendered":"Ce samedi, le Stade de Reims a arrach\u00e9 le match nul \u00e0 Annecy dans le temps additionnel. Les&hellip;\n","protected":false},"author":2,"featured_media":388417,"comment_status":"","ping_status":"","sticky":false,"template":"","format":"standard","meta":{"footnotes":""},"categories":[9566],"tags":[1111,11,2430,1777,674,1011,27,2731,446,12,25,464],"class_list":{"0":"post-388416","1":"post","2":"type-post","3":"status-publish","4":"format-standard","5":"has-post-thumbnail","7":"category-grenoble","8":"tag-actu","9":"tag-actualites","10":"tag-auvergne-rhone-alpes","11":"tag-eu","12":"tag-europe","13":"tag-fr","14":"tag-france","15":"tag-grenoble","16":"tag-ligue-2","17":"tag-news","18":"tag-republique-francaise","19":"tag-stade-de-reims"},"share_on_mastodon":{"url":"https:\/\/pubeurope.com\/@fr\/115198313331031207","error":""},"_links":{"self":[{"href":"https:\/\/www.europesays.com\/fr\/wp-json\/wp\/v2\/posts\/388416","targetHints":{"allow":["GET"]}}],"collection":[{"href":"https:\/\/www.europesays.com\/fr\/wp-json\/wp\/v2\/posts"}],"about":[{"href":"https:\/\/www.europesays.com\/fr\/wp-json\/wp\/v2\/types\/post"}],"author":[{"embeddable":true,"href":"https:\/\/www.europesays.com\/fr\/wp-json\/wp\/v2\/users\/2"}],"replies":[{"embeddable":true,"href":"https:\/\/www.europesays.com\/fr\/wp-json\/wp\/v2\/comments?post=388416"}],"version-history":[{"count":0,"href":"https:\/\/www.europesays.com\/fr\/wp-json\/wp\/v2\/posts\/388416\/revisions"}],"wp:featuredmedia":[{"embeddable":true,"href":"https:\/\/www.europesays.com\/fr\/wp-json\/wp\/v2\/media\/388417"}],"wp:attachment":[{"href":"https:\/\/www.europesays.com\/fr\/wp-json\/wp\/v2\/media?parent=388416"}],"wp:term":[{"taxonomy":"category","embeddable":true,"href":"https:\/\/www.europesays.com\/fr\/wp-json\/wp\/v2\/categories?post=388416"},{"taxonomy":"post_tag","embeddable":true,"href":"https:\/\/www.europesays.com\/fr\/wp-json\/wp\/v2\/tags?post=388416"}],"curies":[{"name":"wp","href":"https:\/\/api.w.org\/{rel}","templated":true}]}}