{"id":388418,"date":"2025-09-13T18:05:18","date_gmt":"2025-09-13T18:05:18","guid":{"rendered":"https:\/\/www.europesays.com\/fr\/388418\/"},"modified":"2025-09-13T18:05:18","modified_gmt":"2025-09-13T18:05:18","slug":"feu-dans-un-garage-auto-pres-de-rennes-lincendie-ne-serait-pas-accidentel-une-enquete","status":"publish","type":"post","link":"https:\/\/www.europesays.com\/fr\/388418\/","title":{"rendered":"Feu dans un garage auto pr\u00e8s de Rennes\u00a0: l\u2019incendie ne serait pas accidentel, une enqu\u00eate"},"content":{"rendered":"<p>Les d\u00e9g\u00e2ts sont importants. Et les cons\u00e9quences sur l\u2019activit\u00e9 \u00e9galement. Le garage automobile Auto Plus sp\u00e9cialis\u00e9 dans la vente de v\u00e9hicules d\u2019occasion a \u00e9t\u00e9 touch\u00e9 par un incendie dans la nuit de vendredi\u00a012 \u00e0 samedi 13\u00a0septembre 2025, <a href=\"https:\/\/rennes.maville.com\/bretagne\/ille-et-vilaine\/breal-sous-montfort\/\" target=\"_self\" rel=\"nofollow noopener\">\u00e0 Br\u00e9al-sous-Montfort, pr\u00e8s de Rennes (Ille-et-Vilaine).<\/a><\/p>\n<p>Le garage sp\u00e9cialis\u00e9 dans la vente de v\u00e9hicules d\u2019occasion, comprend aussi un atelier. Il se situe au 410,\u00a0rue du Pr\u00e9 miel, dans une zone d\u2019activit\u00e9s. Les pompiers sont arriv\u00e9s sur place ver 3\u00a0h\u00a015. Leur intervention s\u2019est termin\u00e9e dans la matin\u00e9e de ce samedi.<\/p>\n<p>Huit v\u00e9hicules br\u00fbl\u00e9s<\/p>\n<p>Les bureaux et la zone commerciale du garage de 200\u00a0m\u00b2 ont \u00e9t\u00e9 totalement d\u00e9truits. Les employ\u00e9s risquent d\u2019\u00eatre contraints au ch\u00f4mage technique. Six v\u00e9hicules qui \u00e9taient gar\u00e9s \u00e0 l\u2019ext\u00e9rieur ont br\u00fbl\u00e9 ainsi que deux qui \u00e9taient \u00e0 l\u2019int\u00e9rieur. 90\u00a0ont \u00e9t\u00e9 prot\u00e9g\u00e9s des flammes par les pompiers. Aucun bless\u00e9 n\u2019est \u00e0 d\u00e9plorer<\/p>\n<p>La partie atelier du garage n\u2019a pas \u00e9t\u00e9 touch\u00e9e par l\u2019incendie. \u00c0 c\u00f4t\u00e9 du portail, un grillage a \u00e9t\u00e9 arrach\u00e9 laissant penser \u00e0 une intrusion. L\u2019incendie ne serait a priori pas accidentel. L\u2019enqu\u00eate a \u00e9t\u00e9 confi\u00e9 aux gendarmes de la brigade de Mordelles avec l\u2019appui de la BR (Brigade de recherches) de Rennes<\/p>\n<p>Au total, dix-huit sapeurs-pompiers sont intervenus, renforc\u00e9s notamment par trois lances \u00e0 incendie, dont une plac\u00e9e sur une \u00e9chelle.<\/p>\n<p>\u00a0<\/p>\n","protected":false},"excerpt":{"rendered":"Les d\u00e9g\u00e2ts sont importants. Et les cons\u00e9quences sur l\u2019activit\u00e9 \u00e9galement. Le garage automobile Auto Plus sp\u00e9cialis\u00e9 dans la&hellip;\n","protected":false},"author":2,"featured_media":388419,"comment_status":"","ping_status":"","sticky":false,"template":"","format":"standard","meta":{"footnotes":""},"categories":[2821],"tags":[52080,1111,11,1977,829,1067,1777,674,1312,1011,27,27351,1310,12,12884,3762,584,25],"class_list":{"0":"post-388418","1":"post","2":"type-post","3":"status-publish","4":"format-standard","5":"has-post-thumbnail","7":"category-rennes","8":"tag-accidentel","9":"tag-actu","10":"tag-actualites","11":"tag-auto","12":"tag-bretagne","13":"tag-enquete","14":"tag-eu","15":"tag-europe","16":"tag-feu","17":"tag-fr","18":"tag-france","19":"tag-garage","20":"tag-incendie","21":"tag-news","22":"tag-ouverte","23":"tag-pres","24":"tag-rennes","25":"tag-republique-francaise"},"share_on_mastodon":{"url":"https:\/\/pubeurope.com\/@fr\/115198317352634563","error":""},"_links":{"self":[{"href":"https:\/\/www.europesays.com\/fr\/wp-json\/wp\/v2\/posts\/388418","targetHints":{"allow":["GET"]}}],"collection":[{"href":"https:\/\/www.europesays.com\/fr\/wp-json\/wp\/v2\/posts"}],"about":[{"href":"https:\/\/www.europesays.com\/fr\/wp-json\/wp\/v2\/types\/post"}],"author":[{"embeddable":true,"href":"https:\/\/www.europesays.com\/fr\/wp-json\/wp\/v2\/users\/2"}],"replies":[{"embeddable":true,"href":"https:\/\/www.europesays.com\/fr\/wp-json\/wp\/v2\/comments?post=388418"}],"version-history":[{"count":0,"href":"https:\/\/www.europesays.com\/fr\/wp-json\/wp\/v2\/posts\/388418\/revisions"}],"wp:featuredmedia":[{"embeddable":true,"href":"https:\/\/www.europesays.com\/fr\/wp-json\/wp\/v2\/media\/388419"}],"wp:attachment":[{"href":"https:\/\/www.europesays.com\/fr\/wp-json\/wp\/v2\/media?parent=388418"}],"wp:term":[{"taxonomy":"category","embeddable":true,"href":"https:\/\/www.europesays.com\/fr\/wp-json\/wp\/v2\/categories?post=388418"},{"taxonomy":"post_tag","embeddable":true,"href":"https:\/\/www.europesays.com\/fr\/wp-json\/wp\/v2\/tags?post=388418"}],"curies":[{"name":"wp","href":"https:\/\/api.w.org\/{rel}","templated":true}]}}