{"id":388422,"date":"2025-09-13T18:07:14","date_gmt":"2025-09-13T18:07:14","guid":{"rendered":"https:\/\/www.europesays.com\/fr\/388422\/"},"modified":"2025-09-13T18:07:14","modified_gmt":"2025-09-13T18:07:14","slug":"foire-europeenne-de-strasbourg-2025-baguette-de-tradition-francaise-croissant-au-beurre-decouvrez-les-laureats","status":"publish","type":"post","link":"https:\/\/www.europesays.com\/fr\/388422\/","title":{"rendered":"Foire europ\u00e9enne de Strasbourg 2025. Baguette de tradition fran\u00e7aise, croissant au beurre \u00a0: d\u00e9couvrez les laur\u00e9ats !"},"content":{"rendered":"<p>Organis\u00e9 par la F\u00e9d\u00e9ration patronale de la boulangerie du Bas-Rhin, le concours de la meilleure baguette de tradition fran\u00e7aise repr\u00e9sente un v\u00e9ritable temps fort pour les boulangers artisans du territoire. Cette \u00e9preuve constitue la s\u00e9lection d\u00e9partementale d\u2019une comp\u00e9tition qui s\u2019inscrit dans un parcours national de haut niveau.<\/p>\n<p>Les participants ont rivalis\u00e9 de talent <a href=\"https:\/\/www.dna.fr\/culture-loisirs\/2025\/09\/05\/plus-de-100-000-personnes-attendues-la-93e-edition-est-lancee\" target=\"_blank\" rel=\"noopener\">dans le cadre de la Foire europ\u00e9enne<\/a> pour proposer une baguette r\u00e9pondant \u00e0 des crit\u00e8res d\u2019excellence\u00a0: aspect visuel, croustillance, alv\u00e9olage, ar\u00f4mes et saveur. Le jury, compos\u00e9 de professionnels reconnus, a \u00e9valu\u00e9 chaque produit avec la plus grande rigueur.<\/p>\n<p>Le laur\u00e9at, m\u00e9daill\u00e9 d\u2019or, repr\u00e9sentera fi\u00e8rement son d\u00e9partement lors de la s\u00e9lection r\u00e9gionale, programm\u00e9e dans le cadre du salon Egast. Cette \u00e9tape d\u00e9cisive permettra de d\u00e9signer les boulangers appel\u00e9s \u00e0 d\u00e9fendre les couleurs de leur r\u00e9gion \u00e0 la finale nationale, qui se tiendra \u00e0 Paris, en mai\u00a02026, dans le cadre embl\u00e9matique de la F\u00eate du Pain.<\/p>\n<p>Ce concours illustre non seulement le savoir-faire artisanal fran\u00e7ais, mais aussi l\u2019importance de transmettre et de valoriser la tradition boulang\u00e8re aupr\u00e8s du grand public. \u00c0 travers la baguette, c\u2019est toute une identit\u00e9 culinaire et culturelle qui continue de rayonner, en Alsace comme dans l\u2019ensemble du pays.<\/p>\n<p>Les laur\u00e9ats 2025<\/p>\n<p><strong>M\u00e9dailles d\u2019Argent<\/strong><\/p>\n<p>\u2022 1re Argent\u00a0: Boulangerie Klugesherz, 43 rue de Molsheim \u2013 Soultz-les-Bains<br \/>\u2022 2e Argent\u00a0: Maison Fardeau, 1 Rue de Bettwiller &#8211; Durstel<br \/>\u2022 3e Argent\u00a0: Boulangerie Cervantes, 21 avenue Cervantes &#8211; Strasbourg<br \/>\u2022 4e Argent\u00a0: Boulangerie l\u2019Atelier du Pain Perdu, 42 rue du G\u00e9n\u00e9ral-de-Gaulle \u2013 Schweighouse-sur-Moder<\/p>\n<p><strong>M\u00e9daille d\u2019Or<\/strong><\/p>\n<p>\u2022 1re place\u00a0: Boulangerie Esprit Pain, 33 all\u00e9e de l\u2019\u00c9conomie &#8211; Wiwersheim.<\/p>\n<p>        &#13;<br \/>\n          <a href=\"https:\/\/cdn-s-www.dna.fr\/images\/fc1603c2-d160-4828-a965-22a6b9dabd8f\/NW_raw\/l-alimentation-tient-une-place-importante-a-la-foire-europeenne-les-differents-concours-qui-s-y-tiennent-viennent-conforter-cette-realite-photo-thomas-toussaint-1757760891.jpg\" title=\"L&#039;alimentation tient une place importante \u00e0 la Foire europ\u00e9enne. Les diff\u00e9rents concours qui s&#039;y tiennent viennent conforter cette r\u00e9alit\u00e9. Photo Thomas Toussaint\" class=\"chocolat-image GA-tracking\" data-ga_type=\"click\" data-ga_category=\"D\u00e9tail\" data-ga_action=\"zoomer\" data-ga_label=\"agrandir image\" target=\"_blank\" rel=\"noopener\">&#13;<br \/>\n            <img loading=\"lazy\" decoding=\"async\" src=\"https:\/\/www.europesays.com\/fr\/wp-content\/uploads\/2025\/09\/l-alimentation-tient-une-place-importante-a-la-foire-europeenne-les-differents-concours-qui-s-y-tien.jpeg\" alt=\"L'alimentation tient une place importante \u00e0 la Foire europ\u00e9enne. Les diff\u00e9rents concours qui s'y tiennent viennent conforter cette r\u00e9alit\u00e9. Photo Thomas Toussaint\"\/>&#13;<br \/>\n          <\/a>&#13;<br \/>\n          &#13;<\/p>\n<p class=\"insetTitle\">Un laur\u00e9at lipsheimois chez les apprentis<\/p>\n<p><strong>La baguette de tradition fran\u00e7aise, v\u00e9ritable embl\u00e8me du patrimoine culinaire, a \u00e9galement trouv\u00e9 ses jeunes ambassadeurs \u00e0 travers le concours sp\u00e9cial apprentis.<\/strong><\/p>\n<p>Sous l\u2019\u0153il attentif d\u2019un jury de professionnels, les candidats ont pu pr\u00e9senter leur ma\u00eetrise des gestes essentiels\u00a0: p\u00e9trissage, fa\u00e7onnage, fermentation et cuisson. Plus qu\u2019une \u00e9preuve technique, ce concours est un v\u00e9ritable tremplin p\u00e9dagogique, permettant aux apprentis de valoriser leur savoir-faire et de se confronter aux exigences du m\u00e9tier.<\/p>\n<p>Parce que leur engagement et leur investissement m\u00e9ritent d\u2019\u00eatre honor\u00e9s, cette 2e \u00e9dition a mis en avant la passion du m\u00e9tier et la qualit\u00e9 de la formation artisanale qui les accompagne au quotidien. En participant \u00e0 cette comp\u00e9tition, les apprentis ne cherchent pas seulement \u00e0 d\u00e9crocher un prix\u00a0: ils affirment leur place dans une fili\u00e8re o\u00f9 le savoir-faire artisanal reste une fiert\u00e9 nationale.<\/p>\n<p>Les laur\u00e9ats 2025<\/p>\n<p><strong>M\u00e9dailles d\u2019Argent<\/strong><\/p>\n<p>\u2022 1re Argent\u00a0: Nohan Hamm, boulangerie Didier &#8211; Lipsheim<br \/>\u2022 2e Argent\u00a0: Amaury Haussler, boulangerie l\u2019Atelier du Pain Perdu \u2013 Schweighouse -sur-Moder<br \/>\u2022 3e Argent\u00a0:\u00a0 Tristan Lux Rohfritsch, boulangerie Klugesherz \u2013 Soultz- les-Bains<br \/>\u2022 4e Argent\u00a0: Juan Soto Valdes, Boulangerie La Gare\u2019Mandise &#8211; Strasbourg<\/p>\n<p><strong>M\u00e9daille d\u2019Or<\/strong><\/p>\n<p>\u2022 1re place\u00a0: Bryan Treiber Lustig, Boulangerie Didier &#8211; Lipsheim<\/p>\n<p>        &#13;<br \/>\n          <a href=\"https:\/\/cdn-s-www.dna.fr\/images\/e42f7c9b-43ba-455c-ad82-49cab8aad742\/NW_raw\/feuilletage-regularite-croustillance-brillance-de-la-dorure-saveur-beurree-les-elements-permettant-d-evaluer-la-qualite-d-un-croissant-sont-nombreux-photo-d-illustration-laurent-habersetzer-1757761850.jpg\" title=\"Feuilletage, r\u00e9gularit\u00e9, croustillance, brillance de la dorure, saveur beurr\u00e9e... Les \u00e9l\u00e9ments permettant d&#039;\u00e9valuer la qualit\u00e9 d&#039;un croissant sont nombreux. Photo d&#039;illustration Laurent Habersetzer\" class=\"chocolat-image GA-tracking\" data-ga_type=\"click\" data-ga_category=\"D\u00e9tail\" data-ga_action=\"zoomer\" data-ga_label=\"agrandir image\" target=\"_blank\" rel=\"noopener\">&#13;<br \/>\n            <img loading=\"lazy\" decoding=\"async\" src=\"https:\/\/www.europesays.com\/fr\/wp-content\/uploads\/2025\/09\/feuilletage-regularite-croustillance-brillance-de-la-dorure-saveur-beurree-les-elements-permettant-d.jpeg\" alt=\"Feuilletage, r\u00e9gularit\u00e9, croustillance, brillance de la dorure, saveur beurr\u00e9e... Les \u00e9l\u00e9ments permettant d'\u00e9valuer la qualit\u00e9 d'un croissant sont nombreux. Photo d'illustration Laurent Habersetzer\"\/>&#13;<br \/>\n          <\/a>&#13;<br \/>\n          &#13;<\/p>\n<p class=\"insetTitle\">Meilleur croissant au beurre : le vainqueur vient de Benfeld<\/p>\n<p><strong>La s\u00e9lection d\u00e9partementale du concours du meilleur croissant au beurre 2025 s\u2019est \u00e9galement tenue le mercredi 10\u00a0septembre \u00e0 la Foire europ\u00e9enne, dans le Village des D\u00e9lices (Hall 4).<\/strong><\/p>\n<p>La s\u00e9lection a r\u00e9uni les meilleurs artisans boulangers autour de l\u2019une des viennoiseries les plus embl\u00e9matiques de notre patrimoine gastronomique. Symbole du savoir-faire \u00e0 la fran\u00e7aise, le croissant au beurre allie \u00ab\u200aexigence technique et plaisir gourmand\u200a\u00bb. <\/p>\n<p>Les candidats ont \u00e9t\u00e9 \u00e9valu\u00e9s sur plusieurs crit\u00e8res essentiels\u200a: feuilletage, r\u00e9gularit\u00e9, croustillance, brillance de la dorure et saveur beurr\u00e9e. Chaque d\u00e9tail compte dans cette \u00e9preuve o\u00f9 la ma\u00eetrise du tourage et la qualit\u00e9 des mati\u00e8res premi\u00e8res font toute la diff\u00e9rence. Le laur\u00e9at de cette \u00e9tape d\u00e9partementale aura l\u2019honneur de repr\u00e9senter son territoire lors de la s\u00e9lection r\u00e9gionale, organis\u00e9e dans le cadre du salon Egast. Cette comp\u00e9tition d\u00e9terminera quel boulanger acc\u00e9dera \u00e0 la finale nationale, pr\u00e9vue \u00e0 Paris lors du grand rendez-vous de la boulangerie artisanale et de la F\u00eate du pain.<\/p>\n<p>Au-del\u00e0 du classement, ce concours met en lumi\u00e8re la richesse de la viennoiserie fran\u00e7aise et rappelle combien nos artisans contribuent \u00e0 pr\u00e9server et faire \u00e9voluer ce patrimoine culinaire. Le croissant au beurre, indissociable du petit-d\u00e9jeuner et des pauses gourmandes, s\u2019affirme ici comme un v\u00e9ritable ambassadeur du go\u00fbt et du savoir-faire artisanal.<\/p>\n<p>Les laur\u00e9ats 2025<\/p>\n<p><strong>M\u00e9dailles d\u2019Argent<\/strong><\/p>\n<p>\u2022 1re Argent\u200a: Boulangerie du Bl\u00e9 au Pain, 44 rue Boecklin &#8211; Strasbourg<br \/>\u2022 2e Argent\u200a: Boulangerie D\u00e9lice et Tradition, 2 rue A.-Schweitzer \u2013 Val de Moder<br \/>\u2022 3e Argent\u200a: Boulangerie Gramfort, 5 place de la Mairie &#8211; Sessenheim<br \/>\u2022 4e Argent\u200a: Boulangerie La Gare\u2019Mandise, 8 place de la Gare &#8211; Strasbourg<\/p>\n<p><strong>M\u00e9daille d\u2019Or<\/strong><\/p>\n<p>\u2022 1re place\u200a: Boulangerie K\u00e9vin, 16a rue de Strasbourg &#8211; Benfeld.<\/p>\n","protected":false},"excerpt":{"rendered":"Organis\u00e9 par la F\u00e9d\u00e9ration patronale de la boulangerie du Bas-Rhin, le concours de la meilleure baguette de tradition&hellip;\n","protected":false},"author":2,"featured_media":388423,"comment_status":"","ping_status":"","sticky":false,"template":"","format":"standard","meta":{"footnotes":""},"categories":[2820],"tags":[1111,11,4406,130,1687,33,2880,1777,674,107,1685,49688,1011,27,775,12,25,640,2879],"class_list":{"0":"post-388422","1":"post","2":"type-post","3":"status-publish","4":"format-standard","5":"has-post-thumbnail","7":"category-strasbourg","8":"tag-actu","9":"tag-actualites","10":"tag-commerce-et-services","11":"tag-consommation","12":"tag-culture-loisirs","13":"tag-economie","14":"tag-edition-strasbourg","15":"tag-eu","16":"tag-europe","17":"tag-fil-info","18":"tag-foire-et-salon","19":"tag-foire-europeenne","20":"tag-fr","21":"tag-france","22":"tag-grand-est","23":"tag-news","24":"tag-republique-francaise","25":"tag-strasbourg","26":"tag-strasbourg-ville"},"share_on_mastodon":{"url":"https:\/\/pubeurope.com\/@fr\/115198325534144918","error":""},"_links":{"self":[{"href":"https:\/\/www.europesays.com\/fr\/wp-json\/wp\/v2\/posts\/388422","targetHints":{"allow":["GET"]}}],"collection":[{"href":"https:\/\/www.europesays.com\/fr\/wp-json\/wp\/v2\/posts"}],"about":[{"href":"https:\/\/www.europesays.com\/fr\/wp-json\/wp\/v2\/types\/post"}],"author":[{"embeddable":true,"href":"https:\/\/www.europesays.com\/fr\/wp-json\/wp\/v2\/users\/2"}],"replies":[{"embeddable":true,"href":"https:\/\/www.europesays.com\/fr\/wp-json\/wp\/v2\/comments?post=388422"}],"version-history":[{"count":0,"href":"https:\/\/www.europesays.com\/fr\/wp-json\/wp\/v2\/posts\/388422\/revisions"}],"wp:featuredmedia":[{"embeddable":true,"href":"https:\/\/www.europesays.com\/fr\/wp-json\/wp\/v2\/media\/388423"}],"wp:attachment":[{"href":"https:\/\/www.europesays.com\/fr\/wp-json\/wp\/v2\/media?parent=388422"}],"wp:term":[{"taxonomy":"category","embeddable":true,"href":"https:\/\/www.europesays.com\/fr\/wp-json\/wp\/v2\/categories?post=388422"},{"taxonomy":"post_tag","embeddable":true,"href":"https:\/\/www.europesays.com\/fr\/wp-json\/wp\/v2\/tags?post=388422"}],"curies":[{"name":"wp","href":"https:\/\/api.w.org\/{rel}","templated":true}]}}