{"id":388424,"date":"2025-09-13T18:08:11","date_gmt":"2025-09-13T18:08:11","guid":{"rendered":"https:\/\/www.europesays.com\/fr\/388424\/"},"modified":"2025-09-13T18:08:11","modified_gmt":"2025-09-13T18:08:11","slug":"venir-a-strasbourg-etait-le-meilleur-choix","status":"publish","type":"post","link":"https:\/\/www.europesays.com\/fr\/388424\/","title":{"rendered":"\u00ab\u00a0Venir \u00e0 Strasbourg \u00e9tait le meilleur choix\u00a0\u00bb"},"content":{"rendered":"<p>Lucas Hogsberg est du genre plut\u00f4t pr\u00e9coce. Apr\u00e8s avoir jou\u00e9 son premier match chez les pros en Coupe du Danemark en avril\u00a02023, un peu plus de deux mois avant de f\u00eater ses 17 ans, le d\u00e9fenseur s\u2019est impos\u00e9 comme titulaire en \u00e9lite danoise avec son club formateur la saison derni\u00e8re.<\/p>\n<p>Appel\u00e9 en s\u00e9lection chez les A de Brian Riemer en mai\u00a02025, il a honor\u00e9 la premi\u00e8re de ses deux capes internationales le 7\u00a0juin contre l\u2019Irlande du Nord. \u00ab\u00a0Cela a \u00e9t\u00e9 une fiert\u00e9 et une \u00e9norme source de motivation\u00a0\u00bb, confie-t-il.<\/p>\n<p>Ce n\u2019\u00e9tait donc pas vraiment une surprise de le voir titulaire d\u00e8s la premi\u00e8re&#8230;<\/p>\n","protected":false},"excerpt":{"rendered":"Lucas Hogsberg est du genre plut\u00f4t pr\u00e9coce. Apr\u00e8s avoir jou\u00e9 son premier match chez les pros en Coupe&hellip;\n","protected":false},"author":2,"featured_media":388425,"comment_status":"","ping_status":"","sticky":false,"template":"","format":"standard","meta":{"footnotes":""},"categories":[2820],"tags":[1111,11,2880,1777,674,107,63,1011,27,775,12,41281,25,517,640,2879],"class_list":{"0":"post-388424","1":"post","2":"type-post","3":"status-publish","4":"format-standard","5":"has-post-thumbnail","7":"category-strasbourg","8":"tag-actu","9":"tag-actualites","10":"tag-edition-strasbourg","11":"tag-eu","12":"tag-europe","13":"tag-fil-info","14":"tag-football","15":"tag-fr","16":"tag-france","17":"tag-grand-est","18":"tag-news","19":"tag-racing-club-strasbourg-masculin","20":"tag-republique-francaise","21":"tag-sport","22":"tag-strasbourg","23":"tag-strasbourg-ville"},"share_on_mastodon":{"url":"https:\/\/pubeurope.com\/@fr\/115198329084020859","error":""},"_links":{"self":[{"href":"https:\/\/www.europesays.com\/fr\/wp-json\/wp\/v2\/posts\/388424","targetHints":{"allow":["GET"]}}],"collection":[{"href":"https:\/\/www.europesays.com\/fr\/wp-json\/wp\/v2\/posts"}],"about":[{"href":"https:\/\/www.europesays.com\/fr\/wp-json\/wp\/v2\/types\/post"}],"author":[{"embeddable":true,"href":"https:\/\/www.europesays.com\/fr\/wp-json\/wp\/v2\/users\/2"}],"replies":[{"embeddable":true,"href":"https:\/\/www.europesays.com\/fr\/wp-json\/wp\/v2\/comments?post=388424"}],"version-history":[{"count":0,"href":"https:\/\/www.europesays.com\/fr\/wp-json\/wp\/v2\/posts\/388424\/revisions"}],"wp:featuredmedia":[{"embeddable":true,"href":"https:\/\/www.europesays.com\/fr\/wp-json\/wp\/v2\/media\/388425"}],"wp:attachment":[{"href":"https:\/\/www.europesays.com\/fr\/wp-json\/wp\/v2\/media?parent=388424"}],"wp:term":[{"taxonomy":"category","embeddable":true,"href":"https:\/\/www.europesays.com\/fr\/wp-json\/wp\/v2\/categories?post=388424"},{"taxonomy":"post_tag","embeddable":true,"href":"https:\/\/www.europesays.com\/fr\/wp-json\/wp\/v2\/tags?post=388424"}],"curies":[{"name":"wp","href":"https:\/\/api.w.org\/{rel}","templated":true}]}}