{"id":388429,"date":"2025-09-13T18:11:11","date_gmt":"2025-09-13T18:11:11","guid":{"rendered":"https:\/\/www.europesays.com\/fr\/388429\/"},"modified":"2025-09-13T18:11:11","modified_gmt":"2025-09-13T18:11:11","slug":"74-anciens-eleves-de-saint-stanislas-ont-temoigne-des-agissements-des-pretres-2","status":"publish","type":"post","link":"https:\/\/www.europesays.com\/fr\/388429\/","title":{"rendered":"74 anciens \u00e9l\u00e8ves de Saint Stanislas ont t\u00e9moign\u00e9 des agissements des pr\u00eatres"},"content":{"rendered":"<p>Cinq pr\u00eatres et au moins un membre du personnel \u00e9ducatif. Tous sont morts aujourd\u2019hui. Mais face \u00e0 leurs agissements, les langues se d\u00e9lient. A Nantes, 74 anciens \u00e9l\u00e8ves du coll\u00e8ge-lyc\u00e9e Saint Stanislas <a href=\"https:\/\/www.20minutes.fr\/faits_divers\/4170212-20250829-nantes-dix-victimes-cinq-pretres-mis-cause-viols-agressions-denonces-college-lycee-prive\" class=\"c-link c-link--is-underlined\" rel=\"nofollow noopener\" target=\"_blank\">ont r\u00e9pondu \u00e0 l\u2019appel \u00e0 t\u00e9moignages<\/a> lanc\u00e9 par le dioc\u00e8se de Loire-Atlantique, <a href=\"https:\/\/www.ouest-france.fr\/faits-divers\/violence-sexuelle\/affaire-saint-stanislas-a-nantes-depuis-lappel-a-temoins-74-anciens-eleves-se-sont-signales-9ce49158-8ff9-11f0-97e6-741179c952b9\" rel=\"nofollow noopener\" target=\"_blank\" class=\"c-link c-link--is-underlined\">rapporte Ouest-France<\/a>. Toutes les personnes ne sont pas victimes, parfois simples t\u00e9moins d\u2019abus et de s\u00e9vices impos\u00e9s aux enfants entre\u00a01958 et\u00a01995. Mais elles ont d\u00e9cid\u00e9 de parler, r\u00e9pondant \u00e0 la cr\u00e9ation d\u2019une cellule d\u2019\u00e9coute.<\/p>\n<p>Dans un premier temps, dix victimes mineures avaient \u00e9t\u00e9 recens\u00e9es. Neuf hommes et une femme qui \u00e9taient tous inscrits au coll\u00e8ge priv\u00e9 install\u00e9 dans les beaux quartiers du centre-ville de <a href=\"https:\/\/www.20minutes.fr\/nantes\/\" class=\"c-link c-link--is-underlined\" rel=\"nofollow noopener\" target=\"_blank\">Nantes<\/a>. Un homme, qui avait confi\u00e9 les s\u00e9vices subis \u00e0 sa famille, s\u2019est suicid\u00e9. \u00ab\u00a0Je n\u2019en ai pas parl\u00e9 \u00e0 mes parents ni \u00e0 mes copains\u00a0\u00bb, <a href=\"https:\/\/www.20minutes.fr\/faits_divers\/faits-divers-nantes\/4170505-20250902-nantes-surnommait-tateur-victime-ancien-eleve-college-prive-saint-stanislas-temoigne\" class=\"c-link c-link--is-underlined\" rel=\"nofollow noopener\" target=\"_blank\">nous confiait r\u00e9cemment Philippe<\/a>, ancien \u00e9l\u00e8ve de Saint Stanislas.<\/p>\n<\/p>\n<p>Une cellule d\u2019\u00e9coute a donc \u00e9t\u00e9 ouverte afin de recueillir les t\u00e9moignages d\u2019anciens \u00e9l\u00e8ves de l\u2019\u00e9tablissement, o\u00f9 des cas de viols et d\u2019agressions sexuelles ont \u00e9t\u00e9 recens\u00e9s. L\u2019ensemble des pi\u00e8ces est ensuite transmis au procureur de la R\u00e9publique. L\u2019action judiciaire est pourtant \u00e9teinte, du fait de la mort de tous les mis en cause.<\/p>\n","protected":false},"excerpt":{"rendered":"Cinq pr\u00eatres et au moins un membre du personnel \u00e9ducatif. Tous sont morts aujourd\u2019hui. Mais face \u00e0 leurs&hellip;\n","protected":false},"author":2,"featured_media":388430,"comment_status":"","ping_status":"","sticky":false,"template":"","format":"standard","meta":{"footnotes":""},"categories":[2818],"tags":[1111,47,11,7765,1267,16102,12336,1777,674,118,1011,27,3047,766,12,2636,1974,5969,25,1265],"class_list":{"0":"post-388429","1":"post","2":"type-post","3":"status-publish","4":"format-standard","5":"has-post-thumbnail","7":"category-nantes","8":"tag-actu","9":"tag-actualite","10":"tag-actualites","11":"tag-affaire-betharram","12":"tag-agression-sexuelle","13":"tag-ecole-privee","14":"tag-eglise","15":"tag-eu","16":"tag-europe","17":"tag-faits-divers","18":"tag-fr","19":"tag-france","20":"tag-loire-atlantique","21":"tag-nantes","22":"tag-news","23":"tag-pays-de-la-loire","24":"tag-pedocriminalite","25":"tag-pretre","26":"tag-republique-francaise","27":"tag-viol"},"share_on_mastodon":{"url":"https:\/\/pubeurope.com\/@fr\/115198340853483826","error":""},"_links":{"self":[{"href":"https:\/\/www.europesays.com\/fr\/wp-json\/wp\/v2\/posts\/388429","targetHints":{"allow":["GET"]}}],"collection":[{"href":"https:\/\/www.europesays.com\/fr\/wp-json\/wp\/v2\/posts"}],"about":[{"href":"https:\/\/www.europesays.com\/fr\/wp-json\/wp\/v2\/types\/post"}],"author":[{"embeddable":true,"href":"https:\/\/www.europesays.com\/fr\/wp-json\/wp\/v2\/users\/2"}],"replies":[{"embeddable":true,"href":"https:\/\/www.europesays.com\/fr\/wp-json\/wp\/v2\/comments?post=388429"}],"version-history":[{"count":0,"href":"https:\/\/www.europesays.com\/fr\/wp-json\/wp\/v2\/posts\/388429\/revisions"}],"wp:featuredmedia":[{"embeddable":true,"href":"https:\/\/www.europesays.com\/fr\/wp-json\/wp\/v2\/media\/388430"}],"wp:attachment":[{"href":"https:\/\/www.europesays.com\/fr\/wp-json\/wp\/v2\/media?parent=388429"}],"wp:term":[{"taxonomy":"category","embeddable":true,"href":"https:\/\/www.europesays.com\/fr\/wp-json\/wp\/v2\/categories?post=388429"},{"taxonomy":"post_tag","embeddable":true,"href":"https:\/\/www.europesays.com\/fr\/wp-json\/wp\/v2\/tags?post=388429"}],"curies":[{"name":"wp","href":"https:\/\/api.w.org\/{rel}","templated":true}]}}