{"id":388438,"date":"2025-09-13T18:16:18","date_gmt":"2025-09-13T18:16:18","guid":{"rendered":"https:\/\/www.europesays.com\/fr\/388438\/"},"modified":"2025-09-13T18:16:18","modified_gmt":"2025-09-13T18:16:18","slug":"la-tentative-dintrusion-au-centre-commercial-carrefour-tourne-court","status":"publish","type":"post","link":"https:\/\/www.europesays.com\/fr\/388438\/","title":{"rendered":"la tentative d&rsquo;intrusion au centre commercial Carrefour tourne court"},"content":{"rendered":"<p>            Par<br \/>\n        <strong><br \/>\n            <a href=\"https:\/\/actu.fr\/auteur\/guillaume-laurens\" title=\"Consulter tous les articles de Guillaume Laurens\" rel=\"nofollow noopener\" target=\"_blank\">Guillaume Laurens<\/a><br \/>\n        <\/strong><\/p>\n<p>        Publi\u00e9 le<\/p>\n<p>            13 sept. 2025 \u00e0 20h04        <\/p>\n<p>La ficelle \u00e9tait visiblement un peu grosse. Apr\u00e8s leur coup d\u2019\u00e9clat matinal en centre-ville de <strong>Toulouse<\/strong>, o\u00f9 <a href=\"https:\/\/actu.fr\/occitanie\/toulouse_31555\/bloquons-tout-c-est-quoi-l-operation-canard-qui-a-seme-le-bazar-sur-les-boulevards-a-toulouse_63158539.html\" rel=\"nofollow noopener\" target=\"_blank\">ils ont sem\u00e9 une certaine pagaille sur les boulevards \u00e0 l\u2019occasion de \u00ab\u00a0l\u2019op\u00e9ration canard\u00a0\u00bb,<\/a> des militants du mouvement <a href=\"https:\/\/actu.fr\/occitanie\/toulouse_31555\/direct-bloquons-tout-perturbations-dans-les-transports-manifestations-greves-ce-qu-il-se-passe-a-toulouse_63135101.html\" rel=\"nofollow noopener\" target=\"_blank\"><strong>\u00ab\u00a0Bloquons tout\u00a0\u00bb<\/strong><\/a> s\u2019\u00e9taient donn\u00e9 rendez-vous \u00e0 14 heures, au <strong>centre commercial Purpan<\/strong>, ce samedi 13 septembre 2025. Objectif ? Embo\u00eeter le pas des contestataires d\u2019autres villes, comme <a href=\"https:\/\/actu.fr\/occitanie\/perpignan_66136\/bloquons-tout-l-autoroute-a9-et-un-nouveau-centre-commercial-de-perpignan-cibles-ce-week-end_63147257.html\" rel=\"nofollow noopener\" target=\"_blank\">\u00e0 <\/a><a href=\"https:\/\/actu.fr\/occitanie\/perpignan_66136\/revolution-des-caddies-des-manifestants-font-irruption-dans-un-centre-commercial-de-perpignan_63143723.html\" rel=\"nofollow noopener\" target=\"_blank\">Perpignan, o\u00f9<\/a><strong><a href=\"https:\/\/actu.fr\/occitanie\/perpignan_66136\/revolution-des-caddies-des-manifestants-font-irruption-dans-un-centre-commercial-de-perpignan_63143723.html\" rel=\"nofollow noopener\" target=\"_blank\"> \u00ab\u00a0la r\u00e9volution des caddies vides\u00a0\u00bb<\/a><\/strong> a fait le buzz ces derniers jours. Mais dans la Ville rose, la r\u00e9volution a vite tourn\u00e9 court\u2026 R\u00e9cit.<\/p>\n<p>Carrefour bloque toutes les entr\u00e9es au centre commercial<\/p>\n<p class=\" wall-content\">Ce samedi 13 septembre, des membres du mouvement \u00ab\u00a0Bloquons tout\u00a0\u00bb s\u2019\u00e9taient donc donn\u00e9 rendez-vous \u00e0 <strong>14 heures<\/strong> devant l\u2019hypermarch\u00e9 Carrefour de Purpan. Mais aux trois \u00ab\u00a0portes\u00a0\u00bb du centre commercial, <strong>les vigiles<\/strong> les attendaient, particuli\u00e8rement attentifs \u00e0 ce qu\u2019il se passait\u2026 et aux personnes qui poussaient les caddies.<\/p>\n<blockquote class=\"tiktok-embed\" cite=\"https:\/\/www.tiktok.com\/@actutoulouse\/video\/7549635695615184150\" data-video-id=\"7549635695615184150\" data-embed-from=\"oembed\" style=\"max-width:605px; min-width:325px;\"><p>\n<a target=\"_blank\" title=\"@actutoulouse\" href=\"https:\/\/www.tiktok.com\/@actutoulouse?refer=embed\" rel=\"nofollow noopener\">@actutoulouse<\/a> <\/p>\n<p>\u00c0 Toulouse, des militants du mouvement \u201cBloquons Tout\u201d ont tent\u00e9 de p\u00e9n\u00e9trer dans le centre commercial Carrefour Purpan ce samedi. L\u2019action a rapidement \u00e9t\u00e9 stopp\u00e9e, et la tentative de blocage a \u00e9t\u00e9 avort\u00e9e. Plus d\u2019infos sur notre site. <a title=\"toulousemaville\" target=\"_blank\" href=\"https:\/\/www.tiktok.com\/tag\/toulousemaville?refer=embed\" rel=\"nofollow noopener\">#Toulousemaville<\/a> <a title=\"toulousemylove\" target=\"_blank\" href=\"https:\/\/www.tiktok.com\/tag\/toulousemylove?refer=embed\" rel=\"nofollow noopener\">#Toulousemylove<\/a> <a title=\"fyp\" target=\"_blank\" href=\"https:\/\/www.tiktok.com\/tag\/fyp?refer=embed\" rel=\"nofollow noopener\">#fyp<\/a> <a title=\"sinformersurtiktok\" target=\"_blank\" href=\"https:\/\/www.tiktok.com\/tag\/sinformersurtiktok?refer=embed\" rel=\"nofollow noopener\">#sinformersurtiktok<\/a> <\/p>\n<p> <a target=\"_blank\" title=\"\u266c Dance Floor Bass - Ausku Studio\" href=\"https:\/\/www.tiktok.com\/music\/Dance-Floor-Bass-7546210963440945161?refer=embed\" rel=\"nofollow noopener\">\u266c Dance Floor Bass \u2013 Ausku Studio<\/a> <\/p>\n<\/blockquote>\n<p class=\" wall-content\">Environ 15 minutes apr\u00e8s l\u2019heure de rendez-vous annonc\u00e9e, a constat\u00e9 Actu Toulouse sur place, <strong>plusieurs personnes<\/strong> se sont pr\u00e9sent\u00e9es simultan\u00e9ment devant les entr\u00e9es du magasin, derri\u00e8re des caddies bleus de l\u2019enseigne.<strong> \u00ab\u00a0Ils arrivent\u00a0\u00bb,<\/strong> souffle soudainement un vigile \u00e0 ses coll\u00e8gues. En quelques instants, Carrefour bloque toutes ses porte-vitr\u00e9es, les agents de s\u00e9curit\u00e9 emp\u00eachent alors tous les clients de rejoindre la galerie marchande et l\u2019hypermarch\u00e9.<\/p>\n<p>    <img   decoding=\"async\" loading=\"lazy\" src=\"https:\/\/www.europesays.com\/fr\/wp-content\/uploads\/2025\/09\/bloquons-tout-carrefour-toulouse-entree-gl-2-960x640.jpg\" alt=\"Grosse affluence devant le Carrefour Purpan ce samedi apr\u00e8s-midi : la s\u00e9curit\u00e9 et la police refoulent les militants de \" width=\"960\" height=\"640\"\/><br \/>\n    Grosse affluence devant le Carrefour Purpan ce samedi apr\u00e8s-midi : la s\u00e9curit\u00e9 et la police refoulent les militants de \u00ab\u00a0Bloquons tout\u00a0\u00bb au milieu des clients habituels (\u00a9G.L. \/ Actu Toulouse)<br \/>\n    <a href=\"https:\/\/www.google.com\/maps\/embed?pb=!1m18!1m12!1m3!1d2888.825251884682!2d1.3913650778545519!3d43.61017997110409!2m3!1f0!2f0!3f0!3m2!1i1024!2i768!4f13.1!3m3!1m2!1s0x12aebae8659a4f9d%3A0x230aab0a0ca78e0d!2sCarrefour%20Toulouse%20Purpan!5e0!3m2!1sfr!2sfr!4v1757780109195!5m2!1sfr!2sfr\" title=\"Ouvrie le lien\" rel=\"nofollow noopener\" target=\"_blank\">Cliquez ici pour visualiser le contenu<\/a><\/p>\n<p>Les \u00ab\u00a0faux\u00a0\u00bb clients rapidement identifi\u00e9s par la police<\/p>\n<p class=\" wall-content\">Pr\u00e9sente en nombre sur place pour pr\u00eater main forte aux services de s\u00e9curit\u00e9 du centre commercial, la police n\u2019a eu aucun mal \u00e0 <strong>distinguer les \u00ab\u00a0vrais\u00a0\u00bb clients<\/strong> de Carrefour, de la vingtaine d\u2019agitateurs d\u2019un jour \u2014 qui s\u2019\u00e9taient pour beaucoup d\u00e9j\u00e0 mobilis\u00e9s en centre-ville le matin \u2014. Et aucun militant de \u00ab\u00a0Bloquons tout\u00a0\u00bb n\u2019est finalement parvenu \u00e0 entrer dans le magasin.<\/p>\n<p>Votre r\u00e9gion, votre actu !<\/p>\n<p>Recevez chaque jour les infos qui comptent pour vous.<\/p>\n<p>\t<a href=\"https:\/\/actu.fr\/newsletter\" class=\"ac-btn ac-btn--corner ac-btn--medium ac-btn--blue800\" rel=\"nofollow noopener\" target=\"_blank\">S&rsquo;incrire<\/a><\/p>\n<p>    <img   decoding=\"async\" loading=\"lazy\" src=\"https:\/\/www.europesays.com\/fr\/wp-content\/uploads\/2025\/09\/bloquons-tout-carrefour-purpan-toulouse-police-960x640.jpg\" alt=\"La police est intervenue pour arr\u00eater la tentative d'intrusion des manifestants de Bloquons Tout dans l'hypermarch\u00e9 Carrefour Purpan\" width=\"960\" height=\"640\"\/><br \/>\n    La police est intervenue pour arr\u00eater la tentative d\u2019intrusion des manifestants de Bloquons Tout dans l\u2019hypermarch\u00e9 Carrefour Purpan (\u00a9G.L. \/ Actu Toulouse)<\/p>\n<p class=\" wall-content\">Les manifestants ont rapidement \u00e9t\u00e9 <strong>cong\u00e9di\u00e9s par les forces de l\u2019ordre<\/strong>, qui ont contr\u00f4l\u00e9 leurs <strong>papiers d\u2019identit\u00e9<\/strong>. Peu apr\u00e8s, ils ont \u00e9t\u00e9 rejoints par une vingtaine de <strong>militants pro-palestiniens<\/strong>, qui ont, eux aussi, \u00e9t\u00e9 refoul\u00e9s du magasin.<\/p>\n<p class=\" wall-content\">\u00c0 l\u2019arriv\u00e9e, aucune interpellation n\u2019a \u00e9t\u00e9 r\u00e9alis\u00e9e.<\/p>\n<p class=\" wall-content\">Personnalisez votre actualit\u00e9 en ajoutant vos villes et m\u00e9dias en favori avec <a href=\"https:\/\/moncompte.actu.fr\" title=\"D\u00e9couvez Mon Actu\" rel=\"nofollow noopener\" data-trk=\"{&quot;cta&quot;:{&quot;action&quot;:&quot;https:\\\/\\\/moncompte.actu.fr&quot;,&quot;category&quot;:&quot;mon compte&quot;,&quot;from&quot;:&quot;article footer&quot;,&quot;name&quot;:&quot;Mon actu&quot;,&quot;type&quot;:&quot;cta&quot;}}\" target=\"_blank\">Mon Actu<\/a>.<\/p>\n<p>                    <script async src=\"\/\/www.tiktok.com\/embed.js\"><\/script><\/p>\n","protected":false},"excerpt":{"rendered":"Par Guillaume Laurens Publi\u00e9 le 13 sept. 2025 \u00e0 20h04 La ficelle \u00e9tait visiblement un peu grosse. Apr\u00e8s&hellip;\n","protected":false},"author":2,"featured_media":388439,"comment_status":"","ping_status":"","sticky":false,"template":"","format":"standard","meta":{"footnotes":""},"categories":[2816],"tags":[1111,11,47212,4304,1777,674,1011,27,12,2680,25,104,2312],"class_list":{"0":"post-388438","1":"post","2":"type-post","3":"status-publish","4":"format-standard","5":"has-post-thumbnail","7":"category-toulouse","8":"tag-actu","9":"tag-actualites","10":"tag-bloquons-tout","11":"tag-carrefour","12":"tag-eu","13":"tag-europe","14":"tag-fr","15":"tag-france","16":"tag-news","17":"tag-occitanie","18":"tag-republique-francaise","19":"tag-societe","20":"tag-toulouse"},"share_on_mastodon":{"url":"","error":""},"_links":{"self":[{"href":"https:\/\/www.europesays.com\/fr\/wp-json\/wp\/v2\/posts\/388438","targetHints":{"allow":["GET"]}}],"collection":[{"href":"https:\/\/www.europesays.com\/fr\/wp-json\/wp\/v2\/posts"}],"about":[{"href":"https:\/\/www.europesays.com\/fr\/wp-json\/wp\/v2\/types\/post"}],"author":[{"embeddable":true,"href":"https:\/\/www.europesays.com\/fr\/wp-json\/wp\/v2\/users\/2"}],"replies":[{"embeddable":true,"href":"https:\/\/www.europesays.com\/fr\/wp-json\/wp\/v2\/comments?post=388438"}],"version-history":[{"count":0,"href":"https:\/\/www.europesays.com\/fr\/wp-json\/wp\/v2\/posts\/388438\/revisions"}],"wp:featuredmedia":[{"embeddable":true,"href":"https:\/\/www.europesays.com\/fr\/wp-json\/wp\/v2\/media\/388439"}],"wp:attachment":[{"href":"https:\/\/www.europesays.com\/fr\/wp-json\/wp\/v2\/media?parent=388438"}],"wp:term":[{"taxonomy":"category","embeddable":true,"href":"https:\/\/www.europesays.com\/fr\/wp-json\/wp\/v2\/categories?post=388438"},{"taxonomy":"post_tag","embeddable":true,"href":"https:\/\/www.europesays.com\/fr\/wp-json\/wp\/v2\/tags?post=388438"}],"curies":[{"name":"wp","href":"https:\/\/api.w.org\/{rel}","templated":true}]}}