{"id":388442,"date":"2025-09-13T18:19:11","date_gmt":"2025-09-13T18:19:11","guid":{"rendered":"https:\/\/www.europesays.com\/fr\/388442\/"},"modified":"2025-09-13T18:19:11","modified_gmt":"2025-09-13T18:19:11","slug":"ce-que-les-elus-nont-deja-plus-le-droit-de-faire-avec-largent-public-et-comment-ils-sen-arrangent","status":"publish","type":"post","link":"https:\/\/www.europesays.com\/fr\/388442\/","title":{"rendered":"Ce que les \u00e9lus n&rsquo;ont d\u00e9j\u00e0 plus le droit de faire avec l&rsquo;argent public et comment ils s&rsquo;en arrangent"},"content":{"rendered":"<p>Depuis le 1er\u00a0septembre, les candidats aux <a href=\"https:\/\/www.laprovence.com\/article\/politique\/3634658254941914\/municipales-2026-l-union-de-la-droite-a-marseille-aujourd-hui-c-est-un-fait-affirme-romain-simmarano\" target=\"_blank\" rel=\"noopener\">prochaines municipales \u00e0 Marseille<\/a> sont soumis \u00e0 la l\u00e9gislation de la p\u00e9riode pr\u00e9-\u00e9lectorale. Et ce, qu\u2019ils soient officiellement d\u00e9clar\u00e9s (Franck Allisio, <a href=\"https:\/\/www.laprovence.com\/article\/politique\/3076091261920214\/municipales-2026-le-divers-droit-frederic-collart-oui-je-suis-candidat-a-marseille\" target=\"_blank\" rel=\"noopener\">Fr\u00e9d\u00e9ric Collart<\/a>) ou pressentis (Beno\u00eet Payan, Martine Vassal, S\u00e9bastien Delogu\u2026). Cette phase de six mois vise d\u2019abord les sortants\u00a0: historiquement, la r\u00e8gle a \u00e9t\u00e9 mise en place pour \u00e9viter qu\u2019ils n\u2019utilisent les moyens de leurs collectivit\u00e9s pour dresser un bilan avantageux ou faire des promesses pour, in fine, influencer les \u00e9lecteurs \u00e0 proximit\u00e9 imm\u00e9diate du scrutin.<\/p>\n<p>Jusqu\u2019aux 15\u00a0et 22\u00a0mars\u00a02026, les \u00e9lus n\u2019ont donc plus le droit d\u2019inaugurer une biblioth\u00e8que ouverte depuis deux ans ou de s\u2019offrir des encarts sur des abribus avec leur nom et leur fonction. \u00ab\u00a0Lorsqu\u2019on a un bilan de mandat \u00e0 pr\u00e9senter, on doit faire extr\u00eamement attention sur ce qu\u2019on va communiquer. Mais ces r\u00e8gles, qui existent depuis le d\u00e9but des ann\u00e9es\u00a01990, sont aujourd\u2019hui bien connues des \u00e9lus\u00a0\u00bb, analyse Sophie Lamouroux, professeure de droit public \u00e0 Aix-Marseille universit\u00e9 et sp\u00e9cialiste du droit \u00e9lectoral.<\/p>\n<p>Tout manquement \u00e0 ce principe de neutralit\u00e9 pourrait \u00eatre sanctionn\u00e9 &#8211;\u00a0a posteriori\u00a0&#8211; par des p\u00e9nalit\u00e9s fi&#8230;<\/p>\n","protected":false},"excerpt":{"rendered":"Depuis le 1er\u00a0septembre, les candidats aux prochaines municipales \u00e0 Marseille sont soumis \u00e0 la l\u00e9gislation de la p\u00e9riode&hellip;\n","protected":false},"author":2,"featured_media":388443,"comment_status":"","ping_status":"","sticky":false,"template":"","format":"standard","meta":{"footnotes":""},"categories":[2814],"tags":[17,1111,11,1442,6084,10153,1777,674,1011,27,151,884,26058,12,378,316,882,746,25],"class_list":{"0":"post-388442","1":"post","2":"type-post","3":"status-publish","4":"format-standard","5":"has-post-thumbnail","7":"category-marseille","8":"tag-17","9":"tag-actu","10":"tag-actualites","11":"tag-deja","12":"tag-droit","13":"tag-elus","14":"tag-eu","15":"tag-europe","16":"tag-fr","17":"tag-france","18":"tag-les","19":"tag-marseille","20":"tag-nont","21":"tag-news","22":"tag-plus","23":"tag-politique","24":"tag-provence-alpes-cote-dazur","25":"tag-que","26":"tag-republique-francaise"},"share_on_mastodon":{"url":"https:\/\/pubeurope.com\/@fr\/115198372357109726","error":""},"_links":{"self":[{"href":"https:\/\/www.europesays.com\/fr\/wp-json\/wp\/v2\/posts\/388442","targetHints":{"allow":["GET"]}}],"collection":[{"href":"https:\/\/www.europesays.com\/fr\/wp-json\/wp\/v2\/posts"}],"about":[{"href":"https:\/\/www.europesays.com\/fr\/wp-json\/wp\/v2\/types\/post"}],"author":[{"embeddable":true,"href":"https:\/\/www.europesays.com\/fr\/wp-json\/wp\/v2\/users\/2"}],"replies":[{"embeddable":true,"href":"https:\/\/www.europesays.com\/fr\/wp-json\/wp\/v2\/comments?post=388442"}],"version-history":[{"count":0,"href":"https:\/\/www.europesays.com\/fr\/wp-json\/wp\/v2\/posts\/388442\/revisions"}],"wp:featuredmedia":[{"embeddable":true,"href":"https:\/\/www.europesays.com\/fr\/wp-json\/wp\/v2\/media\/388443"}],"wp:attachment":[{"href":"https:\/\/www.europesays.com\/fr\/wp-json\/wp\/v2\/media?parent=388442"}],"wp:term":[{"taxonomy":"category","embeddable":true,"href":"https:\/\/www.europesays.com\/fr\/wp-json\/wp\/v2\/categories?post=388442"},{"taxonomy":"post_tag","embeddable":true,"href":"https:\/\/www.europesays.com\/fr\/wp-json\/wp\/v2\/tags?post=388442"}],"curies":[{"name":"wp","href":"https:\/\/api.w.org\/{rel}","templated":true}]}}