{"id":388452,"date":"2025-09-13T18:25:11","date_gmt":"2025-09-13T18:25:11","guid":{"rendered":"https:\/\/www.europesays.com\/fr\/388452\/"},"modified":"2025-09-13T18:25:11","modified_gmt":"2025-09-13T18:25:11","slug":"les-voleurs-sont-partout-meme-en-haute-montagne-les-gendarmes-interceptent-les-coupables-au-mont-blanc","status":"publish","type":"post","link":"https:\/\/www.europesays.com\/fr\/388452\/","title":{"rendered":"\u00ab\u00a0Les voleurs sont partout, m\u00eame en haute montagne\u00a0!\u00a0\u00bb\u00a0: les gendarmes interceptent les coupables au mont Blanc"},"content":{"rendered":"<p class=\"paragraph text_align_left lp-f-body-02\">La montagne, temple de l\u2019esprit de cord\u00e9e, de la solidarit\u00e9 et de l\u2019entraide ? Il semblerait h\u00e9las que cela ne soit pas le cas pour certains alpinistes mal intentionn\u00e9s, qui se muent volontiers en voleurs lorsqu\u2019ils en ont l\u2019occasion.<\/p>\n<p class=\"paragraph text_align_left lp-f-body-02\">Sur la voie royale menant au sommet du mont Blanc, depuis Saint-Gervais (<a href=\"https:\/\/www.leparisien.fr\/haute-savoie-74\/1\/\" target=\"_blank\" rel=\"noreferrer noopener\">Haute-Savoie<\/a>), de malheureux ascensionnistes l\u2019ont d\u00e9couvert \u00e0 leurs d\u00e9pens. Alors qu\u2019ils faisaient \u00e9tape au refuge du Go\u00fbter (3 835 m) permettant de se reposer une nuit avant de poursuivre jusqu\u2019au sommet, ils ont d\u00e9couvert, au moment de s\u2019\u00e9quiper, que leurs chaussures avaient disparu, le 7 septembre. Du mat\u00e9riel de s\u00e9curit\u00e9 manquait aussi dans les casiers o\u00f9 chacun range ses affaires. Ceux-ci ne sont pas ferm\u00e9s \u00e0 cl\u00e9 : on compte sur l\u2019honn\u00eatet\u00e9 des autres alpinistes lorsqu\u2019on y laisse ses effets personnels.<\/p>\n<p>\u00ab C\u2019est vraiment moche \u00bb<\/p>\n<p class=\"paragraph text_align_left lp-f-body-02\">\u00ab Les voleurs sont partout, m\u00eame en haute montagne ! C\u2019est vraiment moche \u00bb, soupire Jean-Louis, un alpiniste qui tentait le mont Blanc ce m\u00eame week-end.<\/p>\n<p class=\"paragraph text_align_left lp-f-body-02\">Aussit\u00f4t pr\u00e9venus, les agents de la Brigade blanche de Saint-Gervais, post\u00e9e en bas de la voie pour contr\u00f4ler les alpinistes, s\u2019attellent \u00e0 retrouver les coupables. Ils interceptent deux Ukrainiens et un Allemand et d\u00e9couvrent que les trois voleurs pr\u00e9sum\u00e9s avaient aussi forc\u00e9 l\u2019entr\u00e9e du chalet de la brigade pour s\u2019y ravitailler en eau et en nourriture, alors qu\u2019ils avaient \u00e9t\u00e9 refoul\u00e9s du refuge faute de place. <\/p>\n<p>\u00ab On met en danger la vie des alpinistes \u00bb<\/p>\n<p class=\"paragraph text_align_left lp-f-body-02\">Le peloton de gendarmerie de haute montagne de Chamonix a pu embarquer en h\u00e9licopt\u00e8re les contrevenants pour les interroger en vall\u00e9e.<\/p>\n<p class=\"paragraph text_align_left lp-f-body-02\">Jean-Marc Peillex, le maire de Saint-Gervais, est exc\u00e9d\u00e9 : \u00ab Voler du mat\u00e9riel est d\u00e9j\u00e0 un acte inadmissible, mais en altitude cela devient encore plus grave car on met en danger la vie des alpinistes. Le cas le plus extr\u00eame, c\u2019est le vol de chaussures : en chaussettes sur de la glace vive et de la neige, il est impossible d\u2019aller bien loin sans glisser et mourir. Nous avons d\u00e9pos\u00e9 plainte et j\u2019esp\u00e8re que le tribunal condamnera ces pseudos alpinistes. \u00bb<\/p>\n<p class=\"paragraph text_align_left lp-f-body-02\">Selon Laurent Roche, un guide de haute montagne, ces vols sont plus courants qu\u2019on ne le pense au mont Blanc. \u00ab Ce n\u2019est pas pour rien qu\u2019en tant que guide, on met notre matos dans des casiers ferm\u00e9s aux refuges. \u00bb<\/p>\n","protected":false},"excerpt":{"rendered":"La montagne, temple de l\u2019esprit de cord\u00e9e, de la solidarit\u00e9 et de l\u2019entraide ? Il semblerait h\u00e9las que&hellip;\n","protected":false},"author":2,"featured_media":388453,"comment_status":"","ping_status":"","sticky":false,"template":"","format":"standard","meta":{"footnotes":""},"categories":[1888],"tags":[1111,917,1928,11,1927,459,1777,674,118,1011,27,19952,12,1926,626,1925,25],"class_list":{"0":"post-388452","1":"post","2":"type-post","3":"status-publish","4":"format-standard","5":"has-post-thumbnail","7":"category-paris","8":"tag-actu","9":"tag-actu-locale","10":"tag-actu-paris","11":"tag-actualites","12":"tag-actualites-paris","13":"tag-departements-horsidfo","14":"tag-eu","15":"tag-europe","16":"tag-faits-divers","17":"tag-fr","18":"tag-france","19":"tag-haute-savoie-74","20":"tag-news","21":"tag-news-paris","22":"tag-paris","23":"tag-paris-news","24":"tag-republique-francaise"},"share_on_mastodon":{"url":"https:\/\/pubeurope.com\/@fr\/115198395914658200","error":""},"_links":{"self":[{"href":"https:\/\/www.europesays.com\/fr\/wp-json\/wp\/v2\/posts\/388452","targetHints":{"allow":["GET"]}}],"collection":[{"href":"https:\/\/www.europesays.com\/fr\/wp-json\/wp\/v2\/posts"}],"about":[{"href":"https:\/\/www.europesays.com\/fr\/wp-json\/wp\/v2\/types\/post"}],"author":[{"embeddable":true,"href":"https:\/\/www.europesays.com\/fr\/wp-json\/wp\/v2\/users\/2"}],"replies":[{"embeddable":true,"href":"https:\/\/www.europesays.com\/fr\/wp-json\/wp\/v2\/comments?post=388452"}],"version-history":[{"count":0,"href":"https:\/\/www.europesays.com\/fr\/wp-json\/wp\/v2\/posts\/388452\/revisions"}],"wp:featuredmedia":[{"embeddable":true,"href":"https:\/\/www.europesays.com\/fr\/wp-json\/wp\/v2\/media\/388453"}],"wp:attachment":[{"href":"https:\/\/www.europesays.com\/fr\/wp-json\/wp\/v2\/media?parent=388452"}],"wp:term":[{"taxonomy":"category","embeddable":true,"href":"https:\/\/www.europesays.com\/fr\/wp-json\/wp\/v2\/categories?post=388452"},{"taxonomy":"post_tag","embeddable":true,"href":"https:\/\/www.europesays.com\/fr\/wp-json\/wp\/v2\/tags?post=388452"}],"curies":[{"name":"wp","href":"https:\/\/api.w.org\/{rel}","templated":true}]}}