{"id":388460,"date":"2025-09-13T18:29:10","date_gmt":"2025-09-13T18:29:10","guid":{"rendered":"https:\/\/www.europesays.com\/fr\/388460\/"},"modified":"2025-09-13T18:29:10","modified_gmt":"2025-09-13T18:29:10","slug":"lukraine-frappe-un-des-plus-grands-complexes-de-raffinage-de-petrole-de-russie","status":"publish","type":"post","link":"https:\/\/www.europesays.com\/fr\/388460\/","title":{"rendered":"L&rsquo;Ukraine frappe un des plus grands complexes de raffinage de p\u00e9trole de Russie"},"content":{"rendered":"<p>Un drone ukrainien s&rsquo;est \u00e9cras\u00e9 samedi sur l&rsquo;un des plus grands complexes de <a href=\"https:\/\/www.laprovence.com\/article\/france-monde\/4632646528461914\/trump-je-suis-pret-a-prendre-des-sanctions-significatives-contre-la-russie-a-une-condition\" target=\"_blank\" rel=\"noopener\">raffinage de p\u00e9trole de Russie<\/a>, y provoquant un incendie, a annonc\u00e9 un responsable russe.<\/p>\n<p>\u00ab\u00a0Aujourd&rsquo;hui, une installation de Bachneft (un groupe p\u00e9trolier, ndlr) a \u00e9t\u00e9 la cible d&rsquo;une attaque terroriste men\u00e9e par des drones. Un incendie s&rsquo;est d\u00e9clar\u00e9 et est actuellement en train d&rsquo;\u00eatre \u00e9teint\u00a0\u00bb, a affirm\u00e9 le chef de la r\u00e9gion russe du Bachkortostan, Radi\u00ef Khabirov, sur Telegram, assurant toutefois que les d\u00e9g\u00e2ts caus\u00e9s ne sont pas importants.<\/p>\n","protected":false},"excerpt":{"rendered":"Un drone ukrainien s&rsquo;est \u00e9cras\u00e9 samedi sur l&rsquo;un des plus grands complexes de raffinage de p\u00e9trole de Russie,&hellip;\n","protected":false},"author":2,"featured_media":388461,"comment_status":"","ping_status":"","sticky":false,"template":"","format":"standard","meta":{"footnotes":""},"categories":[1591],"tags":[17,11,52081,154,1887,329,11731,4058,5493,12,378,44329,1885,1886,132],"class_list":{"0":"post-388460","1":"post","2":"type-post","3":"status-publish","4":"format-standard","5":"has-post-thumbnail","7":"category-russie","8":"tag-17","9":"tag-actualites","10":"tag-complexes","11":"tag-des","12":"tag-federation-de-russie","13":"tag-france-monde","14":"tag-frappe","15":"tag-grands","16":"tag-lukraine","17":"tag-news","18":"tag-plus","19":"tag-raffinage","20":"tag-russia","21":"tag-russian-federation","22":"tag-russie"},"share_on_mastodon":{"url":"","error":""},"_links":{"self":[{"href":"https:\/\/www.europesays.com\/fr\/wp-json\/wp\/v2\/posts\/388460","targetHints":{"allow":["GET"]}}],"collection":[{"href":"https:\/\/www.europesays.com\/fr\/wp-json\/wp\/v2\/posts"}],"about":[{"href":"https:\/\/www.europesays.com\/fr\/wp-json\/wp\/v2\/types\/post"}],"author":[{"embeddable":true,"href":"https:\/\/www.europesays.com\/fr\/wp-json\/wp\/v2\/users\/2"}],"replies":[{"embeddable":true,"href":"https:\/\/www.europesays.com\/fr\/wp-json\/wp\/v2\/comments?post=388460"}],"version-history":[{"count":0,"href":"https:\/\/www.europesays.com\/fr\/wp-json\/wp\/v2\/posts\/388460\/revisions"}],"wp:featuredmedia":[{"embeddable":true,"href":"https:\/\/www.europesays.com\/fr\/wp-json\/wp\/v2\/media\/388461"}],"wp:attachment":[{"href":"https:\/\/www.europesays.com\/fr\/wp-json\/wp\/v2\/media?parent=388460"}],"wp:term":[{"taxonomy":"category","embeddable":true,"href":"https:\/\/www.europesays.com\/fr\/wp-json\/wp\/v2\/categories?post=388460"},{"taxonomy":"post_tag","embeddable":true,"href":"https:\/\/www.europesays.com\/fr\/wp-json\/wp\/v2\/tags?post=388460"}],"curies":[{"name":"wp","href":"https:\/\/api.w.org\/{rel}","templated":true}]}}