{"id":388475,"date":"2025-09-13T18:37:13","date_gmt":"2025-09-13T18:37:13","guid":{"rendered":"https:\/\/www.europesays.com\/fr\/388475\/"},"modified":"2025-09-13T18:37:13","modified_gmt":"2025-09-13T18:37:13","slug":"vingt-et-un-blesses-dans-lexplosion-dun-bar","status":"publish","type":"post","link":"https:\/\/www.europesays.com\/fr\/388475\/","title":{"rendered":"Vingt-et-un bless\u00e9s dans l\u2019explosion d\u2019un bar"},"content":{"rendered":"<p>Une explosion a ravag\u00e9 un bar \u00e0 Madrid samedi, blessant vingt-et-une personnes, dont trois gri\u00e8vement, ont annonc\u00e9 les services d\u2019urgence espagnols.<\/p>\n<p>Trois personnes dans un \u00e9tat \u00ab\u00a0grave\u00a0\u00bb<\/p>\n<p>Les pompiers \u00e9taient toujours en cours de d\u00e9blaiement des d\u00e9bris dans l\u2019\u00e9tablissement situ\u00e9 dans le quartier Vallecas de la capitale, ont pr\u00e9cis\u00e9 dans l\u2019apr\u00e8s-midi les services d\u2019urgence de Madrid sur X, dans une publication montrant des images du plafond partiellement effondr\u00e9 du bar et des briques \u00e9parpill\u00e9es au sol.<\/p>\n<p>Les portes de l\u2019\u00e9tablissement ont \u00e9t\u00e9 arrach\u00e9es de leurs charni\u00e8res, et des \u00e9clats de verre \u00e9parpill\u00e9s jusque dans la rue. Les services de la protection civile et du personnel m\u00e9dical ont soign\u00e9 vingt-et-une personnes, dont trois se trouvaient dans un \u00e9tat \u00ab\u00a0grave\u00a0\u00bb et deux dans un \u00e9tat \u00ab\u00a0potentiellement grave\u00a0\u00bb, selon les services d\u2019urgence.<\/p>\n<\/p>\n<p>Des chiens renifleurs et des drones ont \u00e9t\u00e9 d\u00e9ploy\u00e9s pour aider lors de l\u2019intervention, ont-ils ajout\u00e9.<\/p>\n","protected":false},"excerpt":{"rendered":"Une explosion a ravag\u00e9 un bar \u00e0 Madrid samedi, blessant vingt-et-une personnes, dont trois gri\u00e8vement, ont annonc\u00e9 les&hellip;\n","protected":false},"author":2,"featured_media":388476,"comment_status":"","ping_status":"","sticky":false,"template":"","format":"standard","meta":{"footnotes":""},"categories":[2],"tags":[47,11,123,2688,118,1011,27,9471,12,25],"class_list":{"0":"post-388475","1":"post","2":"type-post","3":"status-publish","4":"format-standard","5":"has-post-thumbnail","7":"category-actualites","8":"tag-actualite","9":"tag-actualites","10":"tag-espagne","11":"tag-explosion","12":"tag-faits-divers","13":"tag-fr","14":"tag-france","15":"tag-madrid","16":"tag-news","17":"tag-republique-francaise"},"share_on_mastodon":{"url":"https:\/\/pubeurope.com\/@fr\/115198443119626291","error":""},"_links":{"self":[{"href":"https:\/\/www.europesays.com\/fr\/wp-json\/wp\/v2\/posts\/388475","targetHints":{"allow":["GET"]}}],"collection":[{"href":"https:\/\/www.europesays.com\/fr\/wp-json\/wp\/v2\/posts"}],"about":[{"href":"https:\/\/www.europesays.com\/fr\/wp-json\/wp\/v2\/types\/post"}],"author":[{"embeddable":true,"href":"https:\/\/www.europesays.com\/fr\/wp-json\/wp\/v2\/users\/2"}],"replies":[{"embeddable":true,"href":"https:\/\/www.europesays.com\/fr\/wp-json\/wp\/v2\/comments?post=388475"}],"version-history":[{"count":0,"href":"https:\/\/www.europesays.com\/fr\/wp-json\/wp\/v2\/posts\/388475\/revisions"}],"wp:featuredmedia":[{"embeddable":true,"href":"https:\/\/www.europesays.com\/fr\/wp-json\/wp\/v2\/media\/388476"}],"wp:attachment":[{"href":"https:\/\/www.europesays.com\/fr\/wp-json\/wp\/v2\/media?parent=388475"}],"wp:term":[{"taxonomy":"category","embeddable":true,"href":"https:\/\/www.europesays.com\/fr\/wp-json\/wp\/v2\/categories?post=388475"},{"taxonomy":"post_tag","embeddable":true,"href":"https:\/\/www.europesays.com\/fr\/wp-json\/wp\/v2\/tags?post=388475"}],"curies":[{"name":"wp","href":"https:\/\/api.w.org\/{rel}","templated":true}]}}