{"id":388487,"date":"2025-09-13T18:44:16","date_gmt":"2025-09-13T18:44:16","guid":{"rendered":"https:\/\/www.europesays.com\/fr\/388487\/"},"modified":"2025-09-13T18:44:16","modified_gmt":"2025-09-13T18:44:16","slug":"pecco-bagnaia-plus-perdu-que-jamais-je-vis-un-cauchemar","status":"publish","type":"post","link":"https:\/\/www.europesays.com\/fr\/388487\/","title":{"rendered":"Pecco Bagnaia plus perdu que jamais\u00a0: \u00ab\u00a0Je vis un cauchemar\u00a0\u00bb"},"content":{"rendered":"<p>Le sc\u00e9nario se r\u00e9p\u00e8te inlassablement pour <a href=\"https:\/\/fr.motorsport.com\/driver\/pecco-bagnaia\/109394\/\" target=\"_blank\" rel=\"noopener\">Pecco Bagnaia<\/a>. Chaque \u00e9claircie est suivie d&rsquo;une plong\u00e9e encore plus profonde dans des probl\u00e8mes inexplicables et Misano ne d\u00e9roge pas \u00e0 la r\u00e8gle\u00a0: apr\u00e8s une entame de week-end encourageante, jusqu&rsquo;aux qualifications malgr\u00e9 une erreur en Q2, l&rsquo;Italien a v\u00e9cu un sprint calamiteux, sans comprendre pourquoi.<\/p>\n<p>D\u00e8s le premier tour, Bagnaia a eu du mal avec l&rsquo;avant de sa moto, comme trop souvent cette ann\u00e9e. Parti huiti\u00e8me, il \u00e9tait septi\u00e8me en sortant du premier virage mais a commenc\u00e9 \u00e0 d\u00e9gringoler dans le classement. Le repr\u00e9sentant de Ducati n&rsquo;\u00e9tait d\u00e9j\u00e0 plus que 11e \u00e0 la fin du premier tour et seulement 13e sus le drapeau \u00e0 damier, malgr\u00e9 trois chutes devant lui.<\/p>\n<p>Bagnaia est d\u00e9sormais <a href=\"https:\/\/fr.motorsport.com\/motogp\/news\/championnat-bagnaia-exclu-course-titre-freres-marquez\/10759080\/\" target=\"_blank\" rel=\"noopener\">officiellement \u00e9limin\u00e9 de la course au titre 2025<\/a>. Une pr\u00e9occupation qui semble bien loin d&rsquo;un pilote plus perdu que jamais&#8230;<\/p>\n<p><strong>Les probl\u00e8mes sont-ils li\u00e9s au r\u00e9servoir utilis\u00e9 pendant le sprint\u00a0? \u00c0 tes sensations\u00a0? Au circuit\u00a0?<\/strong><\/p>\n<p>J&rsquo;aimerais avoir la r\u00e9ponse. Vous pouvez me croire, je ne l&rsquo;ai pas. Je n&rsquo;ai aucune r\u00e9ponse. J&rsquo;ai eu du mal \u00e0 partir du troisi\u00e8me virage. Je vis un cauchemar et je veux juste relever la t\u00eate, voir un peu de lumi\u00e8re. C&rsquo;est assez bizarre. J&rsquo;aimerais juste finir les interviews aussi vite que possible pour revenir au garage et discuter avec l&rsquo;\u00e9quipe pour comprendre quelque chose.<\/p>\n<p><strong>Que ne faisait pas la moto alors qu&rsquo;elle le faisait hier\u00a0?<\/strong><\/p>\n<p>Le freinage, l&rsquo;entr\u00e9e, s&rsquo;arr\u00eater, tout.<\/p>\n<p>   <img decoding=\"async\" draggable=\"false\" src=\"https:\/\/www.europesays.com\/fr\/wp-content\/uploads\/2025\/09\/1757789055_513_francesco-bagnaia-ducati-team.jpg\" alt=\"Francesco Bagnaia, Ducati Team\" width=\"1200\" height=\"800\" loading=\"lazy\"\/> <\/p>\n<p class=\"title\">Pecco Bagnaia<\/p>\n<p class=\"photographer\">Photo de: Roberto Tommasini \/ NurPhoto via Getty Images<\/p>\n<p><strong>Tes probl\u00e8mes habituels&#8230;<\/strong><\/p>\n<p>Oui.<\/p>\n<p><strong>Tu \u00e9tais optimiste hier&#8230;<\/strong><\/p>\n<p>Ce matin aussi.<\/p>\n<p>Lire aussi :<\/p>\n<p><strong>Et tu \u00e9tais rapide\u00a0!<\/strong><\/p>\n<p>Ce matin, c&rsquo;est de ma faute. J&rsquo;ai perdu deux dixi\u00e8mes, je n&rsquo;ai pas fait un tour fantastique, mais la moto pouvait se qualifier en premi\u00e8re ligne. J&rsquo;ai fait quelques erreurs pendant le tour. Mais ce matin, j&rsquo;avais le rythme pour me battre pour un podium. Rien de plus, rien de moins. D\u00e8s que \u00e7a a commenc\u00e9, j&rsquo;ai eu du mal d\u00e8s le premier freinage, au virage 4. \u00c0 partir de l\u00e0, quand j&rsquo;essayais de ralentir, de prendre de l&rsquo;angle, l&rsquo;avant partait partout. Il faut analyser ce qu&rsquo;il s&rsquo;est pass\u00e9.<\/p>\n<p><strong>En Hongrie et en Catalogne, on a vu des progr\u00e8s le dimanche. Est-ce que cela te donne de l&rsquo;espoir\u00a0?<\/strong><\/p>\n<p>J&rsquo;esp\u00e8re. J&rsquo;esp\u00e8re vraiment que demain, ce sera une course normale, sans aucun souci. J&rsquo;aimerais juste prendre du plaisir.<\/p>\n<p>   <img decoding=\"async\" draggable=\"false\" src=\"https:\/\/www.europesays.com\/fr\/wp-content\/uploads\/2025\/09\/1757789056_866_francesco-bagnaia-ducati-team.jpg\" alt=\"Francesco Bagnaia, Ducati Team\" width=\"1200\" height=\"800\" loading=\"lazy\"\/> <\/p>\n<p class=\"title\">Pecco Bagnaia<\/p>\n<p class=\"photographer\">Photo de: Gold and Goose Photography \/ LAT Images \/ via Getty Images<\/p>\n<p><strong>Le warm-up sera-t-il important\u00a0? Hier, tu disais que tu ne voulais pas faire de gros changements&#8230;<\/strong><\/p>\n<p>Aujourd&rsquo;hui non plus, nous n&rsquo;avons rien chang\u00e9.<\/p>\n<p><strong>Mais demain\u00a0?<\/strong><\/p>\n<p>Demain, je pense qu&rsquo;on ne changera rien, parce que la moto fonctionnait bien jusqu&rsquo;aux qualifications. J&rsquo;esp\u00e8re juste que c&rsquo;\u00e9tait un sprint bizarre.<\/p>\n<blockquote>\n<p>L&rsquo;effort est difficile mais ma t\u00eate est dure. Je ne perdrai pas ma foi en mon potentiel et en mon \u00e9quipe.<\/p>\n<\/blockquote>\n<p><strong>As-tu l&rsquo;impression que c&rsquo;est al\u00e9atoire\u00a0?<\/strong><\/p>\n<p>Pas vraiment, mais je sens qu&rsquo;on ne comprend pas ce qui se passe. C&rsquo;est le chaos. C&rsquo;est la r\u00e9alit\u00e9.<\/p>\n<p><strong>\u00c9motionnellement, tu as des hauts et des bas presque tous les jours. Comment g\u00e8res-tu \u00e7a ?<\/strong><\/p>\n<p>L&rsquo;effort est difficile mais ma t\u00eate est dure. Je ne perdrai pas ma foi en mon potentiel et en mon \u00e9quipe. Je vais continuer \u00e0 travailler, \u00e0 tout donner, ils vont continuer \u00e0 travailler et un jour, on se rel\u00e8vera. J&rsquo;esp\u00e8re que ce sera tr\u00e8s vite.<\/p>\n<p>Lire aussi :<\/p>\n<p>Dans cet article<\/p>\n<p>Soyez le premier inform\u00e9 et souscrivez aux alertes mails pour recevoir les infos en temps r\u00e9el<\/p>\n<p>    S&rsquo;abonner aux alertes de news<\/p>\n","protected":false},"excerpt":{"rendered":"Le sc\u00e9nario se r\u00e9p\u00e8te inlassablement pour Pecco Bagnaia. Chaque \u00e9claircie est suivie d&rsquo;une plong\u00e9e encore plus profonde dans&hellip;\n","protected":false},"author":2,"featured_media":388488,"comment_status":"","ping_status":"","sticky":false,"template":"","format":"standard","meta":{"footnotes":""},"categories":[1413],"tags":[4950,1011,27,48392,48393,1457,1456,1458,4951,52082,60],"class_list":{"0":"post-388487","1":"post","2":"type-post","3":"status-publish","4":"format-standard","5":"has-post-thumbnail","7":"category-moto","8":"tag-ducati-team","9":"tag-fr","10":"tag-france","11":"tag-gp-de-saint-marin","12":"tag-misano-world-circuit-marco-simoncelli","13":"tag-moto","14":"tag-motocycle","15":"tag-motogp","16":"tag-pecco-bagnaia","17":"tag-pecco-bagnaia-plus-perdu-que-jamaisu00a0-je-vis-un-cauchemar","18":"tag-sports"},"share_on_mastodon":{"url":"https:\/\/pubeurope.com\/@fr\/115198471633710945","error":""},"_links":{"self":[{"href":"https:\/\/www.europesays.com\/fr\/wp-json\/wp\/v2\/posts\/388487","targetHints":{"allow":["GET"]}}],"collection":[{"href":"https:\/\/www.europesays.com\/fr\/wp-json\/wp\/v2\/posts"}],"about":[{"href":"https:\/\/www.europesays.com\/fr\/wp-json\/wp\/v2\/types\/post"}],"author":[{"embeddable":true,"href":"https:\/\/www.europesays.com\/fr\/wp-json\/wp\/v2\/users\/2"}],"replies":[{"embeddable":true,"href":"https:\/\/www.europesays.com\/fr\/wp-json\/wp\/v2\/comments?post=388487"}],"version-history":[{"count":0,"href":"https:\/\/www.europesays.com\/fr\/wp-json\/wp\/v2\/posts\/388487\/revisions"}],"wp:featuredmedia":[{"embeddable":true,"href":"https:\/\/www.europesays.com\/fr\/wp-json\/wp\/v2\/media\/388488"}],"wp:attachment":[{"href":"https:\/\/www.europesays.com\/fr\/wp-json\/wp\/v2\/media?parent=388487"}],"wp:term":[{"taxonomy":"category","embeddable":true,"href":"https:\/\/www.europesays.com\/fr\/wp-json\/wp\/v2\/categories?post=388487"},{"taxonomy":"post_tag","embeddable":true,"href":"https:\/\/www.europesays.com\/fr\/wp-json\/wp\/v2\/tags?post=388487"}],"curies":[{"name":"wp","href":"https:\/\/api.w.org\/{rel}","templated":true}]}}