{"id":388494,"date":"2025-09-13T18:48:17","date_gmt":"2025-09-13T18:48:17","guid":{"rendered":"https:\/\/www.europesays.com\/fr\/388494\/"},"modified":"2025-09-13T18:48:17","modified_gmt":"2025-09-13T18:48:17","slug":"prince-harry-sa-visite-surprise-en-ukraine-est-un-defi-a-la-famille-royale-et-a-son-pere","status":"publish","type":"post","link":"https:\/\/www.europesays.com\/fr\/388494\/","title":{"rendered":"Prince Harry : sa visite surprise en Ukraine est \u00ab\u00a0un d\u00e9fi\u00a0\u00bb \u00e0 la famille royale et \u00e0 son p\u00e8re"},"content":{"rendered":"<p class=\"p1\">Apr\u00e8s la rentr\u00e9e d&rsquo;Archie et Lilibet, <a href=\"https:\/\/www.closermag.fr\/royautes\/prince-harry-cette-seule-condition-quil-doit-respecter-pour-que-ses-retrouvailles-avec-son-pere-soient-definitives-3579233\" target=\"_blank\" rel=\"noopener\"><br \/>\nle prince Harry<\/a> s&rsquo;est offert une vir\u00e9e de quatre jours au-del\u00e0<br \/>\ndes fronti\u00e8res am\u00e9ricains. Son court voyage l&rsquo;a men\u00e9 <strong>dans<br \/>\nun premier temps au Royaume-Uni<\/strong>. Son agenda pr\u00e9voyait<br \/>\n<strong>une rencontre de courte dur\u00e9e<\/strong> avec <strong>son<br \/>\np\u00e8re,<\/strong> <a href=\"https:\/\/www.closermag.fr\/royautes\/charles-iii-reconcilie-avec-harry-et-maintenant-cest-avec-william-quil-a-des-problemes-3579231\" target=\"_blank\" rel=\"noopener\"><br \/>\nCharles III<\/a>, qu&rsquo;il n&rsquo;avait pas vu en chair et en os depuis un<br \/>\nan et demi.<\/p>\n<p class=\"p1\">Longue de 55 minutes, l&rsquo;entrevue s&rsquo;est d\u00e9roul\u00e9e \u00e0<br \/>\nl&rsquo;heure du th\u00e9 <strong>dans les int\u00e9rieurs feutr\u00e9s de Clarence<br \/>\nHouse<\/strong>. Selon plusieurs rumeurs, Sophie, duchesse<br \/>\nd\u2019Edimbourg,\u00a0pourrait avoir assist\u00e9 \u00e0 la rencontre. Des<br \/>\nt\u00e9moins affirment en effet l&rsquo;avoir aper\u00e7ue quitter la r\u00e9sidence<br \/>\nroyale en fin de journ\u00e9e. Au terme de cette escapade londonienne,<br \/>\nle \u00ab\u00a0Suppl\u00e9ant\u00a0\u00bb a pris la direction de l&rsquo;Europe de l&rsquo;Est.<\/p>\n<p><img loading=\"lazy\" decoding=\"async\" aria-describedby=\"caption-attachment-3579237\" itemprop=\"thumbnailUrl\" class=\"size-large wp-image-3579237 img-responsive\" src=\"https:\/\/www.europesays.com\/fr\/wp-content\/uploads\/2025\/09\/le-prince-harry-683x1024.jpg\" alt=\"Le prince Harry\" width=\"683\" height=\"1024\"\/><br \/>\n\u00a9<br \/>\nBestimage<\/p>\n<p id=\"caption-attachment-3579237\" class=\"wp-caption-text\">Le<br \/>\nprince Harry, un Britannique exil\u00e9 en Californie<\/p>\n<p>Prince Harry : pourquoi son voyage en Ukraine<br \/>\nd\u00e9pla\u00eet \u00e0 la famille royale britannique ?<\/p>\n<p class=\"p1\">Ce jeudi 11 septembre, le prince Harry s&rsquo;est rendu<br \/>\n<strong>au chevet des v\u00e9t\u00e9rans \u00e0 Kiev<\/strong>, alors que<br \/>\n<strong>la guerre entre la Russie et<\/strong> <a href=\"https:\/\/www.closermag.fr\/politique\/vladimir-poutine-ces-medicaments-anticancereux-hallucinogenes-qui-l-auraient-pousse-a-envahir-l-ukraine-1679914\" target=\"_blank\" rel=\"noopener\"><br \/>\nl&rsquo;Ukraine<\/a> continue de faire rage. Selon les experts royaux,<br \/>\ncette visite surprise symbolise une r\u00e9ussite au regard des<br \/>\ninjonctions que <a href=\"https:\/\/www.closermag.fr\/royautes\/la-famille-royale-britannique-un-soap-opera-cest-une-star-internationale-intime-delizabeth-ii-et-charles-iii-qui-laffirme-3571321\" target=\"_blank\" rel=\"noopener\"><br \/>\nla famille royale britannique<\/a> tentaient de lui imposer avant le<br \/>\nfameux Megxit. <strong>Un \u00ab\u00a0d\u00e9fi\u00a0\u00bb qui d\u00e9plairait fortement \u00e0 Charles<br \/>\nIII<\/strong>.<\/p>\n<p class=\"p1\">\u00ab\u00a0Il est tellement bon dans son travail,<br \/>\nrel\u00e8ve la journaliste Jennie Bond dans les colonnes du Daily<br \/>\nMirror. Cette semaine, il semblait vraiment<br \/>\ns\u2019amuser.\u00a0\u00bb Malgr\u00e9 les vagues de critiques qu&rsquo;il continue<br \/>\nd&rsquo;essayer, le prince a ainsi d\u00e9montr\u00e9 que les Windsor ont beaucoup<br \/>\nperdu \u00e0 <strong>lui refuser de concilier deux vies<\/strong>, entre<br \/>\nla Californie et le Royaume-Uni.<\/p>\n<p>Prince Harry : pourquoi a-t-il<br \/>\ndemand\u00e9 l&rsquo;accord de sa femme ?<\/p>\n<p class=\"p1\">Dans les pages du Guardian, on apprend que<br \/>\n<strong>l&rsquo;id\u00e9e de ce voyage<\/strong> lui aurait \u00e9t\u00e9 souffl\u00e9e \u00e0<br \/>\nl&rsquo;oreille par une certaine Olga Rudnieva, PDG et fondatrice du<br \/>\nSuperhumans Centre, <strong>lors d&rsquo;une \u00ab\u00a0rencontre<br \/>\nfortuite\u00a0\u00bb \u00e0 New York<\/strong>. <a href=\"https:\/\/www.closermag.fr\/royautes\/meghan-markle-cet-espace-dans-sa-demeure-de-montecito-qui-brise-les-codes-du-design-3578812\" target=\"_blank\" rel=\"noopener\"><br \/>\nMeghan Markle<\/a> a eu son mot \u00e0 dire malgr\u00e9 tout, est-il pr\u00e9cis\u00e9<br \/>\ndans ce m\u00eame article.<\/p>\n<p class=\"p1\"><a href=\"https:\/\/www.closermag.fr\/royautes\/prince-harry-optimiste-il-a-bon-espoir-de-ramener-meghan-archie-et-lilibet-au-royaume-uni-3576431\" target=\"_blank\" rel=\"noopener\"><br \/>\nLe p\u00e8re d&rsquo;Archie et Lilibet<\/a> raconte avoir demand\u00e9 au pr\u00e9alable<br \/>\n<strong>l&rsquo;accord de sa femme<\/strong>. Mais pas que. \u00ab\u00a0J\u2019ai d\u00fb<br \/>\ndemander \u00e0 ma femme et au gouvernement britannique pour<br \/>\n<strong>m\u2019assurer qu\u2019il n\u2019y avait pas de probl\u00e8me<\/strong>\u00ab\u00a0,<br \/>\nexplique-t-il \u00e0 nos confr\u00e8res. Pr\u00e9cisons enfin que Meghan Markle<br \/>\nn&rsquo;\u00e9tait pas du voyage.<\/p>\n","protected":false},"excerpt":{"rendered":"Apr\u00e8s la rentr\u00e9e d&rsquo;Archie et Lilibet, le prince Harry s&rsquo;est offert une vir\u00e9e de quatre jours au-del\u00e0 des&hellip;\n","protected":false},"author":2,"featured_media":388495,"comment_status":"","ping_status":"","sticky":false,"template":"","format":"standard","meta":{"footnotes":""},"categories":[1359],"tags":[548,581,58,59,545,1011,27,973,267],"class_list":{"0":"post-388494","1":"post","2":"type-post","3":"status-publish","4":"format-standard","5":"has-post-thumbnail","7":"category-people","8":"tag-article-simple","9":"tag-charles-iii","10":"tag-divertissement","11":"tag-entertainment","12":"tag-famille-royale-britannique","13":"tag-fr","14":"tag-france","15":"tag-people","16":"tag-prince-harry"},"share_on_mastodon":{"url":"https:\/\/pubeurope.com\/@fr\/115198486763867356","error":""},"_links":{"self":[{"href":"https:\/\/www.europesays.com\/fr\/wp-json\/wp\/v2\/posts\/388494","targetHints":{"allow":["GET"]}}],"collection":[{"href":"https:\/\/www.europesays.com\/fr\/wp-json\/wp\/v2\/posts"}],"about":[{"href":"https:\/\/www.europesays.com\/fr\/wp-json\/wp\/v2\/types\/post"}],"author":[{"embeddable":true,"href":"https:\/\/www.europesays.com\/fr\/wp-json\/wp\/v2\/users\/2"}],"replies":[{"embeddable":true,"href":"https:\/\/www.europesays.com\/fr\/wp-json\/wp\/v2\/comments?post=388494"}],"version-history":[{"count":0,"href":"https:\/\/www.europesays.com\/fr\/wp-json\/wp\/v2\/posts\/388494\/revisions"}],"wp:featuredmedia":[{"embeddable":true,"href":"https:\/\/www.europesays.com\/fr\/wp-json\/wp\/v2\/media\/388495"}],"wp:attachment":[{"href":"https:\/\/www.europesays.com\/fr\/wp-json\/wp\/v2\/media?parent=388494"}],"wp:term":[{"taxonomy":"category","embeddable":true,"href":"https:\/\/www.europesays.com\/fr\/wp-json\/wp\/v2\/categories?post=388494"},{"taxonomy":"post_tag","embeddable":true,"href":"https:\/\/www.europesays.com\/fr\/wp-json\/wp\/v2\/tags?post=388494"}],"curies":[{"name":"wp","href":"https:\/\/api.w.org\/{rel}","templated":true}]}}