{"id":388512,"date":"2025-09-13T18:57:09","date_gmt":"2025-09-13T18:57:09","guid":{"rendered":"https:\/\/www.europesays.com\/fr\/388512\/"},"modified":"2025-09-13T18:57:09","modified_gmt":"2025-09-13T18:57:09","slug":"une-decouverte-archeologique-inedite-un-fossile-vieux-de-80-000-ans-revele-que-sapiens-est-arrive-en-europe-bien-plus-tot-quon-ne-le-pensait-daily-geek-show","status":"publish","type":"post","link":"https:\/\/www.europesays.com\/fr\/388512\/","title":{"rendered":"Une d\u00e9couverte arch\u00e9ologique in\u00e9dite : un fossile vieux de 80 000 ans r\u00e9v\u00e8le que Sapiens est arriv\u00e9 en Europe bien plus t\u00f4t qu\u2019on ne le pensait &#8211; Daily Geek Show"},"content":{"rendered":"<ol>\n<li><a href=\"https:\/\/news.google.com\/rss\/articles\/CBMi-wFBVV95cUxORFNkS3pha0V5aUM3R1JFQ3F3bnM1SmJQVG5RUzVrOHc1TDlWQnRLUG41Xy02QzY4c1RsNjQ2VHNZUmVBNkhfbDdoNDgteGppT2JoUjYwcXlia1kxNl9UU0kwR1BrbFAyaHBLWjJRQ3ExV0NuQ2MxODQwNi1kbzc0ODVFMWV0elNTeVdHT1ZfampWaF81ZTdQVk52bUJzekJSTG50WnZrTklrOGtaZ21TLWhFbjBoMkJYUTBfdXg2WkdmR0lUeVFtVEt4Wmh4YnQ5bHlPNlM3V2RLWkl5Qi1SXzVwN2VlWUV2S3I4OUVtX25XTGFpcGNCQjJ1WQ?oc=5\" target=\"_blank\" rel=\"nofollow noopener\">Une d\u00e9couverte arch\u00e9ologique in\u00e9dite : un fossile vieux de 80 000 ans r\u00e9v\u00e8le que Sapiens est arriv\u00e9 en Europe bien plus t\u00f4t qu\u2019on ne le pensait<\/a>&nbsp;&nbsp;Daily Geek Show<\/li>\n<li><a href=\"https:\/\/news.google.com\/rss\/articles\/CBMijwJBVV95cUxQQ1VLR016emhXZFBEOElZTS1mY2twbFhMUUI5ZVZCd3FRYUxnbWpXQVN0ZUZRSHk3M2NjZFhYNzZzaHlHaUVFcGo0YWh3S2xsV2JjT0hIdF9DZUFheUk0V2tKSXJkSDJ5TzVGQjBpRG5RRUk5RmZvMjlLM1hYX1JQMjYzdmhFNUl1WVgwdGRldmV5V2YwYmZ5djhTbUFTRTQ1enV6YUZrZUotRElTTThYTGdNZHU1SGJ4X2RST01uTVQ1aGJGQ0tha2o5YXltWXlGZU02b085dDBRNXQzRWZ1cDBKeGNhVDNFQlBVLXZXcTk1RFZlbllOWUh0cUQzNjNXZXM3N2R3cWpKVkhEUG1n?oc=5\" target=\"_blank\" rel=\"nofollow noopener\">Des pointes de fl\u00e8ches indiquent le chemin vers l&rsquo;Europe emprunt\u00e9 par les premiers Sapiens<\/a>&nbsp;&nbsp;Sciences et Avenir<\/li>\n<li><a href=\"https:\/\/news.google.com\/rss\/articles\/CBMi7wFBVV95cUxPU0dXbDlvTkU0amlKaFd5aWZPMVlrV2xud3dWcjI3UDRNdGNnZzRSNlIxM3R0Y1pFVlYxUXYzQ0RmT1VBVFh2SG95ZkRLU1J1NGdHWURXV0JJZ2R2M1B5RUk1dzlyZm1YSXp4dUptcm8yZVBDYWZkeFU3eDA1YkVRTHB2Z29uSWk1R3Z5cWNSUzBXZDlBUDNtQVJTb1RGM2xJU183V2RzOTAybzhETlFhMFYzODJ3MHRWdEJtTmVJdFQwOE5Yd1R6Tkx3R0hYeDNkODRJNnlCOUVQSXBTTXBPbTVSOXpHS0p6eUJjdHhINA?oc=5\" target=\"_blank\" rel=\"nofollow noopener\">Le Chiffre de GEO: vieux de 80 000 ans, ces restes de fl\u00e8ches pr\u00e9historiques pourraient repousser les origines du tir \u00e0 l&rsquo;arc<\/a>&nbsp;&nbsp;magazine GEO<\/li>\n<li><a href=\"https:\/\/news.google.com\/rss\/articles\/CBMilwJBVV95cUxQNlBDcGVBbWE3VUJBd2E0YXBTNkd3RUROejE4NDdCdHQ5aTdRRkZidFI0WkREWGluMzRxRkVCZnRuajRWTUFWcFJ0LWpPRnItaFhIQU5JSUpVbVRBbktlemc5and0TUtBSFpndVFmZWlZbXZPMTVobnRLSVdxbmlzSVE5MWV6MHNKWUtDbE92dGdJZUlBdXpfQmpZb1g3a21ZeURCWm5hV2RMdFFVMDExOVoxeV9SSFJLSlNIN3dxaXR3MTNKMkZWM0ZfSnJpcHJnQVA2OGI5aThuRHJ3Rl9YY09Reng0VENUT3dsZkcya1BRVFBBWlpjVjlOQlpNLUVEWlpUOF96SUhJaXB6TzdlOGVzdFdvYTA?oc=5\" target=\"_blank\" rel=\"nofollow noopener\">Les plus anciennes pointes de fl\u00e8ches jamais d\u00e9couvertes ? Ces pierres de 80 000 ans pourraient r\u00e9\u00e9crire l&rsquo;histoire d&rsquo;Homo Sapiens<\/a>&nbsp;&nbsp;Science et vie<\/li>\n<li><a href=\"https:\/\/news.google.com\/rss\/articles\/CBMinwFBVV95cUxNOGNJUDlxSWFxRnlfc2NYZnJpMS1hNW5xNGFoVFhraDEzOVZaUFZDSXdsUGUxdW42MzduQ2hHcHZTVVc3Ymo2cGk0RVRRM1loQWZmQWdrNy1sM2xqTmU5c3FzbVRTMEZINlBuRVdpdnBXbzlaNnU2U3A4OS1tSG5ZZDFoYkpPeERjbkhjd2hRZXYtUUUwLUYtNDdnSVNQQVk?oc=5\" target=\"_blank\" rel=\"nofollow noopener\">De minuscules pointes de fl\u00e8ches r\u00e9v\u00e8lent le chemin emprunt\u00e9 par nos tous premiers anc\u00eatres pour rejoindre l&rsquo;Europe<\/a>&nbsp;&nbsp;Yahoo Actualit\u00e9s<\/li>\n<\/ol>\n","protected":false},"excerpt":{"rendered":"Une d\u00e9couverte arch\u00e9ologique in\u00e9dite : un fossile vieux de 80 000 ans r\u00e9v\u00e8le que Sapiens est arriv\u00e9 en&hellip;\n","protected":false},"author":2,"featured_media":1445,"comment_status":"","ping_status":"","sticky":false,"template":"","format":"standard","meta":{"footnotes":""},"categories":[7],"tags":[1011,27,43,40,41,39,42,44],"class_list":{"0":"post-388512","1":"post","2":"type-post","3":"status-publish","4":"format-standard","5":"has-post-thumbnail","7":"category-sciences-et-technologies","8":"tag-fr","9":"tag-france","10":"tag-science","11":"tag-science-and-technology","12":"tag-sciences","13":"tag-sciences-et-technologies","14":"tag-technologies","15":"tag-technology"},"share_on_mastodon":{"url":"https:\/\/pubeurope.com\/@fr\/115198521799834719","error":""},"_links":{"self":[{"href":"https:\/\/www.europesays.com\/fr\/wp-json\/wp\/v2\/posts\/388512","targetHints":{"allow":["GET"]}}],"collection":[{"href":"https:\/\/www.europesays.com\/fr\/wp-json\/wp\/v2\/posts"}],"about":[{"href":"https:\/\/www.europesays.com\/fr\/wp-json\/wp\/v2\/types\/post"}],"author":[{"embeddable":true,"href":"https:\/\/www.europesays.com\/fr\/wp-json\/wp\/v2\/users\/2"}],"replies":[{"embeddable":true,"href":"https:\/\/www.europesays.com\/fr\/wp-json\/wp\/v2\/comments?post=388512"}],"version-history":[{"count":0,"href":"https:\/\/www.europesays.com\/fr\/wp-json\/wp\/v2\/posts\/388512\/revisions"}],"wp:featuredmedia":[{"embeddable":true,"href":"https:\/\/www.europesays.com\/fr\/wp-json\/wp\/v2\/media\/1445"}],"wp:attachment":[{"href":"https:\/\/www.europesays.com\/fr\/wp-json\/wp\/v2\/media?parent=388512"}],"wp:term":[{"taxonomy":"category","embeddable":true,"href":"https:\/\/www.europesays.com\/fr\/wp-json\/wp\/v2\/categories?post=388512"},{"taxonomy":"post_tag","embeddable":true,"href":"https:\/\/www.europesays.com\/fr\/wp-json\/wp\/v2\/tags?post=388512"}],"curies":[{"name":"wp","href":"https:\/\/api.w.org\/{rel}","templated":true}]}}