{"id":388513,"date":"2025-09-13T18:58:13","date_gmt":"2025-09-13T18:58:13","guid":{"rendered":"https:\/\/www.europesays.com\/fr\/388513\/"},"modified":"2025-09-13T18:58:13","modified_gmt":"2025-09-13T18:58:13","slug":"le-medef-menace-dune-grande-mobilisation-patronale-si-les-impots-des-entreprises-augmentent","status":"publish","type":"post","link":"https:\/\/www.europesays.com\/fr\/388513\/","title":{"rendered":"le Medef menace d\u2019une \u00abgrande mobilisation patronale\u00bb si les imp\u00f4ts des entreprises augmentent"},"content":{"rendered":"<p>Dans Le Parisien, Patrick Martin pr\u00e9vient que \u00absi les imp\u00f4ts augmentent, il y aura une grande mobilisation patronale\u00bb.<\/p>\n<p class=\"fig-paragraph\">Le pr\u00e9sident du Medef,<a href=\"http:\/\/www.lefigaro.fr\/conjoncture\/vote-de-confiance-on-ne-joue-pas-avec-l-economie-alerte-le-patron-du-medef-patrick-martin-20250827\" data-fig-type=\"NewsFlash\" data-gtm-custom-categorie=\"navigation\" data-gtm-custom-action=\"crossclick\" data-gtm-custom-label=\"Contextuel\" data-gtm-event=\"customEventSPE\" data-fig-domain=\"LEFIGARO\" target=\"_blank\" rel=\"noopener\">\u00a0Patrick Martin<\/a>, a pr\u00e9venu samedi qu\u2019une \u00abgrande mobilisation patronale\u00bb serait organis\u00e9e si les imp\u00f4ts des entreprises \u00e9taient augment\u00e9s dans le cadre du budget 2026, et a d\u00e9nonc\u00e9 \u00abune forme de spoliation\u00bb dans la<a href=\"http:\/\/www.lefigaro.fr\/flash-eco\/taxe-zucman-pas-de-tabou-pour-le-ministre-de-l-industrie-mais-attention-a-ne-pas-penaliser-l-esprit-d-entreprise-20250912\" data-fig-type=\"NewsFlash\" data-gtm-custom-categorie=\"navigation\" data-gtm-custom-action=\"crossclick\" data-gtm-custom-label=\"Contextuel\" data-gtm-event=\"customEventSPE\" data-fig-domain=\"LEFIGARO\" target=\"_blank\" rel=\"noopener\">\u00a0taxe Zucman<\/a>\u00a0r\u00e9clam\u00e9e par la gauche.<\/p>\n<p class=\"fig-paragraph\">\u00abLes entreprises ne peuvent pas supporter de nouveaux imp\u00f4ts ou des hausses d\u2019imp\u00f4ts suppl\u00e9mentaires. Au contraire, il est m\u00eame urgent de desserrer le frein \u00e0 main pour relancer l\u2019investissement\u00bb, a d\u00e9clar\u00e9 le dirigeant de la premi\u00e8re organisation patronale fran\u00e7aise dans une interview publi\u00e9e sur le site du Parisien.<\/p>\n<p>                                    <a class=\"fig-a11y-skip a11y-hidden\" href=\"#fig-a11y-skip-main-inarticle\"><br \/>\n        Passer la publicit\u00e9<br \/>\n    <\/a><\/p>\n<p class=\"fig-paragraph\">\u00abSi les imp\u00f4ts augmentent, il y aura une grande mobilisation patronale\u00bb, \u00abau-del\u00e0 du Medef\u00bb, a-t-il ajout\u00e9, signalant des adh\u00e9rents au Medef \u00abtr\u00e8s inquiets\u00bb.<\/p>\n<p class=\"fig-paragraph\">\u00abOn ne descendra pas dans la rue. On r\u00e9unira massivement, comme ce fut le cas par le pass\u00e9, sous forme de meeting, des milliers de chefs d\u2019entreprise de tout profil, en termes de taille, de secteur d\u2019activit\u00e9, d\u2019origine territoriale pour bien signifier que nous refusons d\u2019\u00eatre la variable d\u2019ajustement de politiques qui nous paraissent contraires \u00e0 la bonne marche de l\u2019\u00e9conomie et \u00e0 l\u2019int\u00e9r\u00eat du pays, dans lequel nous jouons un r\u00f4le important\u00bb.<\/p>\n<p class=\"fig-body-link\">\n            \u00c0 lire aussi<br \/>\n        <a class=\"fig-body-link__link\" href=\"https:\/\/www.lefigaro.fr\/politique\/en-direct-dette-sebastien-lecornu-degradation-de-la-note-souveraine-de-la-france-fitch-eric-lombard-20250913\" data-fig-type=\"Live\" data-gtm-custom-categorie=\"navigation\" data-gtm-custom-action=\"crossclick\" data-gtm-custom-label=\"Contextuel\" data-gtm-event=\"customEventSPE\" data-fig-domain=\"LEFIGARO\" target=\"_blank\" rel=\"noopener\">EN DIRECT &#8211; Retraites, 49-3, avantages des anciens ministres\u00a0: les premi\u00e8res annonces de S\u00e9bastien Lecornu<br \/>\n    <\/a>\n<\/p>\n<p>La taxe Zucman, \u00abun frein terrible\u00bb<\/p>\n<p class=\"fig-paragraph\">Patrick Martin a soulign\u00e9 que les entreprises fran\u00e7aises \u00e9taient \u00ables plus impos\u00e9es parmi les pays de l\u2019OCDE, d\u00e9duction faite des aides qu\u2019elles re\u00e7oivent\u00bb, avec \u00ab13 milliards d\u2019euros de pr\u00e9l\u00e8vements suppl\u00e9mentaires en 2025\u00bb. En contrepartie, il d\u00e9plore que les entreprises n\u2019ont pas vu se concr\u00e9tiser la promesse d\u2019une baisse de la CVAE, un imp\u00f4t de production.<\/p>\n<p class=\"fig-paragraph\">Parmi les lignes rouges du grand patron, qui avait \u00e9t\u00e9 re\u00e7u vendredi soir par le nouveau Premier ministre\u00a0<a href=\"http:\/\/www.lefigaro.fr\/conjoncture\/budget-sebastien-lecornu-renonce-a-la-suppression-de-deux-jours-feries-voulue-par-francois-bayrou-20250913\" data-fig-type=\"NewsFlash\" data-gtm-custom-categorie=\"navigation\" data-gtm-custom-action=\"crossclick\" data-gtm-custom-label=\"Contextuel\" data-gtm-event=\"customEventSPE\" data-fig-domain=\"LEFIGARO\" target=\"_blank\" rel=\"noopener\">S\u00e9bastien Lecornu<\/a>, figure notamment une taxe sur les tr\u00e8s hauts patrimoines dite \u00abZucman\u00bb (du nom de l\u2019\u00e9conomiste Gabriel Zucman), r\u00e9clam\u00e9e par la gauche.<\/p>\n<p class=\"fig-paragraph\">\u00abCe serait un frein terrible \u00e0 l\u2019investissement et \u00e0 la prise de risque pour les entreprises. La taxe Zucman int\u00e8gre l\u2019outil de travail dans le calcul du patrimoine, alors m\u00eame que l\u2019ISF ne le faisait pas! Pour certaines entreprises &#8211; dans la tech notamment &#8211; qui valent cher mais ne font pas encore de r\u00e9sultats ou ne distribuent pas de dividendes, instaurer cette taxe serait m\u00eame une forme de spoliation et les condamnerait \u00e0 la vente\u00bb, s\u2019est-il insurg\u00e9.<\/p>\n<p>                                    <a class=\"fig-a11y-skip a11y-hidden\" href=\"#fig-a11y-skip-main-inarticle_mtf\"><br \/>\n        Passer la publicit\u00e9<br \/>\n    <\/a><\/p>\n<p>\u00abPresque une provocation\u00bb<\/p>\n<p class=\"fig-paragraph\">Plus g\u00e9n\u00e9ralement, Patrick Martin a estim\u00e9 que les propositions budg\u00e9taires du PS auraient \u00abun effet r\u00e9cessif\u00bb dans une conjoncture \u00e9conomique d\u00e9j\u00e0 difficile.<\/p>\n<p class=\"fig-paragraph\">\u00abC\u2019est presque une provocation pour les patrons de voir que l\u2019\u00c9tat imagine augmenter la fiscalit\u00e9 sans chercher \u00e0 baisser ses d\u00e9penses\u00bb, a-t-il lanc\u00e9. Les \u00e9conomies doivent selon lui porter d\u2019abord sur les d\u00e9penses sociales et les frais de fonctionnement, notamment des suppressions de postes de fonctionnaires.<\/p>\n<p class=\"fig-paragraph\">Il a rappel\u00e9 que le Medef s\u2019opposait \u00e0 la suppression de deux jours f\u00e9ri\u00e9s, une mesure sur laquelle S\u00e9bastien Lecornu est revenu samedi.<\/p>\n<p class=\"fig-paragraph\">Concernant Fran\u00e7ois Bayrou, le pr\u00e9c\u00e9dent chef de gouvernement renvers\u00e9 lundi lors d\u2019un vote de confiance \u00e0 l\u2019Assembl\u00e9e nationale, Patrick Martin a regrett\u00e9 une \u00abtendance \u00e0 travailler un peu seul\u00bb, qui \u00abnous a d\u00e9concert\u00e9s\u00bb.<\/p>\n","protected":false},"excerpt":{"rendered":"Dans Le Parisien, Patrick Martin pr\u00e9vient que \u00absi les imp\u00f4ts augmentent, il y aura une grande mobilisation patronale\u00bb.&hellip;\n","protected":false},"author":2,"featured_media":388514,"comment_status":"","ping_status":"","sticky":false,"template":"","format":"standard","meta":{"footnotes":""},"categories":[6],"tags":[1003,35,33,34,1011,27,4803,10234],"class_list":{"0":"post-388513","1":"post","2":"type-post","3":"status-publish","4":"format-standard","5":"has-post-thumbnail","7":"category-economie","8":"tag-budget","9":"tag-business","10":"tag-economie","11":"tag-economy","12":"tag-fr","13":"tag-france","14":"tag-medef","15":"tag-mobilisation"},"share_on_mastodon":{"url":"https:\/\/pubeurope.com\/@fr\/115198525740963054","error":""},"_links":{"self":[{"href":"https:\/\/www.europesays.com\/fr\/wp-json\/wp\/v2\/posts\/388513","targetHints":{"allow":["GET"]}}],"collection":[{"href":"https:\/\/www.europesays.com\/fr\/wp-json\/wp\/v2\/posts"}],"about":[{"href":"https:\/\/www.europesays.com\/fr\/wp-json\/wp\/v2\/types\/post"}],"author":[{"embeddable":true,"href":"https:\/\/www.europesays.com\/fr\/wp-json\/wp\/v2\/users\/2"}],"replies":[{"embeddable":true,"href":"https:\/\/www.europesays.com\/fr\/wp-json\/wp\/v2\/comments?post=388513"}],"version-history":[{"count":0,"href":"https:\/\/www.europesays.com\/fr\/wp-json\/wp\/v2\/posts\/388513\/revisions"}],"wp:featuredmedia":[{"embeddable":true,"href":"https:\/\/www.europesays.com\/fr\/wp-json\/wp\/v2\/media\/388514"}],"wp:attachment":[{"href":"https:\/\/www.europesays.com\/fr\/wp-json\/wp\/v2\/media?parent=388513"}],"wp:term":[{"taxonomy":"category","embeddable":true,"href":"https:\/\/www.europesays.com\/fr\/wp-json\/wp\/v2\/categories?post=388513"},{"taxonomy":"post_tag","embeddable":true,"href":"https:\/\/www.europesays.com\/fr\/wp-json\/wp\/v2\/tags?post=388513"}],"curies":[{"name":"wp","href":"https:\/\/api.w.org\/{rel}","templated":true}]}}