{"id":388516,"date":"2025-09-13T19:00:21","date_gmt":"2025-09-13T19:00:21","guid":{"rendered":"https:\/\/www.europesays.com\/fr\/388516\/"},"modified":"2025-09-13T19:00:21","modified_gmt":"2025-09-13T19:00:21","slug":"montagne-un-guide-de-lecole-nationale-de-ski-et-dalpinisme-meurt-en-mission-a-chamonix","status":"publish","type":"post","link":"https:\/\/www.europesays.com\/fr\/388516\/","title":{"rendered":"Montagne. Un guide de\u00a0l&rsquo;\u00c9cole nationale de ski et d\u2019alpinisme meurt en mission \u00e0 Chamonix"},"content":{"rendered":"<p>Dans les Grands Charmoz, l\u2019une des aiguilles de Chamonix, une \u00e9quipe de cinq alpinistes \u00e9tait ce vendredi 12\u00a0septembre affair\u00e9e \u00e0 entretenir et r\u00e9\u00e9quiper une voie d\u2019escalade. En fin d\u2019apr\u00e8s-midi vers 17\u00a0h, un guide de haute montagne et professeur de l\u2019\u00c9cole nationale de ski et d\u2019alpinisme (ENSA) de Chamonix a soudainement chut\u00e9 dans la face\u00a0du pilier Cordier. Le drame s\u2019est nou\u00e9 dans l\u2019un des tout derniers rappels de l\u2019itin\u00e9raire, au moment o\u00f9 l\u2019alpiniste n\u2019est tenu dans le vide que par une corde.<\/p>\n<p>Christophe Jacquemoud est d\u00e9c\u00e9d\u00e9. Les trois autres formateurs de l\u2019ENSA qui l\u2019accompagnait et un membre du Peloton de gendarmerie de haute montagne (PGHM) de Chamonix qui participait \u00e0 l\u2019op\u00e9ration, n\u2019ont rien pu faire. Les quatre hommes ont \u00e9t\u00e9 rapatri\u00e9s indemnes dans la vall\u00e9e. Une enqu\u00eate de gendarmerie doit pr\u00e9ciser les causes et les circonstances du drame.<\/p>\n<p>Ce contenu est bloqu\u00e9 car vous n&rsquo;avez pas accept\u00e9 les cookies et autres traceurs.<\/p>\n<p>En cliquant sur \u00ab J\u2019accepte \u00bb, les cookies et autres traceurs seront d\u00e9pos\u00e9s et vous pourrez visualiser les contenus  (<a href=\"\" class=\"consentModule_policy\" target=\"_blank\" title=\"Consulter la politique de protection des donn\u00e9es du fournisseur\">plus d&rsquo;informations<\/a>).<\/p>\n<p>En cliquant sur \u00ab J\u2019accepte tous les cookies \u00bb, vous autorisez des d\u00e9p\u00f4ts de cookies et autres traceurs pour le stockage de vos donn\u00e9es sur nos sites et applications \u00e0 des fins de personnalisation et de ciblage publicitaire.<\/p>\n<p class=\"consentModule_secondaryText\">Vous gardez la possibilit\u00e9 de retirer votre consentement \u00e0 tout moment en consultant notre <a href=\"https:\/\/www.ledauphine.com\/protection-des-donnees\" target=\"_blank\" title=\"Consulter notre politique de protection des donn\u00e9es\" rel=\"nofollow noopener\">politique de protection des donn\u00e9es<\/a>. <br \/>&#13;<br \/>\n            <a href=\"https:\/\/www.ledauphine.com\/faits-divers-justice\/2025\/09\/13\/javascript:Didomi.notice.show()\" class=\"consentModule_cmp\" rel=\"nofollow noopener\" target=\"_blank\">G\u00e9rer mes choix<\/a>&#13;\n        <\/p>\n<p>&#13;<br \/>\n                        J&rsquo;accepte&#13;<br \/>\n            J&rsquo;accepte tous les cookies&#13;\n        <\/p>\n<p>L\u2019\u00c9cole nationale des sports de montagne (ENSM) confirme que Christophe Jacquemoud \u00e9tait bien en mission pour l\u2019ENSA. \u00ab\u00a0Ces op\u00e9rations, collectives, de r\u00e9am\u00e9nagement des itin\u00e9raires au service des alpinistes et de la communaut\u00e9 montagnardes sont men\u00e9es en concertation avec le PGHM, le CNISAG (centre de formation des gendarmes secouristes), le CNEAS (centre de formation des CRS montagne), l\u2019EMHM (\u00c9cole militaire de haute montagne), la Chamoniarde (association de pr\u00e9vention et secours en montagne), la Compagnie des guides de Chamonix, les services de la commune. Elles ont pour but de concourir \u00e0 la s\u00e9curit\u00e9 globale sur des sommets et des courses embl\u00e9matiques et fr\u00e9quent\u00e9s, lorsqu\u2019ils sont particuli\u00e8rement impact\u00e9s par les effets du d\u00e9r\u00e8glement climatique.\u00a0\u00bb<\/p>\n<p>Christophe Jacquemoud \u00e9tait professeur \u00e0 l\u2019ENSA depuis de nombreuses ann\u00e9es. Originaire de Saint-Nicolas de V\u00e9roce, il \u00e9tait formateur au d\u00e9partement alpinisme apr\u00e8s de longues ann\u00e9es au d\u00e9partement ski alpin. L\u2019\u00e9motion est vive dans le milieu montagnard, d\u2019autant que ce professionnel de la montagne \u00e9tait \u00e9galement membre de la Compagnie des guides de Chamonix.<\/p>\n","protected":false},"excerpt":{"rendered":"Dans les Grands Charmoz, l\u2019une des aiguilles de Chamonix, une \u00e9quipe de cinq alpinistes \u00e9tait ce vendredi 12\u00a0septembre&hellip;\n","protected":false},"author":2,"featured_media":388517,"comment_status":"","ping_status":"","sticky":false,"template":"","format":"standard","meta":{"footnotes":""},"categories":[4],"tags":[119,11,22849,9543,274,107,1011,27,4638,5324,1391,12,22850,25],"class_list":{"0":"post-388516","1":"post","2":"type-post","3":"status-publish","4":"format-standard","5":"has-post-thumbnail","7":"category-france","8":"tag-accident","9":"tag-actualites","10":"tag-chamonix-mont-blanc","11":"tag-edition-mont-blanc-arve","12":"tag-faits-divers-justice","13":"tag-fil-info","14":"tag-fr","15":"tag-france","16":"tag-haute-savoie","17":"tag-montagne","18":"tag-necrologie","19":"tag-news","20":"tag-ouverture-chamonix","21":"tag-republique-francaise"},"share_on_mastodon":{"url":"https:\/\/pubeurope.com\/@fr\/115198533532509918","error":""},"_links":{"self":[{"href":"https:\/\/www.europesays.com\/fr\/wp-json\/wp\/v2\/posts\/388516","targetHints":{"allow":["GET"]}}],"collection":[{"href":"https:\/\/www.europesays.com\/fr\/wp-json\/wp\/v2\/posts"}],"about":[{"href":"https:\/\/www.europesays.com\/fr\/wp-json\/wp\/v2\/types\/post"}],"author":[{"embeddable":true,"href":"https:\/\/www.europesays.com\/fr\/wp-json\/wp\/v2\/users\/2"}],"replies":[{"embeddable":true,"href":"https:\/\/www.europesays.com\/fr\/wp-json\/wp\/v2\/comments?post=388516"}],"version-history":[{"count":0,"href":"https:\/\/www.europesays.com\/fr\/wp-json\/wp\/v2\/posts\/388516\/revisions"}],"wp:featuredmedia":[{"embeddable":true,"href":"https:\/\/www.europesays.com\/fr\/wp-json\/wp\/v2\/media\/388517"}],"wp:attachment":[{"href":"https:\/\/www.europesays.com\/fr\/wp-json\/wp\/v2\/media?parent=388516"}],"wp:term":[{"taxonomy":"category","embeddable":true,"href":"https:\/\/www.europesays.com\/fr\/wp-json\/wp\/v2\/categories?post=388516"},{"taxonomy":"post_tag","embeddable":true,"href":"https:\/\/www.europesays.com\/fr\/wp-json\/wp\/v2\/tags?post=388516"}],"curies":[{"name":"wp","href":"https:\/\/api.w.org\/{rel}","templated":true}]}}