{"id":388520,"date":"2025-09-13T19:02:33","date_gmt":"2025-09-13T19:02:33","guid":{"rendered":"https:\/\/www.europesays.com\/fr\/388520\/"},"modified":"2025-09-13T19:02:33","modified_gmt":"2025-09-13T19:02:33","slug":"apres-sa-chute-louis-90-ans-cherche-ceux-qui-lont-secouru","status":"publish","type":"post","link":"https:\/\/www.europesays.com\/fr\/388520\/","title":{"rendered":"apr\u00e8s sa chute, Louis, 90 ans, cherche ceux qui l&rsquo;ont secouru"},"content":{"rendered":"<p>Il se souvient de trois personnes bienveillantes, de mots apaisants, d\u2019une main qui tient la sienne et qui l\u2019aide \u00e0 se relever. Il se rem\u00e9more de l\u2019intervention de ces trois \u00ab\u00a0bienfaiteurs\u00a0\u00bb, qui, mercredi dernier, lui ont port\u00e9 secours alors qu\u2019il venait de chuter lourdement sur la chauss\u00e9e \u00e0 la sortie de La Talaudi\u00e8re, en direction du grand Quartier.<\/p>\n<p>\u00ab\u00a0Ils m\u2019ont trait\u00e9 comme si j\u2019\u00e9tais un membre de leur famille\u00a0\u00bb<\/p>\n<p>\u00c0 cet endroit, Louis Delbard, 90 ans, a perdu la ma\u00eetrise de son v\u00e9lo \u00e9lectrique apr\u00e8s avoir percut\u00e9 le trottoir. Allong\u00e9 sur la voie publique avec son casque sur la t\u00eate, le cycliste est bless\u00e9 au niveau du coude.<\/p>\n<p>Il n\u2019a pas le temps de reprendre ses esprits que trois \u00ab\u00a0anges gardiens\u00a0\u00bb, comme il les surnomme, sont venus s\u2019enqu\u00e9rir de son \u00e9tat de sant\u00e9. Cette gentillesse dont ils ont fait&#8230;<\/p>\n","protected":false},"excerpt":{"rendered":"Il se souvient de trois personnes bienveillantes, de mots apaisants, d\u2019une main qui tient la sienne et qui&hellip;\n","protected":false},"author":2,"featured_media":388521,"comment_status":"","ping_status":"","sticky":false,"template":"","format":"standard","meta":{"footnotes":""},"categories":[9653],"tags":[119,1111,11,2430,7539,1777,674,274,107,1011,27,12,25,4001,7538,104,2803],"class_list":{"0":"post-388520","1":"post","2":"type-post","3":"status-publish","4":"format-standard","5":"has-post-thumbnail","7":"category-saint-etienne","8":"tag-accident","9":"tag-actu","10":"tag-actualites","11":"tag-auvergne-rhone-alpes","12":"tag-edition-loire-sud","13":"tag-eu","14":"tag-europe","15":"tag-faits-divers-justice","16":"tag-fil-info","17":"tag-fr","18":"tag-france","19":"tag-news","20":"tag-republique-francaise","21":"tag-saint-etienne","22":"tag-saint-etienne-ville","23":"tag-societe","24":"tag-transport"},"share_on_mastodon":{"url":"https:\/\/pubeurope.com\/@fr\/115198541375489830","error":""},"_links":{"self":[{"href":"https:\/\/www.europesays.com\/fr\/wp-json\/wp\/v2\/posts\/388520","targetHints":{"allow":["GET"]}}],"collection":[{"href":"https:\/\/www.europesays.com\/fr\/wp-json\/wp\/v2\/posts"}],"about":[{"href":"https:\/\/www.europesays.com\/fr\/wp-json\/wp\/v2\/types\/post"}],"author":[{"embeddable":true,"href":"https:\/\/www.europesays.com\/fr\/wp-json\/wp\/v2\/users\/2"}],"replies":[{"embeddable":true,"href":"https:\/\/www.europesays.com\/fr\/wp-json\/wp\/v2\/comments?post=388520"}],"version-history":[{"count":0,"href":"https:\/\/www.europesays.com\/fr\/wp-json\/wp\/v2\/posts\/388520\/revisions"}],"wp:featuredmedia":[{"embeddable":true,"href":"https:\/\/www.europesays.com\/fr\/wp-json\/wp\/v2\/media\/388521"}],"wp:attachment":[{"href":"https:\/\/www.europesays.com\/fr\/wp-json\/wp\/v2\/media?parent=388520"}],"wp:term":[{"taxonomy":"category","embeddable":true,"href":"https:\/\/www.europesays.com\/fr\/wp-json\/wp\/v2\/categories?post=388520"},{"taxonomy":"post_tag","embeddable":true,"href":"https:\/\/www.europesays.com\/fr\/wp-json\/wp\/v2\/tags?post=388520"}],"curies":[{"name":"wp","href":"https:\/\/api.w.org\/{rel}","templated":true}]}}