{"id":388522,"date":"2025-09-13T19:03:14","date_gmt":"2025-09-13T19:03:14","guid":{"rendered":"https:\/\/www.europesays.com\/fr\/388522\/"},"modified":"2025-09-13T19:03:14","modified_gmt":"2025-09-13T19:03:14","slug":"en-direct-football-ligue-2-suivez-clermont","status":"publish","type":"post","link":"https:\/\/www.europesays.com\/fr\/388522\/","title":{"rendered":"En direct Football &#8211; Ligue 2. Suivez Clermont"},"content":{"rendered":"<p>&#13;<br \/>\n                                                    En direct&#13;<br \/>\n                        &#13;\n                                            <\/p>\n<p>S&rsquo;il ne faut pas douter de la capacit\u00e9 des Verts \u00e0 jouer le titre cette saison, le coup d&rsquo;arr\u00eat subi il y a deux semaines \u00e0 Geoffroy-Guichard, face \u00e0 Grenoble (1-1), a surpris. Apr\u00e8s une tr\u00eave internationale propice au travail, Eirik Horneland et ses hommes esp\u00e8rent bien se relancer ce samedi soir, en d\u00e9placement chez le voisin auvergnat.\u00a0<\/p>\n<p>&#13;<br \/>\n              Gabriel Devynck &#8211; &#13;<br \/>\n        &#13;<br \/>\n          Aujourd&rsquo;hui \u00e0 19:15&#13;<br \/>\n    &#13;<br \/>\n                  | mis \u00e0 jour aujourd&rsquo;hui \u00e0 20:53&#13;<br \/>\n              &#8211; Temps de lecture : &#13;<br \/>\n  &#13;\n<\/p>\n<p>                        &#13;<br \/>\n    &#13;<br \/>\n    &#13;<br \/>\n    <a href=\"https:\/\/cdn-s-www.leprogres.fr\/images\/DE70AE69-2F7C-42CB-A1F3-AC744BF1F22B\/NW_raw\/maitres-du-jeu-pendant-plus-d-heure-et-demie-les-stephanois-ont-pourtant-lache-deux-points-face-a-des-grenoblois-tres-rarement-dangereux-photo-archives-clara-serrano-1757778551.jpg\" title=\"Ma\u00eetres du jeu pendant plus d\u2019heure et demie, les St\u00e9phanois ont pourtant l\u00e2ch\u00e9 deux points face \u00e0 des Grenoblois tr\u00e8s rarement dangereux. Photo archives Clara Serrano\" class=\"chocolat-image GA-tracking\" data-ga_type=\"click\" data-ga_category=\"D\u00e9tail\" data-ga_action=\"zoomer\" data-ga_label=\"aggrandir image\" target=\"_blank\" rel=\"noopener\">&#13;<br \/>\n        <img src=\"https:\/\/www.europesays.com\/fr\/wp-content\/uploads\/2025\/09\/maitres-du-jeu-pendant-plus-d-heure-et-demie-les-stephanois-ont-pourtant-lache-deux-points-face-a-de.jpeg\"   alt=\"Ma\u00eetres du jeu pendant plus d\u2019heure et demie, les St\u00e9phanois ont pourtant l\u00e2ch\u00e9 deux points face \u00e0 des Grenoblois tr\u00e8s rarement dangereux. Photo archives Clara Serrano\" fetchpriority=\"high\" decoding=\"async\" data-mobile=\"NW_detail_M|1757778551\" data-base=\"NW_detail|1757778551\"\/>&#13;<br \/>\n    <\/a>&#13;<\/p>\n<p>Ma\u00eetres du jeu pendant plus d\u2019heure et demie, les St\u00e9phanois ont pourtant l\u00e2ch\u00e9 deux points face \u00e0 des Grenoblois tr\u00e8s rarement dangereux. Photo archives Clara Serrano<\/p>\n","protected":false},"excerpt":{"rendered":"&#13; En direct&#13; &#13; S&rsquo;il ne faut pas douter de la capacit\u00e9 des Verts \u00e0 jouer le titre&hellip;\n","protected":false},"author":2,"featured_media":388523,"comment_status":"","ping_status":"","sticky":false,"template":"","format":"standard","meta":{"footnotes":""},"categories":[9653],"tags":[1111,11,4000,2430,7359,16734,7539,1777,674,107,63,1011,27,4002,3367,12,25,4001,517],"class_list":{"0":"post-388522","1":"post","2":"type-post","3":"status-publish","4":"format-standard","5":"has-post-thumbnail","7":"category-saint-etienne","8":"tag-actu","9":"tag-actualites","10":"tag-asse-as-saint-etienne-football","11":"tag-auvergne-rhone-alpes","12":"tag-edition-loire-centre","13":"tag-edition-loire-nord","14":"tag-edition-loire-sud","15":"tag-eu","16":"tag-europe","17":"tag-fil-info","18":"tag-football","19":"tag-fr","20":"tag-france","21":"tag-haute-loire","22":"tag-loire","23":"tag-news","24":"tag-republique-francaise","25":"tag-saint-etienne","26":"tag-sport"},"share_on_mastodon":{"url":"https:\/\/pubeurope.com\/@fr\/115198545794700975","error":""},"_links":{"self":[{"href":"https:\/\/www.europesays.com\/fr\/wp-json\/wp\/v2\/posts\/388522","targetHints":{"allow":["GET"]}}],"collection":[{"href":"https:\/\/www.europesays.com\/fr\/wp-json\/wp\/v2\/posts"}],"about":[{"href":"https:\/\/www.europesays.com\/fr\/wp-json\/wp\/v2\/types\/post"}],"author":[{"embeddable":true,"href":"https:\/\/www.europesays.com\/fr\/wp-json\/wp\/v2\/users\/2"}],"replies":[{"embeddable":true,"href":"https:\/\/www.europesays.com\/fr\/wp-json\/wp\/v2\/comments?post=388522"}],"version-history":[{"count":0,"href":"https:\/\/www.europesays.com\/fr\/wp-json\/wp\/v2\/posts\/388522\/revisions"}],"wp:featuredmedia":[{"embeddable":true,"href":"https:\/\/www.europesays.com\/fr\/wp-json\/wp\/v2\/media\/388523"}],"wp:attachment":[{"href":"https:\/\/www.europesays.com\/fr\/wp-json\/wp\/v2\/media?parent=388522"}],"wp:term":[{"taxonomy":"category","embeddable":true,"href":"https:\/\/www.europesays.com\/fr\/wp-json\/wp\/v2\/categories?post=388522"},{"taxonomy":"post_tag","embeddable":true,"href":"https:\/\/www.europesays.com\/fr\/wp-json\/wp\/v2\/tags?post=388522"}],"curies":[{"name":"wp","href":"https:\/\/api.w.org\/{rel}","templated":true}]}}