{"id":388524,"date":"2025-09-13T19:04:35","date_gmt":"2025-09-13T19:04:35","guid":{"rendered":"https:\/\/www.europesays.com\/fr\/388524\/"},"modified":"2025-09-13T19:04:35","modified_gmt":"2025-09-13T19:04:35","slug":"une-entree-gratuite-pour-la-piscine-mais-pas-celle-de-nancy-thermal","status":"publish","type":"post","link":"https:\/\/www.europesays.com\/fr\/388524\/","title":{"rendered":"une entr\u00e9e gratuite pour la piscine, mais pas celle de Nancy Thermal"},"content":{"rendered":"<p>Sympa, \u00e7a\u00a0! Dans la besace distribu\u00e9e lors de la r\u00e9ception en leur honneur (nombre de <a href=\"https:\/\/www.estrepublicain.fr\/societe\/2025\/09\/08\/la-ville-accueille-ses-nouveaux-habitants\" target=\"_blank\" rel=\"noopener\"> communes organisent la leur, en cette p\u00e9riode de rentr\u00e9e<\/a> ), les nouveaux habitants du Grand Nancy peuvent se r\u00e9jouir de piocher, entre autres petites attentions, un bon pour \u00ab\u00a0une entr\u00e9e dans toutes les piscines du Grand Nancy\u00a0\u00bb. L\u2019occasion, tiens, de d\u00e9couvrir <a href=\"https:\/\/www.estrepublicain.fr\/culture-loisirs\/2025\/06\/18\/personnels-agents-de-securite-espaces-et-activites-thermal-s-organise-pour-absorber-le-flux-de-baigneurs\" target=\"_blank\" rel=\"noopener\"> la plus r\u00e9cente, la plus grande et la plus en vue d\u2019entre toutes\u00a0: Nancy Thermal<\/a>.<\/p>\n<p>Alors oui\u2026 mais non, en fait. \u00ab\u00a0On ne prend pas ces tickets\u00a0\u00bb, apprennent les \u201cheureux gagnants\u201d, subitement un peu douch\u00e9s, \u00e0 l\u2019accueil de Thermal. \u00ab\u00a0C\u2019est valable dans <a href=\"https:\/\/www.estrepublicain.fr\/culture-loisirs\/2025\/08\/27\/piscines-legers-ajustements-d-horaires-a-l-occasion-de-la-rentree\" target=\"_blank\" rel=\"noopener\"> les piscines de l\u2019Aquap\u00f4le, g\u00e9r\u00e9es par le Grand Nancy<\/a>.\u00a0\u00bb<\/p>\n<p>En allant finalement barboter gratuitement dans un autre bassin (ce qui est d\u00e9j\u00e0 bien), les nouveaux arrivants auront ainsi d\u00e9couvert, en cadeau bonus, les nuances possibles entre m\u00e9tropole g\u00e9ographique et m\u00e9tropole institutionnelle. Et entre d\u00e9l\u00e9gation de service public et gestion en r\u00e9gie.<\/p>\n<p>Quoi qu\u2019il en soit, \u00e0 vos maillots, et bienvenue dans le Grand Nancy\u00a0!<\/p>\n","protected":false},"excerpt":{"rendered":"Sympa, \u00e7a\u00a0! Dans la besace distribu\u00e9e lors de la r\u00e9ception en leur honneur (nombre de communes organisent la&hellip;\n","protected":false},"author":2,"featured_media":388525,"comment_status":"","ping_status":"","sticky":false,"template":"","format":"standard","meta":{"footnotes":""},"categories":[9635],"tags":[1111,11,1687,1704,1777,674,1011,27,775,1702,1703,12,25],"class_list":{"0":"post-388524","1":"post","2":"type-post","3":"status-publish","4":"format-standard","5":"has-post-thumbnail","7":"category-nancy","8":"tag-actu","9":"tag-actualites","10":"tag-culture-loisirs","11":"tag-edition-nancy-et-agglomeration","12":"tag-eu","13":"tag-europe","14":"tag-fr","15":"tag-france","16":"tag-grand-est","17":"tag-nancy","18":"tag-nancy-ville-54b","19":"tag-news","20":"tag-republique-francaise"},"share_on_mastodon":{"url":"https:\/\/pubeurope.com\/@fr\/115198549306433971","error":""},"_links":{"self":[{"href":"https:\/\/www.europesays.com\/fr\/wp-json\/wp\/v2\/posts\/388524","targetHints":{"allow":["GET"]}}],"collection":[{"href":"https:\/\/www.europesays.com\/fr\/wp-json\/wp\/v2\/posts"}],"about":[{"href":"https:\/\/www.europesays.com\/fr\/wp-json\/wp\/v2\/types\/post"}],"author":[{"embeddable":true,"href":"https:\/\/www.europesays.com\/fr\/wp-json\/wp\/v2\/users\/2"}],"replies":[{"embeddable":true,"href":"https:\/\/www.europesays.com\/fr\/wp-json\/wp\/v2\/comments?post=388524"}],"version-history":[{"count":0,"href":"https:\/\/www.europesays.com\/fr\/wp-json\/wp\/v2\/posts\/388524\/revisions"}],"wp:featuredmedia":[{"embeddable":true,"href":"https:\/\/www.europesays.com\/fr\/wp-json\/wp\/v2\/media\/388525"}],"wp:attachment":[{"href":"https:\/\/www.europesays.com\/fr\/wp-json\/wp\/v2\/media?parent=388524"}],"wp:term":[{"taxonomy":"category","embeddable":true,"href":"https:\/\/www.europesays.com\/fr\/wp-json\/wp\/v2\/categories?post=388524"},{"taxonomy":"post_tag","embeddable":true,"href":"https:\/\/www.europesays.com\/fr\/wp-json\/wp\/v2\/tags?post=388524"}],"curies":[{"name":"wp","href":"https:\/\/api.w.org\/{rel}","templated":true}]}}