{"id":388526,"date":"2025-09-13T19:05:13","date_gmt":"2025-09-13T19:05:13","guid":{"rendered":"https:\/\/www.europesays.com\/fr\/388526\/"},"modified":"2025-09-13T19:05:13","modified_gmt":"2025-09-13T19:05:13","slug":"nancy-spectacle-ex-utero-un-seule-en-scene-de-sabrina-nanni","status":"publish","type":"post","link":"https:\/\/www.europesays.com\/fr\/388526\/","title":{"rendered":"Nancy. Spectacle Ex Utero un seule en sc\u00e8ne de Sabrina Nanni"},"content":{"rendered":"<p>Sur fond d\u2019humour et d\u2019\u00e9motion, Sabrina Nanni pr\u00e9sentera son spectacle  Ex Utero. Ce spectacle est un voyage intime qui aborde les enjeux de la sant\u00e9 au f\u00e9minin avec intelligence et sensibilit\u00e9. La com\u00e9dienne invite son public \u00e0 vivre une exp\u00e9rience unique o\u00f9 l\u2019art est au service de la sant\u00e9.<\/p>\n<p class=\"note\">Jeudi 18\u00a0septembre, \u00e0 19\u00a0h\u00a030, au th\u00e9\u00e2tre de la Foucotte, 3, rue de la Foucotte, \u00e0 Nancy. Gratuit sur r\u00e9servation en ligne uniquement sur aesio-mutuelle.hivebrite.com<\/p>\n","protected":false},"excerpt":{"rendered":"Sur fond d\u2019humour et d\u2019\u00e9motion, Sabrina Nanni pr\u00e9sentera son spectacle Ex Utero. Ce spectacle est un voyage intime&hellip;\n","protected":false},"author":2,"featured_media":388527,"comment_status":"","ping_status":"","sticky":false,"template":"","format":"standard","meta":{"footnotes":""},"categories":[9635],"tags":[1111,11,1687,1704,1777,674,1011,27,775,1702,1703,12,25,3140],"class_list":{"0":"post-388526","1":"post","2":"type-post","3":"status-publish","4":"format-standard","5":"has-post-thumbnail","7":"category-nancy","8":"tag-actu","9":"tag-actualites","10":"tag-culture-loisirs","11":"tag-edition-nancy-et-agglomeration","12":"tag-eu","13":"tag-europe","14":"tag-fr","15":"tag-france","16":"tag-grand-est","17":"tag-nancy","18":"tag-nancy-ville-54b","19":"tag-news","20":"tag-republique-francaise","21":"tag-spectacle"},"share_on_mastodon":{"url":"https:\/\/pubeurope.com\/@fr\/115198553163972546","error":""},"_links":{"self":[{"href":"https:\/\/www.europesays.com\/fr\/wp-json\/wp\/v2\/posts\/388526","targetHints":{"allow":["GET"]}}],"collection":[{"href":"https:\/\/www.europesays.com\/fr\/wp-json\/wp\/v2\/posts"}],"about":[{"href":"https:\/\/www.europesays.com\/fr\/wp-json\/wp\/v2\/types\/post"}],"author":[{"embeddable":true,"href":"https:\/\/www.europesays.com\/fr\/wp-json\/wp\/v2\/users\/2"}],"replies":[{"embeddable":true,"href":"https:\/\/www.europesays.com\/fr\/wp-json\/wp\/v2\/comments?post=388526"}],"version-history":[{"count":0,"href":"https:\/\/www.europesays.com\/fr\/wp-json\/wp\/v2\/posts\/388526\/revisions"}],"wp:featuredmedia":[{"embeddable":true,"href":"https:\/\/www.europesays.com\/fr\/wp-json\/wp\/v2\/media\/388527"}],"wp:attachment":[{"href":"https:\/\/www.europesays.com\/fr\/wp-json\/wp\/v2\/media?parent=388526"}],"wp:term":[{"taxonomy":"category","embeddable":true,"href":"https:\/\/www.europesays.com\/fr\/wp-json\/wp\/v2\/categories?post=388526"},{"taxonomy":"post_tag","embeddable":true,"href":"https:\/\/www.europesays.com\/fr\/wp-json\/wp\/v2\/tags?post=388526"}],"curies":[{"name":"wp","href":"https:\/\/api.w.org\/{rel}","templated":true}]}}