{"id":388542,"date":"2025-09-13T19:16:13","date_gmt":"2025-09-13T19:16:13","guid":{"rendered":"https:\/\/www.europesays.com\/fr\/388542\/"},"modified":"2025-09-13T19:16:13","modified_gmt":"2025-09-13T19:16:13","slug":"tennis-open-de-rennes-ce-sera-une-finale-hugo-gaston-stan-wawrinka-sport","status":"publish","type":"post","link":"https:\/\/www.europesays.com\/fr\/388542\/","title":{"rendered":"Tennis. Open de Rennes\u00a0: ce sera une finale Hugo Gaston &#8211; Stan Wawrinka ! . Sport"},"content":{"rendered":"<p>Stan Wawrinka n\u2019a toujours pas perdu un seul set sur son parcours \u00e0 l\u2019<a href=\"https:\/\/www.ouest-france.fr\/sport\/tennis\/open-de-rennes\/\" target=\"_blank\" rel=\"nofollow noopener\">Open de Rennes<\/a> 2025. Il retrouvera en finale, ce dimanche 14\u00a0septembre, le Fran\u00e7ais <a href=\"https:\/\/rennes.maville.com\/sport\/detail_-tennis.-open-de-rennes-hugo-gaston-premier-qualifie-pour-la-finale-_7-6974210_actu.Htm\" target=\"_blank\" rel=\"nofollow noopener\">Hugo Gaston, vainqueur plus t\u00f4t de Cl\u00e9ment Chidekh<\/a> (6-3, 2-6, 6-2). Ce sera le deuxi\u00e8me match entre les deux hommes, cinq ans apr\u00e8s la victoire m\u00e9morable de Gaston au troisi\u00e8me tour de Roland-Garros 2020 (2-6, 6-3, 6-3, 4-6, 6-0).<\/p>\n<p>Tr\u00e8s accroch\u00e9 par le Belge Michael Geerts en quart de finale vendredi (7-6, 7-5), le Suisse a encore v\u00e9cu un premier set accroch\u00e9 lors de sa demi-finale contre l\u2019Allemand Patrick Zahraj. Wawrinka a ainsi d\u00fb effacer un break de retard en d\u00e9but de set, avant de faire la diff\u00e9rence dans le tie-break (7-6). La deuxi\u00e8me manche a par contre \u00e9t\u00e9 vite exp\u00e9di\u00e9e par le joueur de 40\u00a0ans.<\/p>\n<p><strong>\u00ab\u00a0C\u2019\u00e9tait important de rester dans le match,<\/strong> \u00e9voque Wawrinka par rapport au premier set. <strong>Le positif, c\u2019est que j\u2019avais des occasions et je savais que j\u2019allais m\u2019en procurer d\u2019autres. J\u2019ai su \u00eatre un peu plus agressif, jouer un peu plus vite, plus lourd quand il le fallait.\u00a0\u00bb<\/strong><\/p>\n<p>\u00a0<\/p>\n","protected":false},"excerpt":{"rendered":"Stan Wawrinka n\u2019a toujours pas perdu un seul set sur son parcours \u00e0 l\u2019Open de Rennes 2025. Il&hellip;\n","protected":false},"author":2,"featured_media":388543,"comment_status":"","ping_status":"","sticky":false,"template":"","format":"standard","meta":{"footnotes":""},"categories":[2821],"tags":[1111,11,3809,1465,829,1777,674,63,1011,27,1792,1922,12,3086,584,25,479,517,1470],"class_list":{"0":"post-388542","1":"post","2":"type-post","3":"status-publish","4":"format-standard","5":"has-post-thumbnail","7":"category-rennes","8":"tag-actu","9":"tag-actualites","10":"tag-ball","11":"tag-basket","12":"tag-bretagne","13":"tag-eu","14":"tag-europe","15":"tag-football","16":"tag-fr","17":"tag-france","18":"tag-handball","19":"tag-info","20":"tag-news","21":"tag-redon","22":"tag-rennes","23":"tag-republique-francaise","24":"tag-rugby","25":"tag-sport","26":"tag-volley"},"share_on_mastodon":{"url":"https:\/\/pubeurope.com\/@fr\/115198596474343011","error":""},"_links":{"self":[{"href":"https:\/\/www.europesays.com\/fr\/wp-json\/wp\/v2\/posts\/388542","targetHints":{"allow":["GET"]}}],"collection":[{"href":"https:\/\/www.europesays.com\/fr\/wp-json\/wp\/v2\/posts"}],"about":[{"href":"https:\/\/www.europesays.com\/fr\/wp-json\/wp\/v2\/types\/post"}],"author":[{"embeddable":true,"href":"https:\/\/www.europesays.com\/fr\/wp-json\/wp\/v2\/users\/2"}],"replies":[{"embeddable":true,"href":"https:\/\/www.europesays.com\/fr\/wp-json\/wp\/v2\/comments?post=388542"}],"version-history":[{"count":0,"href":"https:\/\/www.europesays.com\/fr\/wp-json\/wp\/v2\/posts\/388542\/revisions"}],"wp:featuredmedia":[{"embeddable":true,"href":"https:\/\/www.europesays.com\/fr\/wp-json\/wp\/v2\/media\/388543"}],"wp:attachment":[{"href":"https:\/\/www.europesays.com\/fr\/wp-json\/wp\/v2\/media?parent=388542"}],"wp:term":[{"taxonomy":"category","embeddable":true,"href":"https:\/\/www.europesays.com\/fr\/wp-json\/wp\/v2\/categories?post=388542"},{"taxonomy":"post_tag","embeddable":true,"href":"https:\/\/www.europesays.com\/fr\/wp-json\/wp\/v2\/tags?post=388542"}],"curies":[{"name":"wp","href":"https:\/\/api.w.org\/{rel}","templated":true}]}}