{"id":388558,"date":"2025-09-13T19:25:09","date_gmt":"2025-09-13T19:25:09","guid":{"rendered":"https:\/\/www.europesays.com\/fr\/388558\/"},"modified":"2025-09-13T19:25:09","modified_gmt":"2025-09-13T19:25:09","slug":"dimportants-travaux-ont-debute-dans-cette-gare-aux-portes-de-toulouse-ce-quil-se-passe","status":"publish","type":"post","link":"https:\/\/www.europesays.com\/fr\/388558\/","title":{"rendered":"D&rsquo;importants travaux ont d\u00e9but\u00e9 dans cette gare aux portes de Toulouse, ce qu&rsquo;il se passe"},"content":{"rendered":"<p>            Par<br \/>\n        <strong><br \/>\n            <a href=\"https:\/\/actu.fr\/auteur\/guillaume-laurens\" title=\"Consulter tous les articles de Guillaume Laurens\" target=\"_blank\" rel=\"noopener\">Guillaume Laurens<\/a><br \/>\n        <\/strong><\/p>\n<p>        Publi\u00e9 le<\/p>\n<p>            13 sept. 2025 \u00e0 18h02        <\/p>\n<p>\u00ab\u2009D\u2019importants travaux\u2009\u00bb sont en cours \u00e0 la <a href=\"https:\/\/actu.fr\/occitanie\/colomiers_31149\/ligne-c-du-metro-pres-de-toulouse-ce-parking-sncf-ferme-definitivement_59014841.html\" target=\"_blank\" rel=\"noopener\"><strong>gare de Colomiers<\/strong><\/a> (Haute-Garonne), aux portes de <a href=\"https:\/\/actu.fr\/toulouse\/\" target=\"_blank\" rel=\"noopener\">Toulouse<\/a>, indique <strong>SNCF Gares &amp; Connexions,<\/strong> alors que le site fait par ailleurs l\u2019objet d\u2019un \u00e9norme chantier pour accueillir\u2026 le terminus de<a href=\"https:\/\/actu.fr\/tag\/ligne-c-du-metro-de-toulouse\" target=\"_blank\" rel=\"noopener\"> la future ligne C du m\u00e9tro<\/a>. Les collectivit\u00e9s ont ici lanc\u00e9 des travaux de <strong>mise en accessibilit\u00e9<\/strong> des quais et du souterrain, alors que parall\u00e8lement, les <strong>quais vont \u00eatre allong\u00e9s<\/strong> \u00ab\u2009pour recevoir des trains de <strong>plus grande capacit\u00e9\u2009\u00bb.<\/strong> Le point.<\/p>\n<p>Encore six mois de travaux<\/p>\n<p class=\" wall-content\">Financ\u00e9s par l\u2019\u00c9tat et la R\u00e9gion, ces travaux ont d\u00e9but\u00e9 en <strong>juin\u00a02025<\/strong> \u00e0 la gare de Colomiers et sont r\u00e9alis\u00e9s dans le cadre du Sch\u00e9ma directeur r\u00e9gional d\u2019accessibilit\u00e9 d\u2019Occitanie. \u00ab\u2009Leur ach\u00e8vement est pr\u00e9vu dans <strong>environ six mois\u2009\u00bb,<\/strong> poursuit SNCF Gares &amp; Connexions, qui avait un retard cons\u00e9quent \u00e0 rattraper en mati\u00e8re d\u2019accessibilit\u00e9 sur tout le territoire.<\/p>\n<blockquote class=\"ac-article-quote wall-content\">\n<p>Cette initiative vise \u00e0 faciliter l&rsquo;acc\u00e8s aux trains pour les 290 000 voyageurs annuels dont les personnes \u00e0 mobilit\u00e9 r\u00e9duite et leurs accompagnateurs, tout en renfor\u00e7ant le confort et la s\u00e9curit\u00e9.<\/p>\n<p>    <strong>SNCF Gares &amp; Connexions<\/strong>\n            <\/p><\/blockquote>\n<p>En quoi consistent ces travaux\u2009?<\/p>\n<p class=\" wall-content\">Les travaux r\u00e9alis\u00e9s sous ma\u00eetrise d\u2019ouvrage SNCF Gares &amp; Connexions concernent pr\u00e9cis\u00e9ment\u2009:<\/p>\n<p>Vid\u00e9os : en ce moment sur Actu<\/p>\n<ul class=\" wall-content\">\n<li>Le <strong>remplacement des coffres en b\u00e9ton<\/strong> et des machineries des ascenseurs, permettant <strong>l\u2019\u00e9largissement du passage sur les quais<\/strong> pour mieux accueillir les personnes en fauteuil roulant ou avec poussette, \u00ab\u2009en conformit\u00e9 avec les normes d\u2019accessibilit\u00e9 en vigueur\u2009\u00bb.<\/li>\n<li>L\u2019<strong>allongement des quais 1 et 2<\/strong> pour recevoir des trains de plus grande capacit\u00e9.<\/li>\n<li>L\u2019installation de<strong> balises sonores<\/strong>, activ\u00e9es via une t\u00e9l\u00e9commande universelle pour faciliter l\u2019orientation des personnes malvoyantes.<\/li>\n<li>L\u2019ajout de <strong>bandes de guidage<\/strong> en relief sur les quais et dans le souterrain pour assurer un d\u00e9placement autonome et s\u00e9curis\u00e9 pour les personnes malvoyantes et non voyantes.<\/li>\n<li>Le remplacement des bandes d\u2019\u00e9veil \u00e0 la vigilance thermocoll\u00e9es par des <strong>bandes en b\u00e9ton<\/strong>. Positionn\u00e9 le long des quais et en haut des escaliers, ce syst\u00e8me podotactile et contrast\u00e9 alerte les voyageurs d\u00e9ficients visuels de la proximit\u00e9 d\u2019un danger gr\u00e2ce \u00e0 leurs plots de formes bomb\u00e9s.<\/li>\n<li>La <strong>mise aux normes des escaliers<\/strong> avec la mise en place de nez de marche antid\u00e9rapants et contrast\u00e9s, des rampes double lisse dot\u00e9es de manchons en braille.<\/li>\n<li>Le <strong>rehaussement de l\u2019\u00e9clairage des quais<\/strong> pour une meilleure visibilit\u00e9, plus de confort et de s\u00e9curit\u00e9.<\/li>\n<\/ul>\n<p>Votre r\u00e9gion, votre actu !<\/p>\n<p>Recevez chaque jour les infos qui comptent pour vous.<\/p>\n<p>\t<a href=\"https:\/\/actu.fr\/newsletter\" class=\"ac-btn ac-btn--corner ac-btn--medium ac-btn--blue800\" target=\"_blank\" rel=\"noopener\">S&rsquo;incrire<\/a><br \/>\nDes travaux de nuit, pour ne pas perturber le trafic<\/p>\n<p class=\" wall-content\">\u00ab\u2009\u00c0 la fin des travaux, les quais de la gare r\u00e9pondront aux normes d\u2019accessibilit\u00e9, permettant aux <strong>personnes \u00e0 mobilit\u00e9 r\u00e9duite<\/strong> (personnes en situation de handicap, <strong>parents avec enfants en poussette<\/strong>, personnes \u00e2g\u00e9es ou avec bagages\u2026) de <strong>prendre le train \u00e0 Colomiers en autonomie\u2009\u00bb<\/strong>, fait valoir SNCF Gares &amp; Connexions.<\/p>\n<p class=\" wall-content\">Les op\u00e9rations se d\u00e9rouleront \u00ab\u2009principalement <strong>durant la nuit\u2009\u00bb,<\/strong> afin de \u00ab\u2009maintenir \u00e0 l\u2019identique le nombre de trains desservant la gare\u2009\u00bb et son acc\u00e8s pi\u00e9ton durant les travaux.<\/p>\n<p class=\" wall-content\">D\u2019un co\u00fbt total de<strong> 1,6\u00a0million d\u2019euros<\/strong>, ce chantier est financ\u00e9 \u00e0 <strong>75\u2009%<\/strong> par la<strong> R\u00e9gion Occitanie<\/strong> et<strong> 25\u2009%<\/strong> par <strong>l\u2019\u00c9tat<\/strong>.<\/p>\n<p>43 gares \u00e0 mettre aux normes en Occitanie<\/p>\n<p>D&rsquo;apr\u00e8s les Sch\u00e9mas directeurs d&rsquo;accessibilit\u00e9 \u00e9labor\u00e9s par l\u2019\u00c9tat et la R\u00e9gion Occitanie, pas moins de \u00ab\u00a043 points d\u2019arr\u00eat ferroviaire o\u00f9 la mise en accessibilit\u00e9 est prioritaire\u00a0\u00bb ont \u00e9t\u00e9 identifi\u00e9s dans la r\u00e9gion. Selon les collectivit\u00e9s, d&rsquo;ici fin 2025, 37 gares disposeront d\u2019un b\u00e2timent voyageurs et de quais accessibles aux personnes \u00e0 mobilit\u00e9 r\u00e9duite en Occitanie. Six autres gares compl\u00e8teront cette liste \u00ab\u00a0\u00e0 horizon 2026\u00a0\u00bb. La mise en \u0153uvre de ces sch\u00e9mas repr\u00e9sente un investissement global de plus de 200 millions d\u2019euros.<\/p>\n<p class=\" wall-content\">Personnalisez votre actualit\u00e9 en ajoutant vos villes et m\u00e9dias en favori avec <a href=\"https:\/\/moncompte.actu.fr\" title=\"D\u00e9couvez Mon Actu\" rel=\"nofollow noopener\" data-trk=\"{&quot;cta&quot;:{&quot;action&quot;:&quot;https:\\\/\\\/moncompte.actu.fr&quot;,&quot;category&quot;:&quot;mon compte&quot;,&quot;from&quot;:&quot;article footer&quot;,&quot;name&quot;:&quot;Mon actu&quot;,&quot;type&quot;:&quot;cta&quot;}}\" target=\"_blank\">Mon Actu<\/a>.<\/p>\n","protected":false},"excerpt":{"rendered":"Par Guillaume Laurens Publi\u00e9 le 13 sept. 2025 \u00e0 18h02 \u00ab\u2009D\u2019importants travaux\u2009\u00bb sont en cours \u00e0 la gare&hellip;\n","protected":false},"author":2,"featured_media":388559,"comment_status":"","ping_status":"","sticky":false,"template":"","format":"standard","meta":{"footnotes":""},"categories":[2816],"tags":[1111,11,1777,674,1011,27,5224,12,2680,25,2215,104,2312],"class_list":{"0":"post-388558","1":"post","2":"type-post","3":"status-publish","4":"format-standard","5":"has-post-thumbnail","7":"category-toulouse","8":"tag-actu","9":"tag-actualites","10":"tag-eu","11":"tag-europe","12":"tag-fr","13":"tag-france","14":"tag-ligne-c-du-metro-de-toulouse","15":"tag-news","16":"tag-occitanie","17":"tag-republique-francaise","18":"tag-sncf","19":"tag-societe","20":"tag-toulouse"},"share_on_mastodon":{"url":"https:\/\/pubeurope.com\/@fr\/115198631939069423","error":""},"_links":{"self":[{"href":"https:\/\/www.europesays.com\/fr\/wp-json\/wp\/v2\/posts\/388558","targetHints":{"allow":["GET"]}}],"collection":[{"href":"https:\/\/www.europesays.com\/fr\/wp-json\/wp\/v2\/posts"}],"about":[{"href":"https:\/\/www.europesays.com\/fr\/wp-json\/wp\/v2\/types\/post"}],"author":[{"embeddable":true,"href":"https:\/\/www.europesays.com\/fr\/wp-json\/wp\/v2\/users\/2"}],"replies":[{"embeddable":true,"href":"https:\/\/www.europesays.com\/fr\/wp-json\/wp\/v2\/comments?post=388558"}],"version-history":[{"count":0,"href":"https:\/\/www.europesays.com\/fr\/wp-json\/wp\/v2\/posts\/388558\/revisions"}],"wp:featuredmedia":[{"embeddable":true,"href":"https:\/\/www.europesays.com\/fr\/wp-json\/wp\/v2\/media\/388559"}],"wp:attachment":[{"href":"https:\/\/www.europesays.com\/fr\/wp-json\/wp\/v2\/media?parent=388558"}],"wp:term":[{"taxonomy":"category","embeddable":true,"href":"https:\/\/www.europesays.com\/fr\/wp-json\/wp\/v2\/categories?post=388558"},{"taxonomy":"post_tag","embeddable":true,"href":"https:\/\/www.europesays.com\/fr\/wp-json\/wp\/v2\/tags?post=388558"}],"curies":[{"name":"wp","href":"https:\/\/api.w.org\/{rel}","templated":true}]}}