{"id":388566,"date":"2025-09-13T19:30:16","date_gmt":"2025-09-13T19:30:16","guid":{"rendered":"https:\/\/www.europesays.com\/fr\/388566\/"},"modified":"2025-09-13T19:30:16","modified_gmt":"2025-09-13T19:30:16","slug":"martine-vassal-candidate-de-la-droite-et-du-centre-a-la-mairie","status":"publish","type":"post","link":"https:\/\/www.europesays.com\/fr\/388566\/","title":{"rendered":"Martine Vassal, candidate de la droite et du centre \u00e0 la mairie"},"content":{"rendered":"<p>Martine Vassal, pr\u00e9sidente divers droite du Conseil d\u00e9partemental des Bouches-du-Rh\u00f4ne et de la m\u00e9tropole Aix-Marseille-Provence, a annonc\u00e9 samedi sa candidature aux municipales de la deuxi\u00e8me ville de France, qui avait bascul\u00e9 \u00e0 gauche en\u00a02020. \u00ab\u00a0<a href=\"https:\/\/www.20minutes.fr\/marseille\/\" class=\"c-link c-link--is-underlined\" rel=\"nofollow noopener\" target=\"_blank\">Marseille<\/a>, je t\u2019aime et je serai candidate aux <a href=\"https:\/\/www.20minutes.fr\/municipales\/\" class=\"c-link c-link--is-underlined\" rel=\"nofollow noopener\" target=\"_blank\">\u00e9lections municipales<\/a>\u00a0\u00bb, a-t-elle d\u00e9clar\u00e9 en cl\u00f4ture d\u2019une manifestation politique locale qui r\u00e9unissait des mouvements de droite et du centre devant quelques centaines de personnes.<\/p>\n<p>Contre une gauche qui \u00ab\u00a0dilapide l\u2019argent<\/p>\n<p>Martine Vassal s\u2019est dite pr\u00eate \u00ab\u00a0\u00e0 reprendre cette ville aux mains de cette gauche\u00a0\u00bb, qu\u2019elle qualifie \u00ab\u00a0d\u2019islamo-gauchiste\u00a0\u00bb, et qui, selon elle, \u00ab\u00a0dilapide l\u2019argent\u00a0\u00bb. En\u00a02020, le <a href=\"https:\/\/www.20minutes.fr\/politique\/printemps-marseillais\/\" class=\"c-link c-link--is-underlined\" rel=\"nofollow noopener\" target=\"_blank\">Printemps marseillais<\/a>, union de la gauche, \u00e9cologiste et citoyenne avait r\u00e9ussi \u00e0 ravir la ville \u00e0 la droite, apr\u00e8s 25 ans de r\u00e8gne de <a href=\"https:\/\/www.20minutes.fr\/dossier\/jean-claude_gaudin\" class=\"c-link c-link--is-underlined\" rel=\"nofollow noopener\" target=\"_blank\">Jean-Claude Gaudin<\/a> (LR).<\/p>\n<p>\u00ab\u00a0Aujourd\u2019hui, c\u2019est un jour particulier car, il y a six ans, je me lan\u00e7ais dans la bataille des municipales et c\u2019est vrai qu\u2019\u00e0 l\u2019\u00e9poque les choses \u00e9taient bien diff\u00e9rentes et il nous manquait un ph\u00e9nom\u00e8ne f\u00e9d\u00e9rateur, cette union\u00a0\u00bb, a-t-elle soulign\u00e9.<\/p>\n<p>Symbole s\u2019il en fallait de cette union travaill\u00e9e depuis plus d\u2019un an\u00a0: les pr\u00e9sences de l\u2019ex-secr\u00e9taire d\u2019Etat et proche du couple <a href=\"https:\/\/www.20minutes.fr\/politique\/emmanuel-macron\/\" class=\"c-link c-link--is-underlined\" rel=\"nofollow noopener\" target=\"_blank\">Macron<\/a>, Sabrina Agresti-Roubache, et de la s\u00e9natrice <a href=\"https:\/\/www.20minutes.fr\/politique\/lr\/\" class=\"c-link c-link--is-underlined\" rel=\"nofollow noopener\" target=\"_blank\">Les R\u00e9publicains<\/a> des <a href=\"https:\/\/www.20minutes.fr\/dossier\/bouches-rhone\" class=\"c-link c-link--is-underlined\" rel=\"nofollow noopener\" target=\"_blank\">Bouches-du-Rh\u00f4ne<\/a>, Val\u00e9rie Boyer.<\/p>\n<p>Un discours tr\u00e8s droitier<\/p>\n<p>\u00ab\u00a0C\u2019est comme dans un couple\u00a0: on n\u2019est pas toujours d\u2019accord sur tout mais l\u2019important c\u2019est de construire ensemble\u00a0\u00bb, a-t-elle lanc\u00e9. \u00ab\u00a0On ne peut gagner que si on additionne\u00a0\u00bb, avait lanc\u00e9 \u00e0 la tribune juste avant le pr\u00e9sident (Renaissance) <a href=\"https:\/\/www.20minutes.fr\/dossier\/renaud_muselier\" class=\"c-link c-link--is-underlined\" rel=\"nofollow noopener\" target=\"_blank\">Renaud Muselier<\/a> de la r\u00e9gion <a href=\"https:\/\/www.20minutes.fr\/dossier\/provence-alpes-cote-azur\" class=\"c-link c-link--is-underlined\" rel=\"nofollow noopener\" target=\"_blank\">Provence-Alpes-C\u00f4te d&rsquo;Azur<\/a>. \u00ab\u00a0Je p\u00e8serai de tout mon poids pour essayer que tout \u00e7a bascule\u00a0\u00bb, a-t-il promis, devant un public qui scandait des \u00ab\u00a0Martine, Martine\u00a0\u00bb.<\/p>\n<p>Dessinant d\u00e9j\u00e0 ses propositions, cette ex-cheffe d\u2019entreprise \u00e2g\u00e9e de 63 ans a fait de la s\u00e9curit\u00e9 et de l\u2019\u00e9conomie ses priorit\u00e9s. Dans un discours tr\u00e8s droitier, cette ex-LR qui se pr\u00e9sente d\u00e9sormais comme divers droite a estim\u00e9 qu&rsquo; \u00ab\u00a0on peut \u00eatre attach\u00e9 \u00e0 l\u2019ordre, au respect \u00e0 l\u2019autorit\u00e9 sans \u00eatre d\u2019extr\u00eame-droite\u00a0\u00bb. Avant de promettre, si elle \u00e9tait \u00e9lue en mars\u00a02026, un arr\u00eat\u00e9 anti-mendicit\u00e9, le renforcement de la police municipale et de la vid\u00e9oprotection.<\/p>\n<\/p>\n<p>Marseille sera un point chaud des municipales o\u00f9 le maire divers gauche sortant <a href=\"https:\/\/www.20minutes.fr\/marseille\/benoit-payan\/\" class=\"c-link c-link--is-underlined\" rel=\"nofollow noopener\" target=\"_blank\">Beno\u00eet Payan<\/a> n\u2019a pas encore annonc\u00e9 officiellement ses intentions. Elle est donc la deuxi\u00e8me candidate s\u00e9rieuse, et la premi\u00e8re femme, \u00e0 se lancer dans la course apr\u00e8s le d\u00e9put\u00e9 <a href=\"https:\/\/www.20minutes.fr\/politique\/rassemblement-national\/\" class=\"c-link c-link--is-underlined\" rel=\"nofollow noopener\" target=\"_blank\">Rassemblement national<\/a> des Bouches-du-Rh\u00f4ne, Franck Allisio.<\/p>\n","protected":false},"excerpt":{"rendered":"Martine Vassal, pr\u00e9sidente divers droite du Conseil d\u00e9partemental des Bouches-du-Rh\u00f4ne et de la m\u00e9tropole Aix-Marseille-Provence, a annonc\u00e9 samedi&hellip;\n","protected":false},"author":2,"featured_media":388567,"comment_status":"","ping_status":"","sticky":false,"template":"","format":"standard","meta":{"footnotes":""},"categories":[2814],"tags":[1111,47,11,6469,885,2761,1777,674,1011,27,884,21363,12,883,316,882,25],"class_list":{"0":"post-388566","1":"post","2":"type-post","3":"status-publish","4":"format-standard","5":"has-post-thumbnail","7":"category-marseille","8":"tag-actu","9":"tag-actualite","10":"tag-actualites","11":"tag-benoit-payan","12":"tag-bouches-du-rhone","13":"tag-elections-municipales-2026","14":"tag-eu","15":"tag-europe","16":"tag-fr","17":"tag-france","18":"tag-marseille","19":"tag-martine-vassal","20":"tag-news","21":"tag-paca","22":"tag-politique","23":"tag-provence-alpes-cote-dazur","24":"tag-republique-francaise"},"share_on_mastodon":{"url":"https:\/\/pubeurope.com\/@fr\/115198651512193445","error":""},"_links":{"self":[{"href":"https:\/\/www.europesays.com\/fr\/wp-json\/wp\/v2\/posts\/388566","targetHints":{"allow":["GET"]}}],"collection":[{"href":"https:\/\/www.europesays.com\/fr\/wp-json\/wp\/v2\/posts"}],"about":[{"href":"https:\/\/www.europesays.com\/fr\/wp-json\/wp\/v2\/types\/post"}],"author":[{"embeddable":true,"href":"https:\/\/www.europesays.com\/fr\/wp-json\/wp\/v2\/users\/2"}],"replies":[{"embeddable":true,"href":"https:\/\/www.europesays.com\/fr\/wp-json\/wp\/v2\/comments?post=388566"}],"version-history":[{"count":0,"href":"https:\/\/www.europesays.com\/fr\/wp-json\/wp\/v2\/posts\/388566\/revisions"}],"wp:featuredmedia":[{"embeddable":true,"href":"https:\/\/www.europesays.com\/fr\/wp-json\/wp\/v2\/media\/388567"}],"wp:attachment":[{"href":"https:\/\/www.europesays.com\/fr\/wp-json\/wp\/v2\/media?parent=388566"}],"wp:term":[{"taxonomy":"category","embeddable":true,"href":"https:\/\/www.europesays.com\/fr\/wp-json\/wp\/v2\/categories?post=388566"},{"taxonomy":"post_tag","embeddable":true,"href":"https:\/\/www.europesays.com\/fr\/wp-json\/wp\/v2\/tags?post=388566"}],"curies":[{"name":"wp","href":"https:\/\/api.w.org\/{rel}","templated":true}]}}