{"id":388568,"date":"2025-09-13T19:31:32","date_gmt":"2025-09-13T19:31:32","guid":{"rendered":"https:\/\/www.europesays.com\/fr\/388568\/"},"modified":"2025-09-13T19:31:32","modified_gmt":"2025-09-13T19:31:32","slug":"lyon-le-dernier-voeu-avorte-de-gregory-doucet-a-fourviere","status":"publish","type":"post","link":"https:\/\/www.europesays.com\/fr\/388568\/","title":{"rendered":"Lyon. Le dernier v\u0153u (avort\u00e9) de Gregory Doucet \u00e0 Fourvi\u00e8re ? &#8211;"},"content":{"rendered":"<p>\t\t\t\t<img fetchpriority=\"high\" decoding=\"async\" width=\"900\" height=\"604\" src=\"https:\/\/www.europesays.com\/fr\/wp-content\/uploads\/2025\/09\/01-Voeu-des-echevins-2025-lyon.jpg\" alt=\"\" title=\"01 Voeu des echevins 2025 lyon\"   class=\"wp-image-164368\"\/><\/p>\n<p>Le sourire de Claire et Benjamin Pouzin ont suppl\u00e9\u00e9 le sectarisme du maire de Lyon &#8211; N\u2019ayant jamais re\u00e7u les photos de la Fondation Fourvi\u00e8re, nous remercions les participants pour leurs envois &#8211; Photos DR<\/p>\n<p><strong>Texte\u00a0: Jean Etevenaux, historien \u2013 <\/strong>Si Jean-Michel Aulas devient maire l\u2019an prochain lors des \u00e9lections municipales, sa participation ne fera aucun doute en ce qui concerne la comm\u00e9moration du v\u0153u des \u00e9chevins Notre Dame de Fourvi\u00e8re, le 8 septembre.<\/p>\n<p>L\u2019ancien patron de l\u2019OL avait d\u2019ailleurs \u00e9t\u00e9 la personnalit\u00e9 choisie en septembre 2023 pour suppl\u00e9er <strong>Gr\u00e9gory Doucet<\/strong> qui, fid\u00e8le \u00e0 sa conception sectaire de la la\u00efcit\u00e9, ne veut pas mettre les pieds dans la basilique pr\u00e9f\u00e9r\u00e9e des Lyonnais.<\/p>\n<p><strong>Gr\u00e9gory Doucet planqu\u00e9 dans la crypte <\/strong><\/p>\n<p><img loading=\"lazy\" decoding=\"async\" class=\"alignnone size-full wp-image-164369\" src=\"data:image\/svg+xml,%3Csvg%20xmlns=\" http:=\"\" alt=\"\" width=\"880\" height=\"593\" data-lazy- data-lazy- data-lazy-src=\"https:\/\/www.europesays.com\/fr\/wp-content\/uploads\/2025\/09\/voezu-des-echevins-doucet.jpg\"\/><\/p>\n<p>En revanche, il est entr\u00e9 dans la crypte \u2014 retenue de pr\u00e9f\u00e9rence \u00e0 l\u2019esplanade du fait des incertitudes du temps \u2014 pour parler de la \u00ab\u00a0confiance\u00a0\u00bb, th\u00e8me propos\u00e9 cette ann\u00e9e par la Fondation Fourvi\u00e8re pour faire dialoguer quelques personnalit\u00e9s.<\/p>\n<p>Cela a d\u2019ailleurs donn\u00e9 l\u2019occasion \u00e0 l\u2019archev\u00eaque <strong>Olivier de Germay<\/strong> de lui d\u00e9livrer en public un petit r\u00e9sum\u00e9 de son hom\u00e9lie puisqu\u2019il n\u2019\u00e9tait \u00ab\u00a0pas l\u00e0\u00a0\u00bb, pique applaudie par l\u2019assistance. Esp\u00e9rons que l\u2019an prochain, il n\u2019ait pas besoin de se faire violence en montant \u00e0 Fourvi\u00e8re sous<a href=\"https:\/\/www.lyonpeople.com\/actualites-lyon\/lyon-a-fourviere-le-petit-gregory-a-lombre-de-la-croix-2024-09-10.html\" target=\"_blank\" rel=\"noopener\"><strong>\u00a0l\u2019ombre de la croix\u2026<\/strong><\/a> (qui avait disparu cette ann\u00e9e, comme par enchantement\u2026).<\/p>\n<p><img loading=\"lazy\" decoding=\"async\" class=\"alignnone size-full wp-image-164371\" src=\"data:image\/svg+xml,%3Csvg%20xmlns=\" http:=\"\" alt=\"\" width=\"900\" height=\"592\" data-lazy- data-lazy- data-lazy-src=\"https:\/\/www.europesays.com\/fr\/wp-content\/uploads\/2025\/09\/03-Le-cierge-des-Lyonnais.jpg\"\/><\/p>\n<p>On sait que, \u00e0 cause de l\u2019(\u00e9ph\u00e9)maire de Lyon, les responsables de la Fondation ont d\u00fb, depuis quelques ann\u00e9es, mettre sur pied un produit de substitution pour incarner le renouvellement du v\u0153u des \u00e9chevins qui, en 1643, pri\u00e8rent avec succ\u00e8s Marie de pr\u00e9server la cit\u00e9 de la peste.<\/p>\n<p><strong>La maire de Francheville en lieu et place du maire de Lyon <\/strong><\/p>\n<p>Apr\u00e8s divers Lyonnais jug\u00e9s embl\u00e9matiques comme <strong>Andr\u00e9 Manoukian<\/strong> ou <strong>Marie-Sophie Obama<\/strong>, ils se sont cette ann\u00e9e arr\u00eat\u00e9s sur un couple repr\u00e9sentatif de l\u2019engagement des chr\u00e9tiens dans la cit\u00e9.<\/p>\n<p>Voil\u00e0 pourquoi <strong>Claire<\/strong> et <strong>Benjamin Pouzin <\/strong>(photo d\u2019ouverture), accompagn\u00e9s de leurs quatre enfants, ont \u00e9t\u00e9 choisis : tr\u00e8s li\u00e9s au d\u00e9veloppement de <strong>Glorious<\/strong>, ce groupe de rock chr\u00e9tien et d\u2019\u00e9lectro pop qui a essaim\u00e9 un peu partout, ils expriment une approche joyeuse et une pratique sans complexe de la religion.<\/p>\n<p><img loading=\"lazy\" decoding=\"async\" class=\"alignnone size-full wp-image-164370\" src=\"data:image\/svg+xml,%3Csvg%20xmlns=\" http:=\"\" alt=\"\" width=\"900\" height=\"597\" data-lazy- data-lazy- data-lazy-src=\"https:\/\/www.europesays.com\/fr\/wp-content\/uploads\/2025\/09\/08-voeu-des-echevins-fourviere-2025.jpg\"\/><\/p>\n<p>Comme, en outre,<a href=\"https:\/\/www.lyonpeople.com\/actualites-lyon\/actualites-people-lyonnais\/claire-pouzin-maire-de-francheville-faire-vivre-la-democratie-en-vous-engageant-2025-05-20.html\" target=\"_blank\" rel=\"noopener\"><strong> Claire Pouzin est maire de Francheville<\/strong> <\/a>depuis f\u00e9vrier dernier, cela permettait de placer sous les projecteurs une municipalit\u00e9 grand-lyonnaise puisque celle de la ville-phare a rompu la tradition suivie chaque ann\u00e9e, notamment par <strong>G\u00e9rard Collomb<\/strong>, de la remise d\u2019un \u00e9cu symbolique.<\/p>\n<p><strong>Le tout Lyon est mont\u00e9 c\u00e9l\u00e9brer cette tradition lyonnaise<\/strong><\/p>\n<p>Notons que, comme d\u2019habitude, de nombreux officiels, comme le nouveau gouverneur militaire <strong>Alain Lardet,<\/strong> le directeur des archives m\u00e9tropolitaines et r\u00e9gionales <strong>Bruno Galland<\/strong>, ou les repr\u00e9sentants du corps consulaire, ont assist\u00e9 \u00e0 l\u2019ensemble de la c\u00e9r\u00e9monie, \u00e0 commencer par la messe.<\/p>\n<p><img loading=\"lazy\" decoding=\"async\" class=\"alignnone size-full wp-image-164372\" src=\"data:image\/svg+xml,%3Csvg%20xmlns=\" http:=\"\" alt=\"\" width=\"900\" height=\"621\" data-lazy- data-lazy- data-lazy-src=\"https:\/\/www.europesays.com\/fr\/wp-content\/uploads\/2025\/09\/11-Monseigneur-de-Germay-archeveque-Lyon.jpg\"\/><\/p>\n<p>On y voyait aussi de nombreux \u00e9lus ou anciens \u00e9lus, de <strong>Georges K\u00e9p\u00e9n\u00e9kian<\/strong>, un temps maire de Lyon, \u00e0 <strong>Pierre Oliver<\/strong>, maire du second arrondissement \u2014 ainsi que ses pr\u00e9d\u00e9cesseurs <strong>Alb\u00e9ric de Lavern\u00e9e<\/strong> et <strong>Denis Broliquier<\/strong>. Sans oublier les maires de Bron, de Caluire et <strong>Thomas Rudigoz<\/strong>, qui dirigea le cinqui\u00e8me et fut aussi d\u00e9put\u00e9.<\/p>\n<p>L\u2019un des textes de la liturgie de la parole fut lu par <strong>Herv\u00e9 Brun<\/strong>, adjoint au maire du sixi\u00e8me. Enfin, le pr\u00e9sident de la r\u00e9gion, <strong>Fabrice Panekoucke<\/strong>, apr\u00e8s avoir particip\u00e9 \u00e0 la demi-heure de \u00ab\u00a0regards crois\u00e9s\u00a0\u00bb dans la crypte avec l\u2019archev\u00eaque, le maire et le pr\u00e9sident de la Fondation <strong>Philippe Castaing<\/strong>, sut rappeler l\u2019investissement concret d\u2019Auvergne-Rh\u00f4ne-Alpes pour la mise en valeur de la basilique, y compris en ce qui concerne les tours qu\u2019il faut consolider.<\/p>\n<p><strong>Pas de citation de L\u00e9on XIV <\/strong><\/p>\n<p>Pour le dernier v\u0153u de son mandat, le petit Gr\u00e9gory n\u2019a pas cherch\u00e9 \u00e0 attirer \u00e0 lui l\u2019enseignement du pape, comme il adorait le faire avec <strong>Fran\u00e7ois<\/strong>. <strong>L\u00e9on XIV<\/strong>, tout aussi pr\u00e9occup\u00e9 d\u2019\u00e9cologie que son pr\u00e9d\u00e9cesseur, a eu ainsi l\u2019occasion de regretter \u00ab\u00a0la rupture des relations avec Dieu\u00a0\u00bb (9 juillet) comme d\u2019insister sur l\u2019importance de \u00ab\u00a0la conversion int\u00e9rieure\u00a0\u00bb (27 juillet), persuad\u00e9 que l\u2019humanit\u00e9 porte en elle \u00ab\u00a0une aspiration \u00e0 la vie \u00e9ternelle\u00a0\u00bb (6 juillet).<\/p>\n<p>Il n\u2019est pas non plus s\u00fbr que le maire ait go\u00fbt\u00e9 l\u2019affirmation de Monseigneur de Germay pour lequel, ind\u00e9pendamment du p\u00e9ch\u00e9 de chacun, \u00ab\u00a0le mal est bien pr\u00e9sent dans notre monde\u00a0\u00bb.<\/p>\n","protected":false},"excerpt":{"rendered":"Le sourire de Claire et Benjamin Pouzin ont suppl\u00e9\u00e9 le sectarisme du maire de Lyon &#8211; N\u2019ayant jamais&hellip;\n","protected":false},"author":2,"featured_media":388569,"comment_status":"","ping_status":"","sticky":false,"template":"","format":"standard","meta":{"footnotes":""},"categories":[1889],"tags":[4257,1111,11,2430,1777,674,1011,27,5226,2428,12,25,52083],"class_list":{"0":"post-388568","1":"post","2":"type-post","3":"status-publish","4":"format-standard","5":"has-post-thumbnail","7":"category-lyon","8":"tag-0top","9":"tag-actu","10":"tag-actualites","11":"tag-auvergne-rhone-alpes","12":"tag-eu","13":"tag-europe","14":"tag-fr","15":"tag-france","16":"tag-gregory-doucet","17":"tag-lyon","18":"tag-news","19":"tag-republique-francaise","20":"tag-voeu-des-echevins"},"share_on_mastodon":{"url":"https:\/\/pubeurope.com\/@fr\/115198655462640237","error":""},"_links":{"self":[{"href":"https:\/\/www.europesays.com\/fr\/wp-json\/wp\/v2\/posts\/388568","targetHints":{"allow":["GET"]}}],"collection":[{"href":"https:\/\/www.europesays.com\/fr\/wp-json\/wp\/v2\/posts"}],"about":[{"href":"https:\/\/www.europesays.com\/fr\/wp-json\/wp\/v2\/types\/post"}],"author":[{"embeddable":true,"href":"https:\/\/www.europesays.com\/fr\/wp-json\/wp\/v2\/users\/2"}],"replies":[{"embeddable":true,"href":"https:\/\/www.europesays.com\/fr\/wp-json\/wp\/v2\/comments?post=388568"}],"version-history":[{"count":0,"href":"https:\/\/www.europesays.com\/fr\/wp-json\/wp\/v2\/posts\/388568\/revisions"}],"wp:featuredmedia":[{"embeddable":true,"href":"https:\/\/www.europesays.com\/fr\/wp-json\/wp\/v2\/media\/388569"}],"wp:attachment":[{"href":"https:\/\/www.europesays.com\/fr\/wp-json\/wp\/v2\/media?parent=388568"}],"wp:term":[{"taxonomy":"category","embeddable":true,"href":"https:\/\/www.europesays.com\/fr\/wp-json\/wp\/v2\/categories?post=388568"},{"taxonomy":"post_tag","embeddable":true,"href":"https:\/\/www.europesays.com\/fr\/wp-json\/wp\/v2\/tags?post=388568"}],"curies":[{"name":"wp","href":"https:\/\/api.w.org\/{rel}","templated":true}]}}