{"id":388580,"date":"2025-09-13T19:40:19","date_gmt":"2025-09-13T19:40:19","guid":{"rendered":"https:\/\/www.europesays.com\/fr\/388580\/"},"modified":"2025-09-13T19:40:19","modified_gmt":"2025-09-13T19:40:19","slug":"lespace-aerien-sous-surveillance-renforcee-face-a-la-menace-de-drones-russes","status":"publish","type":"post","link":"https:\/\/www.europesays.com\/fr\/388580\/","title":{"rendered":"l\u2019espace a\u00e9rien sous surveillance renforc\u00e9e face \u00e0 la menace de drones russes"},"content":{"rendered":"<p class=\"article-p mdl\">\u00ab\u00a0<strong>L\u2019\u00e9tat d\u2019urgence a \u00e9t\u00e9 lev\u00e9\u00a0\u00bb,<\/strong> a indiqu\u00e9 samedi 13 septembre, sur X, le Premier ministre polonais Donald Tusk, apr\u00e8s une journ\u00e9e marqu\u00e9e par une mobilisation exceptionnelle des forces a\u00e9riennes polonaises et alli\u00e9es. Celles-ci\u00a0ont men\u00e9 des op\u00e9rations pr\u00e9ventives dans l\u2019espace a\u00e9rien du pays, en r\u00e9ponse \u00e0 une nouvelle vague de frappes de drones russes en Ukraine, survenue \u00e0 proximit\u00e9 imm\u00e9diate de la fronti\u00e8re polonaise.<\/p>\n<p class=\"article-p mdl\">Le Commandement op\u00e9rationnel des Forces arm\u00e9es polonaises avait annonc\u00e9 sur X une mise en alerte maximale : \u00ab\u00a0<a class=\"link\" href=\"https:\/\/www.rtl.fr\/actu\/international\/face-a-la-menace-russe-comment-la-pologne-se-barricade-t-elle-7900540623\" target=\"_blank\" rel=\"noopener\">En raison de la menace de frappes<\/a>\u00a0de v\u00e9hicules a\u00e9riens sans pilote (drones) dans les r\u00e9gions d&rsquo;Ukraine limitrophes de la R\u00e9publique de Pologne (&#8230;), des avions polonais et alli\u00e9s op\u00e8rent dans notre espace a\u00e9rien, et les syst\u00e8mes terrestres de d\u00e9fense a\u00e9rienne et de reconnaissance radar ont atteint leur plus haut niveau d&rsquo;alerte.\u00a0\u00bbLe vice-ministre de la D\u00e9fense, Cezary Tomczyk, a pr\u00e9cis\u00e9 que <strong>des h\u00e9licopt\u00e8res \u00e9taient \u00e9galement engag\u00e9s dans ces op\u00e9rations<\/strong>, soulignant l\u2019ampleur du dispositif de s\u00e9curit\u00e9 d\u00e9ploy\u00e9.<\/p>\n<p class=\"article-p mdl\">De son c\u00f4t\u00e9, la Roumanie a affirm\u00e9 que son espace a\u00e9rien avait \u00e9t\u00e9 viol\u00e9 par un drone au cours d\u2019une attaque russe visant des infrastructures en Ukraine voisine. <strong>Deux avions de combat F-16 ont \u00e9t\u00e9 d\u00e9p\u00each\u00e9s pour surveiller la situation<\/strong> ; ils ont d\u00e9tect\u00e9 un drone dans l\u2019espace a\u00e9rien national et l\u2019ont suivi jusqu\u2019\u00e0 ce qu\u2019il disparaisse des radars pr\u00e8s du village de Chilia Veche, a pr\u00e9cis\u00e9 le minist\u00e8re de la D\u00e9fense dans un communiqu\u00e9.<\/p>\n<p>            Une vigilance renforc\u00e9e depuis l\u2019intrusion de drones russes<\/p>\n<p class=\"article-p mdl\">Cette r\u00e9action intervient alors que la Pologne et ses alli\u00e9s de l\u2019Otan \u00e9taient\u00a0<a class=\"link\" href=\"https:\/\/www.rtl.fr\/actu\/international\/les-infos-de-18h-guerre-en-ukraine-apres-l-intrusion-dans-l-espace-aerien-polonais-que-risque-la-russie-7900539892\" target=\"_blank\" rel=\"noopener\">en \u00e9tat d\u2019alerte<\/a>\u00a0depuis l\u2019intrusion, dans la nuit du 9 au 10 septembre,<strong> d\u2019une vingtaine de drones russes dans l\u2019espace a\u00e9rien ukrainien<\/strong> \u00e0 proximit\u00e9 de la fronti\u00e8re polonaise. Plusieurs pays europ\u00e9ens \u2014 dont la France, l\u2019Allemagne et la Su\u00e8de \u2014 ont depuis annonc\u00e9 un renforcement de leur contribution \u00e0 la d\u00e9fense a\u00e9rienne de la Pologne, notamment le long de sa fronti\u00e8re orientale avec l\u2019Ukraine et le B\u00e9larus.<\/p>\n<p class=\"article-p mdl\">Donald Tusk a lui aussi rappel\u00e9 samedi sur X \u00ab\u00a0la menace pos\u00e9e par des drones russes op\u00e9rant au-dessus de l\u2019Ukraine, pr\u00e8s de la fronti\u00e8re polonaise\u00a0\u00bb, confirmant ainsi l\u2019inqui\u00e9tude croissante des autorit\u00e9s polonaises face \u00e0 l\u2019intensification des op\u00e9rations russes dans cette zone sensible. En parall\u00e8le,<strong> l\u2019espace a\u00e9rien au-dessus de l\u2019a\u00e9roport de Lublin<\/strong>, dans le sud-est du pays, avait \u00e9t\u00e9 temporairement ferm\u00e9. Plusieurs vols ont d\u00fb \u00eatre d\u00e9tourn\u00e9s ou retard\u00e9s, illustrant les perturbations concr\u00e8tes caus\u00e9es par cette situation s\u00e9curitaire in\u00e9dite.<\/p>\n<p class=\"article-p mdl\">\u00c0 l\u2019international, cette escalade\u00a0<a class=\"link\" href=\"https:\/\/www.rtl.fr\/actu\/international\/guerre-en-ukraine-apres-l-intrusion-de-l-espace-aerien-polonais-par-des-drones-russes-la-france-mobilise-trois-rafale-7900540425\" target=\"_blank\" rel=\"noopener\">suscite \u00e9galement de vives r\u00e9actions<\/a>. Le secr\u00e9taire d\u2019\u00c9tat am\u00e9ricain Marco Rubio a qualifi\u00e9 samedi <strong>l\u2019intrusion de drones russes sur le territoire polonais d\u2019\u00a0\u00bbinacceptable\u00a0\u00bb,<\/strong> ajoutant qu\u2019elle \u00e9tait \u00ab\u00a0regrettable et dangereuse\u00a0\u00bb. Il a soulign\u00e9 que \u00ab\u00a0la question est de savoir si les drones avaient pour objectif sp\u00e9cifique de p\u00e9n\u00e9trer en Pologne. Si c\u2019est le cas, il s\u2019agit \u00e9videmment d\u2019une escalade majeure\u00a0\u00bb, pr\u00e9cisant qu\u2019il faudra \u00ab\u00a0encore quelques jours\u00a0\u00bb pour tirer des conclusions d\u00e9finitives.<\/p>\n<p>    La r\u00e9daction vous recommande<\/p>\n<p class=\"s-newsletter__title\">\n                L\u2019actualit\u00e9 par la r\u00e9daction de RTL dans votre bo\u00eete mail.\n            <\/p>\n<p class=\"s-newsletter__subtitle\">\n                Gr\u00e2ce \u00e0 votre compte RTL abonnez-vous \u00e0 la newsletter RTL info pour suivre toute l&rsquo;actualit\u00e9 au quotidien\n            <\/p>\n<p>\n                                    Lire la suite\n                                <\/p>\n","protected":false},"excerpt":{"rendered":"\u00ab\u00a0L\u2019\u00e9tat d\u2019urgence a \u00e9t\u00e9 lev\u00e9\u00a0\u00bb, a indiqu\u00e9 samedi 13 septembre, sur X, le Premier ministre polonais Donald Tusk,&hellip;\n","protected":false},"author":2,"featured_media":388581,"comment_status":"","ping_status":"","sticky":false,"template":"","format":"standard","meta":{"footnotes":""},"categories":[1591],"tags":[11,2024,1887,107,14,12,136,2437,1885,1886,132],"class_list":{"0":"post-388580","1":"post","2":"type-post","3":"status-publish","4":"format-standard","5":"has-post-thumbnail","7":"category-russie","8":"tag-actualites","9":"tag-drones","10":"tag-federation-de-russie","11":"tag-fil-info","12":"tag-international","13":"tag-news","14":"tag-otan","15":"tag-pologne","16":"tag-russia","17":"tag-russian-federation","18":"tag-russie"},"share_on_mastodon":{"url":"https:\/\/pubeurope.com\/@fr\/115198690896120076","error":""},"_links":{"self":[{"href":"https:\/\/www.europesays.com\/fr\/wp-json\/wp\/v2\/posts\/388580","targetHints":{"allow":["GET"]}}],"collection":[{"href":"https:\/\/www.europesays.com\/fr\/wp-json\/wp\/v2\/posts"}],"about":[{"href":"https:\/\/www.europesays.com\/fr\/wp-json\/wp\/v2\/types\/post"}],"author":[{"embeddable":true,"href":"https:\/\/www.europesays.com\/fr\/wp-json\/wp\/v2\/users\/2"}],"replies":[{"embeddable":true,"href":"https:\/\/www.europesays.com\/fr\/wp-json\/wp\/v2\/comments?post=388580"}],"version-history":[{"count":0,"href":"https:\/\/www.europesays.com\/fr\/wp-json\/wp\/v2\/posts\/388580\/revisions"}],"wp:featuredmedia":[{"embeddable":true,"href":"https:\/\/www.europesays.com\/fr\/wp-json\/wp\/v2\/media\/388581"}],"wp:attachment":[{"href":"https:\/\/www.europesays.com\/fr\/wp-json\/wp\/v2\/media?parent=388580"}],"wp:term":[{"taxonomy":"category","embeddable":true,"href":"https:\/\/www.europesays.com\/fr\/wp-json\/wp\/v2\/categories?post=388580"},{"taxonomy":"post_tag","embeddable":true,"href":"https:\/\/www.europesays.com\/fr\/wp-json\/wp\/v2\/tags?post=388580"}],"curies":[{"name":"wp","href":"https:\/\/api.w.org\/{rel}","templated":true}]}}