{"id":388582,"date":"2025-09-13T19:41:13","date_gmt":"2025-09-13T19:41:13","guid":{"rendered":"https:\/\/www.europesays.com\/fr\/388582\/"},"modified":"2025-09-13T19:41:13","modified_gmt":"2025-09-13T19:41:13","slug":"les-soldats-russes-revenus-du-front-des-bombes-a-retardement","status":"publish","type":"post","link":"https:\/\/www.europesays.com\/fr\/388582\/","title":{"rendered":"Les soldats russes revenus du front, des \u201cbombes \u00e0 retardement\u201d"},"content":{"rendered":"\n<p>[Cet article a \u00e9t\u00e9 publi\u00e9 pour la premi\u00e8re fois sur notre site le 13\u00a0avril 2025, et republi\u00e9 le 13\u00a0septembre]<\/p>\n<p>L\u2019avion s\u2019appr\u00eate \u00e0 d\u00e9coller. J\u2019ai le si\u00e8ge du milieu. \u00c0 ma droite, pr\u00e8s du hublot, une toute jeune femme, vraiment tr\u00e8s jeune. \u00c0 ma gauche, un soldat russe, la trentaine, en treillis de camouflage. Son \u00e9cusson dit qu\u2019il est \u201cZa \u0420\u043e\u0441\u0441\u0438\u044e\u201d\u00a0: pour la Russie.<\/p>\n<p>L\u2019appareil d\u00e9colle. La jeune fille se tourne vers le militaire\u00a0:<\/p>\n<p>\u201cWaouh, vous rentrez directement du front\u00a0?<br \/>\u2014 Non, j\u2019\u00e9tais en permission chez moi, maintenant je repars. La SVO [sigle russe qui signifie \u2018op\u00e9ration militaire sp\u00e9ciale\u2019, expression officielle pour d\u00e9signer la guerre en Ukraine], moi, j\u2019y suis pratiquement depuis le d\u00e9but des op\u00e9rations.<br \/>\u2014 Et la d\u00e9mission du ministre de la D\u00e9fense, qu\u2019est-ce que vous en pensez\u00a0?\u201d demande la fille, visiblement int\u00e9ress\u00e9e.<\/p>\n<p>Quelque chose me dit que ce vol de nuit de l\u2019Oural vers Moscou va \u00eatre inoubliable. Coinc\u00e9e entre les deux interlocuteurs, je sens la \u201cSVO\u201d se rapprocher de moi dans tous les sens du terme [l\u2019acronyme \u201cSVO\u201d est aussi le code d\u00e9signant l\u2019a\u00e9roport de Moscou-Sheremetyevo].<\/p>\n<p>Dans des moments pareils, on se dit\u00a0: notre \u201cnouvelle \u00e9lite\u201d, la voil\u00e0, c\u2019est elle. En classe \u00e9conomique, un homme qui appelle constamment l\u2019h\u00f4tesse, qui passe des commandes, qui r\u00e8gle tout rubis sur l\u2019ongle, c\u2019est rare. Pendant les deux heures du vol, il parle \u00e0 voix bien haute de sa brigade, de leur irruption en Ukraine au printemps 2022, de l\u2019injustice qu\u2019on fait aux Russes en les qualifiant de \u201cmonstres\u201d, car quand ils entrent dans les magasins et les habitations, les gens n\u2019h\u00e9sitent pas \u00e0 leur offrir tout ce qu\u2019ils veulent. \u201cEst-ce ainsi qu\u2019on se comporte avec des monstres\u00a0?\u201d interroge-t-il. \u201cEn tout cas, c\u2019est ainsi qu\u2019on se comporte avec des occupants arm\u00e9s\u201d, lui fais-je\u2026 dans ma t\u00eate.<\/p>\n<p>                                <a href=\"https:\/\/focus.courrierinternational.com\/2025\/04\/11\/0\/0\/1492\/1034\/1280\/0\/60\/0\/c496147_sirius-fs-upload-1-8dyfmba7u5vz-1744377306914-cartegei-nei-ralesiturussie.png\" data-pswp-width=\"1280\" data-pswp-height=\"887\" target=\"_blank\" rel=\"noopener\">        <img decoding=\"async\" loading=\"lazy\" onerror=\"this.classList.add(`img--error`)\" src=\"https:\/\/www.europesays.com\/fr\/wp-content\/uploads\/2025\/09\/c496147_sirius-fs-upload-1-8dyfmba7u5vz-1744377306914-cartegei-nei-ralesiturussie.png\"  width=\"640\" height=\"444\" alt=\"Photo\"\/>     <\/a>       COURRIER INTERNATIONAL               <\/p>\n<p>Ce soldat peut chanter ses faits d\u2019armes dans les moindres d\u00e9tails, voire discr\u00e9diter son arm\u00e9e, il n\u2019y aura aucune r\u00e9percussion\u00a0; une libert\u00e9 d\u2019expression qui m\u2019est refus\u00e9e, \u00e0 moi, l\u2019\u00e9ditorialiste d\u2019un m\u00e9dia marqu\u00e9 <a href=\"https:\/\/www.courrierinternational.com\/article\/scrutin-des-legislatives-en-russie-sous-le-regne-de-la-loi-contre-les-agents-de-letranger\" target=\"_blank\" rel=\"noopener\">\u201cagent de l\u2019\u00e9tranger\u201d par l\u2019\u00c9tat russe<\/a>. Moi qui suis dipl\u00f4m\u00e9e de la facult\u00e9 de journalisme, qui ai travaill\u00e9 pendant des ann\u00e9es comme reporter, qui ai gravi les \u00e9chelons du monde m\u00e9diatique, je suis moins libre que ce villageois sans \u00e9ducation de l\u2019Oural qui part combattre pour un gros sac d\u2019argent. En ce sens, c\u2019est vrai, on pourrait le qualifier d\u2019\u00e9lite.<\/p>\n<p>         Traumatisme de la guerre       <\/p>\n<p>Apr\u00e8s avoir \u00e9cout\u00e9 la gazette du front pendant une bonne demi-heure, la jeune fille au hublot demande, avec tout l\u2019enthousiasme d\u2019une h\u00e9ro\u00efne du Komsomol [l\u2019organisation de la jeunesse communiste sovi\u00e9tique]\u00a0:<\/p>\n<p>\u201cEt alors, tuer quelqu\u2019un pour la premi\u00e8re fois, \u00e7a fait quoi\u00a0?<br \/>\u2014 Tu en poses des questions, toi\u2026\u201d, r\u00e9pond le militaire, songeur.<\/p>\n<p>Au d\u00e9but, beaucoup s\u2019\u00e9taient int\u00e9ress\u00e9s \u00e0 ce qui se passait dans la t\u00eate d\u2019un \u201cSVOchnik\u201d [terme russe d\u00e9signant un v\u00e9t\u00e9ran ou soldat de la \u201cSVO\u201d].\u00a0Pendant la premi\u00e8re ann\u00e9e du conflit, lorsque leurs connaissances rentraient en permission, mes amis de l\u2019Oural les assaillaient de questions. Plus maintenant.<\/p>\n<p>Mon amie m\u2019a rapport\u00e9 les r\u00e9cits de son copain rentr\u00e9 du combat. Elle \u00e9tait curieuse, elle voulait savoir. Il lui a racont\u00e9 comment il avait \u00e9t\u00e9 bless\u00e9, comment il se r\u00e9veillait en sursaut la nuit, terroris\u00e9. Et surtout, il lui a dit ce qu\u2019il avait compris de la guerre\u00a0: que l\u2019homme y devenait une b\u00eate. Au d\u00e9but du conflit, un pr\u00eatre v\u00e9t\u00e9ran de l\u2019Afghanistan avait confi\u00e9 quelque chose de similaire \u00e0 la r\u00e9daction de Holod\u00a0:<\/p>\n<blockquote><p>\u201cLa cons\u00e9quence principale de la guerre est le tourment de la conscience.\u201d<\/p><\/blockquote>\n<p>Ces histoires horribles, sordides et d\u00e9pourvues de tout h\u00e9ro\u00efsme, les gens les ont assez entendues. Et dans les villes de l\u2019Oural, v\u00e9ritable carte du maraudeur sur la question de la revente des biens spoli\u00e9s en Ukraine, la saturation est particuli\u00e8rement palpable. Surtout qu\u2019apr\u00e8s trois ans de conflit je connais peu d\u2019habitants de la r\u00e9gion qui n\u2019aient eu un proche bless\u00e9 ou tu\u00e9 au combat. \u00c0 pr\u00e9sent que la curiosit\u00e9 s\u2019est \u00e9mouss\u00e9e, on prend ses distances.<\/p>\n<p>         Conflits domestiques       <\/p>\n<p>Un homme en treillis dans un bus, dans un centre commercial ou dans un couloir d\u2019h\u00f4pital met les gens mal \u00e0 l\u2019aise. On le contourne. On change de si\u00e8ge. L\u2019agente immobili\u00e8re responsable de la vente de l\u2019appartement que je loue a demand\u00e9 de ne pas dire aux acqu\u00e9reurs qu\u2019il y avait des militaires quelques \u00e9tages plus haut. Un client potentiel pourrait ne pas les vouloir comme voisins. Qui l\u2019e\u00fbt cru\u00a0?<\/p>\n<p>Pour une de mes coll\u00e8gues journalistes qui les filme r\u00e9guli\u00e8rement dans des lieux publics, les \u201cSVOchniks\u201d sont des \u201cbombes \u00e0 retardement\u201d. Des bombes qui, g\u00e9n\u00e9ralement, finissent t\u00f4t ou tard par exploser. Les conflits domestiques foisonnent. Nous avons d\u00e9j\u00e0 rapport\u00e9 plusieurs situations o\u00f9 un ancien combattant a commis un meurtre \u00e0 son retour au pays.<\/p>\n<p>L\u2019ann\u00e9e derni\u00e8re, un soldat en permission a cass\u00e9 la porte de mon immeuble. Le lendemain, il a poliment accept\u00e9 de payer pour les r\u00e9parations, apr\u00e8s d\u2019\u00eatre expliqu\u00e9\u00a0: on avait mis du temps \u00e0 lui r\u00e9pondre \u00e0 l\u2019interphone. Cette ann\u00e9e, un voisin en tenue camoufl\u00e9e avec le patch patriotique \u201cZ\u201d [un symbole de soutien \u00e0 l\u2019invasion de l\u2019Ukraine et \u00e0 Poutine parmi les partisans des autorit\u00e9s russes] s\u2019est tromp\u00e9 d\u2019\u00e9tage et a cherch\u00e9 \u00e0 entrer chez moi avec ses cl\u00e9s (\u00e0 4\u00a0heures du matin), puis, d\u00e9\u00e7u, a tent\u00e9 d\u2019enfoncer la porte. L\u2019agente immobili\u00e8re n\u2019avait pas si tort que cela.<\/p>\n<p>\u00c0 Moscou ces sc\u00e9narios sont plus rares. Mais dans les gares et les a\u00e9roports de la capitale, le v\u00e9t\u00e9ran \u00e0 la gueule de bois qui demande qu\u2019on lui montre le chemin ou qu\u2019on l\u2019aide avec ses billets est un personnage d\u00e9sormais familier.<\/p>\n<p>                                <a href=\"https:\/\/focus.courrierinternational.com\/2025\/03\/18\/0\/0\/4425\/2950\/1280\/0\/60\/0\/6bb4980_ftp-import-images-1-po1yb6zontny-afp-372z63c.jpg\" data-pswp-width=\"1280\" data-pswp-height=\"853\" target=\"_blank\" rel=\"noopener\">        <img decoding=\"async\" loading=\"lazy\" onerror=\"this.classList.add(`img--error`)\" src=\"https:\/\/www.europesays.com\/fr\/wp-content\/uploads\/2025\/09\/6bb4980_ftp-import-images-1-po1yb6zontny-afp-372z63c.jpg\"  width=\"640\" height=\"427\" alt=\"Un soldat russe dans un village repris aux Ukrainiens, dans la r\u00e9gion de Koursk, le 18\u00a0mars 2025.\"\/>     <\/a>      Un soldat russe dans un village repris aux Ukrainiens, dans la r\u00e9gion de Koursk, le 18\u00a0mars 2025.   Photo TATYANA MAKEYEVA\/AFP               <\/p>\n<p>Je pense que dans la province russe d\u2019aujourd\u2019hui, rares sont ceux qui ignorent la guerre ou qui vivent encore dans l\u2019illusion. Chez le notaire, on parle de collectes humanitaires. Dans certains immeubles, \u00e0 No\u00ebl, des affiches appellent \u00e0 d\u00e9poser des bo\u00eetes de conserve vides, destin\u00e9es \u00e0 fabriquer des bougies de tranch\u00e9e \u201cpour nos soldats\u201d. Autour d\u2019une conversation de palier, une voisine mentionne\u00a0son neveu \u201cqui est mort l\u00e0-bas\u201d. <a href=\"https:\/\/www.courrierinternational.com\/article\/vu-de-russie-attaque-massive-de-drones-ukrainiens-contre-moscou-un-signal-envoye-a-poutine_228620\" target=\"_blank\" rel=\"noopener\">Des drones frappent maintenant la banlieue de Moscou<\/a>. Les habitants des r\u00e9gions frontali\u00e8res ont ressenti les effets de la guerre il y a longtemps, mais \u00e0 pr\u00e9sent on croise de jeunes hommes estropi\u00e9s en pleine capitale.<\/p>\n<p>         Les \u00e9viter \u00e0 tout prix       <\/p>\n<p>La soci\u00e9t\u00e9 est arriv\u00e9e \u00e0 une sorte d\u2019arrangement tacite. Les militaires se replient sur eux-m\u00eames, s\u2019enfoncent des \u00e9couteurs dans les oreilles, s\u2019immergent dans les reels TikTok [courtes vid\u00e9os divertissantes sur le r\u00e9seau social TikTok], appellent leurs camarades du front pour retrouver sur l\u2019\u00e9cran le monde qui est le leur. Et les passants passent, les yeux fuyants, feignant de ne pas les voir. Tant que les \u201cSVOchniks\u201d restent tranquilles, tant que le TSPT (trouble de stress post-traumatique) ou l\u2019alcool ne provoque pas de d\u00e9tonation, l\u2019\u00e9quilibre est maintenu.<\/p>\n<p>Dans la Russie actuelle, un homme en tenue de camouflage n\u2019inspire ni respect ni sentiment de s\u00e9curit\u00e9. Je prends un taxi dans une ville de l\u2019Oural. Au volant un v\u00e9t\u00e9ran de la \u201cSVO\u201d, qui me raconte qu\u2019il est devenu taxi dans un esprit th\u00e9rapeutique\u00a0: son psy lui a conseill\u00e9 de communiquer davantage.<\/p>\n<p>\u201cQuand on souffre de TSPT, le passage du calme \u00e0 la violence peut se faire tr\u00e8s vite, lui fais-je remarquer.<br \/>\u2014 Mais non, moi, je m\u2019en sors, les clients ne m\u2019\u00e9nervent pas. Mais l\u2019autre jour, le couple homo, je l\u2019ai fait sortir dans le froid tout de suite, c\u2019est s\u00fbr. Mon taxi, il n\u2019est pas fait pour se tripoter.\u201d<\/p>\n<p>La maman de mon amie a racont\u00e9 qu\u2019une nuit un chauffeur de taxi revenu du combat lui avait propos\u00e9 de modifier l\u2019itin\u00e9raire pour avoir des relations sexuelles. Dans le m\u00e9tro, dans les gares, dans les a\u00e9roports, un air trop insouciant ou un regard trop bienveillant est souvent pris pour une invitation. Alors, le \u00e9ni\u00e8me \u201cSVOchnik\u201d \u00e9gar\u00e9 vous aborde, vous asphyxie avec ses effluves d\u2019alcool, vous demande de l\u2019accompagner jusqu\u2019\u00e0 sa rame.<\/p>\n<p>Ces dangers ambulants, mieux vaut les contourner sans appuyer le regard. Personne n\u2019en parle ouvertement (on ne peut plus s\u2019exprimer ouvertement de toute fa\u00e7on), mais je pense que c\u2019est ce que ressentent aussi les veuves des morts au combat lorsqu\u2019elles se plaignent du manque d\u2019<a href=\"https:\/\/www.courrierinternational.com\/article\/vision-du-monde-le-kremlin-prepare-un-nouveau-programme-d-education-a-la-civilisation-russe\" target=\"_blank\" rel=\"noopener\">\u00e9ducation patriotique<\/a> ou d\u2019un \u00e9loge insuffisant des soldats dans les \u00e9coles. C\u2019est peut-\u00eatre aussi ce qui explique la col\u00e8re des soldats eux-m\u00eames lorsqu\u2019ils entendent l\u2019\u00e9ni\u00e8me commentaire sur les \u201cOrques du Mordor\u201d [terme p\u00e9joratif pour d\u00e9signer les soldats russes].<\/p>\n<p>En 2024, de nombreux militaires en cong\u00e9 m\u2019ont dit qu\u2019ils voulaient que la guerre se termine. Pourtant, la fin du conflit signerait leur exclusion d\u00e9finitive de la soci\u00e9t\u00e9. Dans le monde civil, trouver un emploi aussi bien pay\u00e9 que leur contrat avec la D\u00e9fense sera pratiquement impossible. Quant \u00e0 l\u2019int\u00e9r\u00eat que suscite leur \u00e9tat psychique, il s\u2019amenuise de jour en jour. Ce qui les attend est moins un programme de r\u00e9habilitation qu\u2019une \u201cth\u00e9rapie d\u2019\u00e9thanol\u201d, comme cela a d\u00e9j\u00e0 \u00e9t\u00e9 le cas pour les anciens combattants rentr\u00e9s d\u2019Afghanistan et de Tch\u00e9tch\u00e9nie.<\/p>\n<p>Et si, au d\u00e9but, on pensait que les soldats de l\u2019\u201cop\u00e9ration militaire sp\u00e9ciale\u201d, avec leur bon salaire et leur pl\u00e9thore d\u2019avantages, allaient devenir la nouvelle \u00e9lite russe, aujourd\u2019hui la conclusion est claire\u00a0: l\u2019\u00e9lite, c\u2019est le groupe dont on veut faire partie, pas celui qu\u2019on fuit comme la peste.<\/p>\n<p>L\u2019opinion de l\u2019auteur ne refl\u00e8te pas n\u00e9cessairement celle de la r\u00e9daction.<\/p>\n","protected":false},"excerpt":{"rendered":"[Cet article a \u00e9t\u00e9 publi\u00e9 pour la premi\u00e8re fois sur notre site le 13\u00a0avril 2025, et republi\u00e9 le&hellip;\n","protected":false},"author":2,"featured_media":388583,"comment_status":"","ping_status":"","sticky":false,"template":"","format":"standard","meta":{"footnotes":""},"categories":[1590],"tags":[11,1777,674,1892,131,12,132,1857,220,135],"class_list":{"0":"post-388582","1":"post","2":"type-post","3":"status-publish","4":"format-standard","5":"has-post-thumbnail","7":"category-ukraine","8":"tag-actualites","9":"tag-eu","10":"tag-europe","11":"tag-gu00e9opolitique","12":"tag-guerre-en-ukraine","13":"tag-news","14":"tag-russie","15":"tag-sociu00e9tu00e9","16":"tag-ukraine","17":"tag-vladimir-poutine"},"share_on_mastodon":{"url":"https:\/\/pubeurope.com\/@fr\/115198695371136474","error":""},"_links":{"self":[{"href":"https:\/\/www.europesays.com\/fr\/wp-json\/wp\/v2\/posts\/388582","targetHints":{"allow":["GET"]}}],"collection":[{"href":"https:\/\/www.europesays.com\/fr\/wp-json\/wp\/v2\/posts"}],"about":[{"href":"https:\/\/www.europesays.com\/fr\/wp-json\/wp\/v2\/types\/post"}],"author":[{"embeddable":true,"href":"https:\/\/www.europesays.com\/fr\/wp-json\/wp\/v2\/users\/2"}],"replies":[{"embeddable":true,"href":"https:\/\/www.europesays.com\/fr\/wp-json\/wp\/v2\/comments?post=388582"}],"version-history":[{"count":0,"href":"https:\/\/www.europesays.com\/fr\/wp-json\/wp\/v2\/posts\/388582\/revisions"}],"wp:featuredmedia":[{"embeddable":true,"href":"https:\/\/www.europesays.com\/fr\/wp-json\/wp\/v2\/media\/388583"}],"wp:attachment":[{"href":"https:\/\/www.europesays.com\/fr\/wp-json\/wp\/v2\/media?parent=388582"}],"wp:term":[{"taxonomy":"category","embeddable":true,"href":"https:\/\/www.europesays.com\/fr\/wp-json\/wp\/v2\/categories?post=388582"},{"taxonomy":"post_tag","embeddable":true,"href":"https:\/\/www.europesays.com\/fr\/wp-json\/wp\/v2\/tags?post=388582"}],"curies":[{"name":"wp","href":"https:\/\/api.w.org\/{rel}","templated":true}]}}