{"id":388586,"date":"2025-09-13T19:43:15","date_gmt":"2025-09-13T19:43:15","guid":{"rendered":"https:\/\/www.europesays.com\/fr\/388586\/"},"modified":"2025-09-13T19:43:15","modified_gmt":"2025-09-13T19:43:15","slug":"qui-est-a-lorigine-du-mouvement","status":"publish","type":"post","link":"https:\/\/www.europesays.com\/fr\/388586\/","title":{"rendered":"qui est \u00e0 l&rsquo;origine du mouvement ?"},"content":{"rendered":"<p class=\"article-p mdl\">Environ <strong>110.000 personnes <\/strong>ont particip\u00e9 ce samedi 13 septembre \u00e0 Londres \u00e0 un rassemblement anti-migrants, relay\u00e9 par le militant d&rsquo;extr\u00eame droite Tommy Robinson, selon la police londonienne. Parmi les figures de proue de cette manifestation, <strong>\u00c9ric Zemmour<\/strong>, qui est venu d\u00e9fendre sa position contre ce qu\u2019il nomme une \u00ab\u00a0submersion migratoire\u00a0\u00bb. Un \u00e9v\u00e9nement qui survient dans un contexte de tensions croissantes au Royaume-Uni, o\u00f9 l&rsquo;hostilit\u00e9 envers les migrants semble avoir pris de l&rsquo;ampleur ces derniers mois.<\/p>\n<p class=\"article-p mdl\">La situation s&rsquo;est intensifi\u00e9e d\u00e8s l&rsquo;\u00e9t\u00e9 2025, apr\u00e8s qu\u2019un homme, Hadush Kebatu, nouvellement arriv\u00e9 au Royaume-Uni et h\u00e9berg\u00e9 dans un h\u00f4tel r\u00e9serv\u00e9 aux demandeurs d\u2019asile, <strong>a \u00e9t\u00e9 accus\u00e9 d&rsquo;agression sexuelle<\/strong> sur une jeune fille de 14 ans dans la ville d&rsquo;Epping. Bien que l&rsquo;incident ait \u00e9t\u00e9 isol\u00e9, l&rsquo;\u00e9v\u00e9nement a raviv\u00e9 des peurs et des rumeurs autour de la pr\u00e9sence de migrants dans les petites villes et villages du pays, surtout lorsque des h\u00f4tels sont utilis\u00e9s pour loger\u00a0<a class=\"link\" href=\"https:\/\/www.rtl.fr\/actu\/international\/les-infos-de-18h-immigration-la-france-et-le-royaume-uni-signent-un-accord-pour-un-echange-de-migrants-7900522953\" target=\"_blank\" rel=\"noopener\">des demandeurs d&rsquo;asile<\/a>\u00a0en attente de traitement de leur dossier.\n<\/p>\n<p class=\"article-p mdl\">Ces h\u00f4tels, d\u00e9j\u00e0 controvers\u00e9s depuis l&rsquo;ann\u00e9e derni\u00e8re, avaient d\u2019ailleurs \u00e9t\u00e9 au c\u0153ur\u00a0<a class=\"link\" href=\"https:\/\/www.rtl.fr\/actu\/international\/royaume-uni-ce-que-l-on-sait-sur-les-emeutes-qui-secouent-le-pays-7900406711\" target=\"_blank\" rel=\"noopener\">des \u00e9meutes racistes de 2024<\/a>. Plusieurs mobilisations de partisans avaient rassembl\u00e9 des milliers, voire des dizaines de milliers de personnes, comme en juillet 2024 o\u00f9 ils \u00e9taient entre 20.000 et 30.000, selon des estimations de l&rsquo;organisation antiraciste Hope Not Hate. D\u00e9but septembre 2025, <strong>Hadush Kebatu a \u00e9t\u00e9 reconnu coupable<\/strong> d&rsquo;agression sexuelle, ce qui a renforc\u00e9 le sentiment d&rsquo;ins\u00e9curit\u00e9 au sein de certaines communaut\u00e9s locales.<\/p>\n<p>            Donner la parole \u00e0 une droite \u00ab\u00a0musel\u00e9e\u00a0\u00bb<\/p>\n<p class=\"article-p mdl\">Bien que cette manifestation de samedi n&rsquo;ait pas de lien direct avec les h\u00f4tels, elle se nourrit de la m\u00eame inqui\u00e9tude grandissante. <strong>Baptis\u00e9 \u00ab\u00a0Festival de l&rsquo;unit\u00e9 pour le royaume de la libert\u00e9 d&rsquo;expression\u00a0\u00bb<\/strong>, l&rsquo;\u00e9v\u00e9nement est pr\u00e9sent\u00e9 par ses organisateurs comme un moyen de donner la parole \u00e0 une droite \u00ab\u00a0musel\u00e9e\u00a0\u00bb. Les partisans de ce rassemblement assurent qu&rsquo;ils ne font que relayer les pr\u00e9occupations des citoyens face \u00e0 l\u2019immigration. En r\u00e9alit\u00e9, derri\u00e8re ce discours se cache une forte mobilisation de l&rsquo;extr\u00eame droite. Parmi eux, le parti Reform UK, qui conna\u00eet une mont\u00e9e en puissance dans les sondages.<\/p>\n<p class=\"article-p mdl\">Le rassemblement est ainsi marqu\u00e9 par une forte pr\u00e9sence de figures controvers\u00e9es, comme Tommy Robinson, un ancien leader du mouvement anti-islam English Defence League (EDL).\u00a0<a class=\"link\" href=\"https:\/\/www.rtl.fr\/actu\/international\/royaume-uni-qui-est-tommy-robinson-l-influenceur-identitaire-accuse-d-alimenter-les-manifestations-anti-immigration-7900407010\" target=\"_blank\" rel=\"noopener\">L&rsquo;influenceur identitaire<\/a>, qui incarne la radicalisation d\u2019une frange de la droite populiste britannique, doit \u00eatre au c\u0153ur de cette manifestation, entour\u00e9 de sympathisants qui d\u00e9noncent <strong>une pr\u00e9tendue \u00ab\u00a0invasion\u00a0\u00bb migratoire.<br \/>\n<\/strong><\/p>\n<p class=\"article-p mdl\">Lors des rassemblements organis\u00e9s autour des h\u00f4tels ces derniers mois,<strong> des sc\u00e8nes de violence ont \u00e9clat\u00e9<\/strong>. Des arrestations ont eu lieu, et plusieurs appels \u00e0 la violence contre les migrants ont circul\u00e9 sur les r\u00e9seaux sociaux, poussant les autorit\u00e9s britanniques \u00e0 surveiller de pr\u00e8s ces manifestations. Les autorit\u00e9s ont \u00e9galement \u00e9mis des condamnations fermes \u00e0 l\u2019\u00e9gard de ces appels \u00e0 l\u2019agression, soulignant la dangerosit\u00e9 d&rsquo;une telle rh\u00e9torique pour la coh\u00e9sion sociale du pays.\n<\/p>\n<p>            Qui sont les organisateurs derri\u00e8re ce mouvement ?<\/p>\n<p class=\"article-p mdl\">Si l&rsquo;on en croit les discours des organisateurs, ces rassemblements seraient spontan\u00e9s, anim\u00e9s par des citoyens inquiets de la situation dans leurs villes. Pourtant, l&rsquo;enqu\u00eate montre que ces \u00e9v\u00e9nements sont en r\u00e9alit\u00e9 <strong>orchestr\u00e9s par des groupes obscurs<\/strong>, souvent difficiles \u00e0 identifier, qui utilisent les r\u00e9seaux sociaux pour inciter \u00e0 la mobilisation. Ces derniers mois, les \u00e9v\u00e9nements se sont multipli\u00e9s, avec un sentiment de plus en plus marqu\u00e9 de \u00ab\u00a0guerre culturelle\u00a0\u00bb au sein de la population, exacerb\u00e9e par les tensions autour de la\u00a0<a class=\"link\" href=\"https:\/\/www.rtl.fr\/actu\/international\/migrants-pourquoi-le-royaume-uni-veut-il-les-envoyer-au-rwanda-7900377268\" target=\"_blank\" rel=\"noopener\">gestion des flux migratoires<\/a>.<\/p>\n<p class=\"article-p mdl\">Pourtant, m\u00eame certains partis d\u2019extr\u00eame droite, comme Reform UK, <strong>se dissocient de la personnalit\u00e9 de Robinson<\/strong>, trop radicale pour certains de leurs \u00e9lecteurs. Mais cette distance n\u2019emp\u00eache pas l&rsquo;activiste et ses partisans de continuer \u00e0 jouer un r\u00f4le cl\u00e9. Ce samedi, ils seront aux c\u00f4t\u00e9s d\u2019\u00c9ric Zemmour, en t\u00eate de cort\u00e8ge, pour porter un message commun contre ce qu\u2019ils consid\u00e8rent comme un afflux de migrants mena\u00e7ant les valeurs et la s\u00e9curit\u00e9 des soci\u00e9t\u00e9s europ\u00e9ennes.\n<\/p>\n<p>    L&rsquo;\u00e9quipe de l&rsquo;\u00e9mission vous recommande<\/p>\n<p class=\"s-newsletter__title\">\n                L\u2019actualit\u00e9 par la r\u00e9daction de RTL dans votre bo\u00eete mail.\n            <\/p>\n<p class=\"s-newsletter__subtitle\">\n                Gr\u00e2ce \u00e0 votre compte RTL abonnez-vous \u00e0 la newsletter RTL info pour suivre toute l&rsquo;actualit\u00e9 au quotidien\n            <\/p>\n<p>\n                                    Lire la suite\n                                <\/p>\n","protected":false},"excerpt":{"rendered":"Environ 110.000 personnes ont particip\u00e9 ce samedi 13 septembre \u00e0 Londres \u00e0 un rassemblement anti-migrants, relay\u00e9 par le&hellip;\n","protected":false},"author":2,"featured_media":388587,"comment_status":"","ping_status":"","sticky":false,"template":"","format":"standard","meta":{"footnotes":""},"categories":[1588],"tags":[11,3220,1777,674,107,1061,1272,12,362,361,360,473,1853,1851,1850,1852],"class_list":{"0":"post-388586","1":"post","2":"type-post","3":"status-publish","4":"format-standard","5":"has-post-thumbnail","7":"category-royaume-uni","8":"tag-actualites","9":"tag-eric-zemmour","10":"tag-eu","11":"tag-europe","12":"tag-fil-info","13":"tag-immigration","14":"tag-manifestations","15":"tag-news","16":"tag-replay","17":"tag-replay-a-la-une","18":"tag-replay-integral","19":"tag-royaume-uni","20":"tag-royaume-uni-de-grande-bretagne-et-dirlande-du-nord","21":"tag-uk","22":"tag-united-kingdom","23":"tag-united-kingdom-of-great-britain-and-northern-ireland"},"share_on_mastodon":{"url":"https:\/\/pubeurope.com\/@fr\/115198702703505969","error":""},"_links":{"self":[{"href":"https:\/\/www.europesays.com\/fr\/wp-json\/wp\/v2\/posts\/388586","targetHints":{"allow":["GET"]}}],"collection":[{"href":"https:\/\/www.europesays.com\/fr\/wp-json\/wp\/v2\/posts"}],"about":[{"href":"https:\/\/www.europesays.com\/fr\/wp-json\/wp\/v2\/types\/post"}],"author":[{"embeddable":true,"href":"https:\/\/www.europesays.com\/fr\/wp-json\/wp\/v2\/users\/2"}],"replies":[{"embeddable":true,"href":"https:\/\/www.europesays.com\/fr\/wp-json\/wp\/v2\/comments?post=388586"}],"version-history":[{"count":0,"href":"https:\/\/www.europesays.com\/fr\/wp-json\/wp\/v2\/posts\/388586\/revisions"}],"wp:featuredmedia":[{"embeddable":true,"href":"https:\/\/www.europesays.com\/fr\/wp-json\/wp\/v2\/media\/388587"}],"wp:attachment":[{"href":"https:\/\/www.europesays.com\/fr\/wp-json\/wp\/v2\/media?parent=388586"}],"wp:term":[{"taxonomy":"category","embeddable":true,"href":"https:\/\/www.europesays.com\/fr\/wp-json\/wp\/v2\/categories?post=388586"},{"taxonomy":"post_tag","embeddable":true,"href":"https:\/\/www.europesays.com\/fr\/wp-json\/wp\/v2\/tags?post=388586"}],"curies":[{"name":"wp","href":"https:\/\/api.w.org\/{rel}","templated":true}]}}