{"id":388588,"date":"2025-09-13T19:44:14","date_gmt":"2025-09-13T19:44:14","guid":{"rendered":"https:\/\/www.europesays.com\/fr\/388588\/"},"modified":"2025-09-13T19:44:14","modified_gmt":"2025-09-13T19:44:14","slug":"la-turquie-en-quete-de-son-premier-titre-europeen-en-finale-contre-lallemagne","status":"publish","type":"post","link":"https:\/\/www.europesays.com\/fr\/388588\/","title":{"rendered":"la Turquie en qu\u00eate de son premier titre europ\u00e9en en finale contre l\u2019Allemagne"},"content":{"rendered":"<p><strong>Turquie\u00a0&#8211; Allemagne<\/strong><\/p>\n<p>Impressionnante de ma\u00eetrise face la Gr\u00e8ce en demi-finales, la Turquie vise\u00a0son premier titre \u00e0 l\u2019Euro, dimanche 13\u00a0septembre \u00e0 Riga (Lettonie), confront\u00e9e \u00e0 un obstacle de taille que repr\u00e9sente l\u2019Allemagne championne du monde en titre. Un sacre turc serait d\u2019autant plus retentissant qu\u2019il serait le premier pour l\u2019\u00e9quipe emmen\u00e9e par l\u2019entra\u00eeneur Ergin Ataman lors d\u2019un Euro, Coupe du monde et Jeux Olympiques confondus.<\/p>\n<p>Finalistes en 2001 \u00e0 domicile, tomb\u00e9s sur la derni\u00e8re marche devant la Yougoslavie, les Turcs sont de retour au plus haut niveau 24\u00a0ans apr\u00e8s et cela ne doit rien au hasard\u00a0: invaincus depuis le d\u00e9but de la comp\u00e9tition (comme l\u2019Allemagne), ils ont r\u00e9pondu pr\u00e9sent \u00e0 chaque grande affiche.<\/p>\n<p>D\u00e9j\u00e0 tombeurs lors de la phase de groupes de la Serbie, \u00e9limin\u00e9e pr\u00e9matur\u00e9ment en huiti\u00e8mes de finale d\u2019un Euro dont elle partait grande favorite, les co\u00e9quipiers de Shane Larkin ont surtout marqu\u00e9 les esprits en dominant dans les grandes largeurs la Gr\u00e8ce de Giannis Antetoko\u00fanmpo vendredi <a target=\"_self\" href=\"https:\/\/www.lanouvellerepublique.fr\/sports\/un-vent-de-fraicheur-souffle-sur-les-demi-finales-de-l-eurobasket-1757603222\" rel=\"nofollow noopener\">en demi-finale<\/a> (94-68).<\/p>\n<p>\u00ab\u00a0Pr\u00eats \u00e0 nous battre pour le titre\u00a0\u00bb<\/p>\n<p>\u00ab\u00a0C\u2019est l\u2019une des meilleures d\u00e9fenses que j\u2019ai vu dans cette comp\u00e9tition, nous n\u2019avons pas laiss\u00e9 jouer la Gr\u00e8ce\u00a0\u00bb, a salu\u00e9 lui-m\u00eame le s\u00e9lectionneur turc, dont le groupe a laiss\u00e9 la star NBA \u00e0 seulement 12 points inscrits. \u00ab\u00a0C\u2019\u00e9tait une superbe victoire, mais cela ne nous suffit pas, nous sommes pr\u00eats \u00e0 nous battre pour le titre\u00a0\u00bb, a-t-il ajout\u00e9.<\/p>\n<p>L\u2019Allemagne, meilleure attaque de l\u2019Euro<\/p>\n<p>Pour ce faire, il pourra compter comme d\u2019habitude sur son joueur phare et l\u2019un des meilleurs passeurs (7 passes en moyenne) de l\u2019Euro, Alperen Sengun, auteur d\u2019un grand tournoi et encore au rendez-vous vendredi avec un double-double (15 points, 12 rebonds, 6 passes, deux interceptions).<\/p>\n<p>Mais face \u00e0 la Turquie se dressera dimanche le champion du monde allemand, qui a assum\u00e9 son statut de pr\u00e9tendant au titre en r\u00e9alisant lui aussi l\u2019Euro parfait. Meilleure attaque de cette \u00e9dition (101,4 points) en ayant notamment inflig\u00e9 plus de 100 points lors de tous ses matchs de groupes, la bande \u00e0 Dennis Schr\u00f6der est elle aussi dans les meilleures dispositions pour aller glaner sa deuxi\u00e8me couronne europ\u00e9enne, apr\u00e8s 1993.<\/p>\n<p>Ce dimanche \u00e0 20\u00a0h sur beIN SPORTS 2.<\/p>\n","protected":false},"excerpt":{"rendered":"Turquie\u00a0&#8211; Allemagne Impressionnante de ma\u00eetrise face la Gr\u00e8ce en demi-finales, la Turquie vise\u00a0son premier titre \u00e0 l\u2019Euro, dimanche&hellip;\n","protected":false},"author":2,"featured_media":388589,"comment_status":"","ping_status":"","sticky":false,"template":"","format":"standard","meta":{"footnotes":""},"categories":[1587],"tags":[11,672,1465,1804,1805,1803,1777,674,1801,74,12,1802,60],"class_list":{"0":"post-388588","1":"post","2":"type-post","3":"status-publish","4":"format-standard","5":"has-post-thumbnail","7":"category-allemagne","8":"tag-actualites","9":"tag-allemagne","10":"tag-basket","11":"tag-bundesrepublik-deutschland","12":"tag-de","13":"tag-deutschland","14":"tag-eu","15":"tag-europe","16":"tag-germany","17":"tag-monde","18":"tag-news","19":"tag-republique-federale-dallemagne","20":"tag-sports"},"share_on_mastodon":{"url":"https:\/\/pubeurope.com\/@fr\/115198706593862554","error":""},"_links":{"self":[{"href":"https:\/\/www.europesays.com\/fr\/wp-json\/wp\/v2\/posts\/388588","targetHints":{"allow":["GET"]}}],"collection":[{"href":"https:\/\/www.europesays.com\/fr\/wp-json\/wp\/v2\/posts"}],"about":[{"href":"https:\/\/www.europesays.com\/fr\/wp-json\/wp\/v2\/types\/post"}],"author":[{"embeddable":true,"href":"https:\/\/www.europesays.com\/fr\/wp-json\/wp\/v2\/users\/2"}],"replies":[{"embeddable":true,"href":"https:\/\/www.europesays.com\/fr\/wp-json\/wp\/v2\/comments?post=388588"}],"version-history":[{"count":0,"href":"https:\/\/www.europesays.com\/fr\/wp-json\/wp\/v2\/posts\/388588\/revisions"}],"wp:featuredmedia":[{"embeddable":true,"href":"https:\/\/www.europesays.com\/fr\/wp-json\/wp\/v2\/media\/388589"}],"wp:attachment":[{"href":"https:\/\/www.europesays.com\/fr\/wp-json\/wp\/v2\/media?parent=388588"}],"wp:term":[{"taxonomy":"category","embeddable":true,"href":"https:\/\/www.europesays.com\/fr\/wp-json\/wp\/v2\/categories?post=388588"},{"taxonomy":"post_tag","embeddable":true,"href":"https:\/\/www.europesays.com\/fr\/wp-json\/wp\/v2\/tags?post=388588"}],"curies":[{"name":"wp","href":"https:\/\/api.w.org\/{rel}","templated":true}]}}