{"id":388601,"date":"2025-09-13T19:53:15","date_gmt":"2025-09-13T19:53:15","guid":{"rendered":"https:\/\/www.europesays.com\/fr\/388601\/"},"modified":"2025-09-13T19:53:15","modified_gmt":"2025-09-13T19:53:15","slug":"coupe-davis-david-goffin-sur-la-domination-belge-face-a-laustralie-le-troisieme-point-est-souvent-le-plus-dur-a-aller-chercher","status":"publish","type":"post","link":"https:\/\/www.europesays.com\/fr\/388601\/","title":{"rendered":"Coupe Davis \u2013 David Goffin sur la domination belge face \u00e0 l&rsquo;Australie : \u00ab\u00a0Le troisi\u00e8me point est souvent le plus dur \u00e0 aller chercher\u00a0\u00bb"},"content":{"rendered":"<p><a href=\"https:\/\/www.dhnet.be\/sports\/tennis\/2025\/09\/13\/raphael-collignon-euphorique-apres-son-exploit-jai-le-tennis-pour-embeter-les-meilleurs-FFVS7LTANVCLFFRECYRGMM663M\/\" target=\"_blank\" rel=\"noopener noreferrer nofollow\" class=\"ap-StoryInterstitialLink ap-StoryElement ap-StoryElement--mb\">Rapha\u00ebl Collignon euphorique apr\u00e8s son exploit : \u00ab\u00a0J&rsquo;ai le tennis pour emb\u00eater les meilleurs\u00a0\u00bb<\/a><\/p>\n<p class=\"text-left ap-StoryElement ap-StoryElement--mb ap-StoryText\">\u00ab\u00a0C&rsquo;est une tr\u00e8s grosse surprise, comme seule la Coupe Davis en offre, a salu\u00e9 le n\u00b02 belge. Raph&rsquo; et Zizou sont revenus de New York avec de la confiance et ils ont livr\u00e9 de solides prestations. J&rsquo;esp\u00e8re qu&rsquo;ils vont r\u00e9ussir \u00e0 accrocher ce troisi\u00e8me point, qui est souvent le plus dur \u00e0 aller chercher.\u00a0\u00bb<\/p>\n<p class=\"text-left ap-StoryElement ap-StoryElement--mb ap-StoryText\">Ce dimanche, la paire Sander Gill\u00e9 \u2013 Joran Vliegen aura la premi\u00e8re occasion de conclure. \u00ab\u00a0Les Australiens sont des sp\u00e9cialistes du double, mais on a aussi une bonne \u00e9quipe, poursuit le Li\u00e9geois. <a href=\"https:\/\/www.dhnet.be\/sports\/tennis\/2024\/11\/04\/apres-10-de-carriere-sander-gille-et-joran-vliegen-annoncent-mettre-fin-a-leur-collaboration-7DBVI2LUO5FOBBGGDR3AIWT6YA\/\" target=\"_self\" rel=\"nofollow noopener\">Comme ils se sont s\u00e9par\u00e9s il y a quelques mois<\/a>, il faudra voir si les automatismes reviennent. Ensuite, de Minaur voudra certainement se racheter en simple\u2026 et si \u00e7a ne passe pas, il restera toujours un cinqui\u00e8me match. Une chose est s\u00fbre : \u00e7a va \u00eatre chaud. Mais mener 2-0, c&rsquo;est d\u00e9j\u00e0 une superbe op\u00e9ration.\u00a0\u00bb<\/p>\n","protected":false},"excerpt":{"rendered":"Rapha\u00ebl Collignon euphorique apr\u00e8s son exploit : \u00ab\u00a0J&rsquo;ai le tennis pour emb\u00eater les meilleurs\u00a0\u00bb \u00ab\u00a0C&rsquo;est une tr\u00e8s grosse&hellip;\n","protected":false},"author":2,"featured_media":388602,"comment_status":"","ping_status":"","sticky":false,"template":"","format":"standard","meta":{"footnotes":""},"categories":[1415],"tags":[1011,27,52084,60,1467],"class_list":{"0":"post-388601","1":"post","2":"type-post","3":"status-publish","4":"format-standard","5":"has-post-thumbnail","7":"category-tennis","8":"tag-fr","9":"tag-france","10":"tag-huy","11":"tag-sports","12":"tag-tennis"},"share_on_mastodon":{"url":"https:\/\/pubeurope.com\/@fr\/115198741868677161","error":""},"_links":{"self":[{"href":"https:\/\/www.europesays.com\/fr\/wp-json\/wp\/v2\/posts\/388601","targetHints":{"allow":["GET"]}}],"collection":[{"href":"https:\/\/www.europesays.com\/fr\/wp-json\/wp\/v2\/posts"}],"about":[{"href":"https:\/\/www.europesays.com\/fr\/wp-json\/wp\/v2\/types\/post"}],"author":[{"embeddable":true,"href":"https:\/\/www.europesays.com\/fr\/wp-json\/wp\/v2\/users\/2"}],"replies":[{"embeddable":true,"href":"https:\/\/www.europesays.com\/fr\/wp-json\/wp\/v2\/comments?post=388601"}],"version-history":[{"count":0,"href":"https:\/\/www.europesays.com\/fr\/wp-json\/wp\/v2\/posts\/388601\/revisions"}],"wp:featuredmedia":[{"embeddable":true,"href":"https:\/\/www.europesays.com\/fr\/wp-json\/wp\/v2\/media\/388602"}],"wp:attachment":[{"href":"https:\/\/www.europesays.com\/fr\/wp-json\/wp\/v2\/media?parent=388601"}],"wp:term":[{"taxonomy":"category","embeddable":true,"href":"https:\/\/www.europesays.com\/fr\/wp-json\/wp\/v2\/categories?post=388601"},{"taxonomy":"post_tag","embeddable":true,"href":"https:\/\/www.europesays.com\/fr\/wp-json\/wp\/v2\/tags?post=388601"}],"curies":[{"name":"wp","href":"https:\/\/api.w.org\/{rel}","templated":true}]}}