{"id":388603,"date":"2025-09-13T19:55:13","date_gmt":"2025-09-13T19:55:13","guid":{"rendered":"https:\/\/www.europesays.com\/fr\/388603\/"},"modified":"2025-09-13T19:55:13","modified_gmt":"2025-09-13T19:55:13","slug":"motogp-misano-j2-luca-marini-honda-q6-s7-en-veut-plus-il-y-a-7-ou-8-gp-ca-aurait-ete-difficile-a-obtenir-mais-la-cest-un-peu-juste","status":"publish","type":"post","link":"https:\/\/www.europesays.com\/fr\/388603\/","title":{"rendered":"MotoGP, Misano J2, Luca Marini (Honda Q6-S7) en veut plus : \u00ab\u00a0Il y a 7 ou 8 GP \u00e7a aurait \u00e9t\u00e9 difficile \u00e0 obtenir mais l\u00e0 c&rsquo;est un peu juste\u00a0\u00bb"},"content":{"rendered":"<p><strong>Luca Marini a du mal \u00e0 se satisfaire de sa 7e place et<br \/>\nreconna\u00eet qu\u2019il s\u2019attendait \u00ab\u00a0\u00e0 un peu mieux\u00a0\u00bb au vu de<br \/>\nsa r\u00e9cente bonne dynamique.<\/strong><\/p>\n<p>Depuis l\u2019arriv\u00e9e d\u2019\u00e9volutions chez Honda, <strong>Luca<br \/>\nMarini<\/strong> s\u2019est clairement impos\u00e9 comme l\u2019homme fort de la<br \/>\nmarque, rel\u00e9guant Johann Zarco dans le milieu, voire le fond du<br \/>\nclassement. Le Fran\u00e7ais, qui roule dans l\u2019\u00e9quipe satellite LCR,<br \/>\n<a href=\"https:\/\/www.paddock-gp.com\/motogp-misano-j2-johann-zarco-honda-q19-s11-lucide-peut-etre-quon-ne-rattrapera-pas-le-retard-avec-honda\/\" target=\"_blank\" rel=\"noopener\">ne b\u00e9n\u00e9ficie en effet pas pour<br \/>\nl\u2019instant du m\u00eame mat\u00e9riel et les r\u00e9sultats s\u2019en ressentent<\/a>.<br \/>\n<strong>Marini<\/strong>, lui, est sur une pente ascendante et a<br \/>\nd\u00e9croch\u00e9 sa troisi\u00e8me Q2 cons\u00e9cutive.<\/p>\n<p>Qualifi\u00e9 au sixi\u00e8me rang, il esp\u00e9rait briller \u00e0 domicile devant<br \/>\nses fans au vu des excellentes sensations qu\u2019il a eu ce matin.<br \/>\nToutefois, celles-ci ont chang\u00e9 lors de la course sprint, et il n\u2019a<br \/>\npas \u00e9t\u00e9 en mesure de progresser au classement. Il a ainsi perdu une<br \/>\nplace au d\u00e9part, puis une seconde dans les premiers tours avant de<br \/>\nla r\u00e9cup\u00e9rer avec la chute de Fabio Quartararo. De nouveau<br \/>\nsepti\u00e8me, il est remont\u00e9 au sixi\u00e8me rang lorsque Marc M\u00e1rquez a<br \/>\nchut\u00e9 en t\u00eate, mais s\u2019est finalement fait doubler par Ferm\u00edn<br \/>\nAldeguer \u00e0 cinq tours de l\u2019arriv\u00e9e.<\/p>\n<p>Si cette septi\u00e8me place reste l\u2019un de ses meilleurs r\u00e9sultats de<br \/>\nla saison et avec Honda de fa\u00e7on g\u00e9n\u00e9rale, <strong>Marini<\/strong><br \/>\na reconnu ne pas \u00eatre pleinement satisfait et esp\u00e8re parvenir \u00e0<br \/>\npasser un cap demain. \u00ab\u00a0Apr\u00e8s ce matin, je m\u2019attendais \u00e0<br \/>\nun peu mieux\u00a0\u00bb, a-t-il confi\u00e9 lors de son debriefing.<br \/>\n\u00ab\u00a0La moto m\u2019avait beaucoup plu en FP2, elle avait<br \/>\nprogress\u00e9 compar\u00e9 \u00e0 hier. J\u2019ai fait plusieurs tours en 1\u201931 bas, et<br \/>\nfacilement, et en qualifications j\u2019ai r\u00e9ussi \u00e0 faire un excellent<br \/>\ntour, en y mettant ce petit extra propre au Grand Prix de la<br \/>\nmaison.<\/p>\n<p><img loading=\"lazy\" decoding=\"async\" class=\"aligncenter size-full wp-image-1329538\" src=\"https:\/\/www.europesays.com\/fr\/wp-content\/uploads\/2025\/09\/68c5802004fe20.15622619.jpg\" alt=\"Luca Marini Misano\" width=\"800\" height=\"533\"  \/><\/p>\n<p>\u00ab\u00a0Et \u00e0 l\u2019inverse, cet apr\u00e8s-midi, je n\u2019ai pas retrouv\u00e9<br \/>\nle m\u00eame feeling optimal. D\u00e8s le d\u00e9but de la course sprint, \u00e7a<br \/>\nn\u2019allait pas, je n\u2019avais pas les m\u00eames sensations, je n\u2019arrivais<br \/>\npas \u00e0 bien freiner et \u00e0 faire tourner la moto en milieu de courbe.<br \/>\nJ\u2019\u00e9tais tout le temps en retard, \u00e0 chaque phase du<br \/>\nfreinage.\u00a0\u00bb<\/p>\n<p>\u00ab\u00a0Il faut prendre cette septi\u00e8me place comme un<br \/>\nexcellent r\u00e9sultat. Il y a seulement sept ou huit Grands Prix, \u00e7a<br \/>\naurait \u00e9t\u00e9 tr\u00e8s compliqu\u00e9 \u00e0 obtenir, mais aujourd\u2019hui c\u2019est un peu<br \/>\njuste. C\u2019est normal que ce soit comme \u00e7a, on en veut toujours plus.<br \/>\nMais c\u2019est super d\u2019avoir ces sensations parce que \u00e7a veut dire<br \/>\nqu\u2019on est conscients d\u2019avoir progress\u00e9, on l\u2019a confirm\u00e9 aussi avec<br \/>\nla qualification. Il reste bien s\u00fbr du chemin \u00e0<br \/>\nfaire.\u00a0\u00bb<\/p>\n<p><strong>R\u00e9sultats de la course sprint du Grand Prix de<br \/>\nSaint-Marin MotoGP 2025 :<\/strong><\/p>\n<p><img loading=\"lazy\" decoding=\"async\" class=\"aligncenter size-full wp-image-1329415\" src=\"https:\/\/www.europesays.com\/fr\/wp-content\/uploads\/2025\/09\/Capture-decran-2025-09-13-154253.png\" alt=\"MotoGP Sprint\" width=\"797\" height=\"529\"  \/><\/p>\n<p>Cr\u00e9dit classement :\u00a0<a href=\"https:\/\/www.motogp.com\/fr\/live+timing\/data-timing\/standing\" target=\"_blank\" rel=\"noopener\">MotoGP.com<\/a><\/p>\n","protected":false},"excerpt":{"rendered":"Luca Marini a du mal \u00e0 se satisfaire de sa 7e place et reconna\u00eet qu\u2019il s\u2019attendait \u00ab\u00a0\u00e0 un&hellip;\n","protected":false},"author":2,"featured_media":388604,"comment_status":"","ping_status":"","sticky":false,"template":"","format":"standard","meta":{"footnotes":""},"categories":[1413],"tags":[1011,27,1457,1456,60],"class_list":{"0":"post-388603","1":"post","2":"type-post","3":"status-publish","4":"format-standard","5":"has-post-thumbnail","7":"category-moto","8":"tag-fr","9":"tag-france","10":"tag-moto","11":"tag-motocycle","12":"tag-sports"},"share_on_mastodon":{"url":"https:\/\/pubeurope.com\/@fr\/115198750232350550","error":""},"_links":{"self":[{"href":"https:\/\/www.europesays.com\/fr\/wp-json\/wp\/v2\/posts\/388603","targetHints":{"allow":["GET"]}}],"collection":[{"href":"https:\/\/www.europesays.com\/fr\/wp-json\/wp\/v2\/posts"}],"about":[{"href":"https:\/\/www.europesays.com\/fr\/wp-json\/wp\/v2\/types\/post"}],"author":[{"embeddable":true,"href":"https:\/\/www.europesays.com\/fr\/wp-json\/wp\/v2\/users\/2"}],"replies":[{"embeddable":true,"href":"https:\/\/www.europesays.com\/fr\/wp-json\/wp\/v2\/comments?post=388603"}],"version-history":[{"count":0,"href":"https:\/\/www.europesays.com\/fr\/wp-json\/wp\/v2\/posts\/388603\/revisions"}],"wp:featuredmedia":[{"embeddable":true,"href":"https:\/\/www.europesays.com\/fr\/wp-json\/wp\/v2\/media\/388604"}],"wp:attachment":[{"href":"https:\/\/www.europesays.com\/fr\/wp-json\/wp\/v2\/media?parent=388603"}],"wp:term":[{"taxonomy":"category","embeddable":true,"href":"https:\/\/www.europesays.com\/fr\/wp-json\/wp\/v2\/categories?post=388603"},{"taxonomy":"post_tag","embeddable":true,"href":"https:\/\/www.europesays.com\/fr\/wp-json\/wp\/v2\/tags?post=388603"}],"curies":[{"name":"wp","href":"https:\/\/api.w.org\/{rel}","templated":true}]}}