{"id":38861,"date":"2025-04-20T12:23:23","date_gmt":"2025-04-20T12:23:23","guid":{"rendered":"https:\/\/www.europesays.com\/fr\/38861\/"},"modified":"2025-04-20T12:23:23","modified_gmt":"2025-04-20T12:23:23","slug":"hisashi-tohara-benoit-dhalluin-nadege-erika-notre-selection-livres-de-la-semaine","status":"publish","type":"post","link":"https:\/\/www.europesays.com\/fr\/38861\/","title":{"rendered":"Hisashi T\u00f4hara, Beno\u00eet d\u2019Halluin, Nad\u00e8ge Erika\u2026 Notre s\u00e9lection livres de la semaine"},"content":{"rendered":"<p class=\"col subheadline margin_bottom_subheadline widescreen-12 desktop-10\">\u00ab\u00a0J\u2019avais 18 ans, Hiroshima\u00a0\u00bb, r\u00e9\u00e9dition de l\u2019\u00e9mouvant t\u00e9moignage d\u2019Hisashi T\u00f4hara sur la trag\u00e9die du 6\u00a0ao\u00fbt 1945, \u00ab\u00a0Un cri dans l\u2019oc\u00e9an\u00a0\u00bb, une chasse de trafiquants d\u2019\u00eatres humains sign\u00e9e Beno\u00eet d\u2019Halluin, \u00ab\u00a0Mon petit\u00a0\u00bb, premier roman de Nad\u00e8ge Erika\u2026 Nos\u00a014 livres coups de c\u0153ur de la semaine.<\/p>\n<p>Par <a href=\"https:\/\/www.leparisien.fr\/auteur\/pierre-vavasseur\/\" class=\"author_link\" target=\"_blank\" rel=\"noopener\">Pierre Vavasseur<\/a>, \u00a0<a href=\"https:\/\/www.leparisien.fr\/auteur\/yolaine-de-chanaud\/\" class=\"author_link\" target=\"_blank\" rel=\"noopener\">Yolaine de Chanaud<\/a>, \u00a0<a href=\"https:\/\/www.leparisien.fr\/auteur\/gaetane-morin\/\" class=\"author_link\" target=\"_blank\" rel=\"noopener\">Ga\u00ebtane Morin<\/a>, \u00a0L\u00e9onard Desbri\u00e8res, \u00a0Hubert Artus et\u00a0<a href=\"https:\/\/www.leparisien.fr\/auteur\/gael-lombart\/\" class=\"author_link\" target=\"_blank\" rel=\"noopener\">Ga\u00ebl Lombart<\/a>\u00a0<\/p>\n<p>Le 19 avril 2025 \u00e0 11h15<\/p>\n","protected":false},"excerpt":{"rendered":"\u00ab\u00a0J\u2019avais 18 ans, Hiroshima\u00a0\u00bb, r\u00e9\u00e9dition de l\u2019\u00e9mouvant t\u00e9moignage d\u2019Hisashi T\u00f4hara sur la trag\u00e9die du 6\u00a0ao\u00fbt 1945, \u00ab\u00a0Un cri&hellip;\n","protected":false},"author":2,"featured_media":38862,"comment_status":"","ping_status":"","sticky":false,"template":"","format":"standard","meta":{"footnotes":""},"categories":[1357],"tags":[1379,872,58,59,1011,27,12156,1380],"class_list":{"0":"post-38861","1":"post","2":"type-post","3":"status-publish","4":"format-standard","5":"has-post-thumbnail","7":"category-livres","8":"tag-books","9":"tag-culture-et-loisirs","10":"tag-divertissement","11":"tag-entertainment","12":"tag-fr","13":"tag-france","14":"tag-le-parisien-week-end","15":"tag-livres"},"share_on_mastodon":{"url":"https:\/\/pubeurope.com\/@fr\/114370275213163622","error":""},"_links":{"self":[{"href":"https:\/\/www.europesays.com\/fr\/wp-json\/wp\/v2\/posts\/38861","targetHints":{"allow":["GET"]}}],"collection":[{"href":"https:\/\/www.europesays.com\/fr\/wp-json\/wp\/v2\/posts"}],"about":[{"href":"https:\/\/www.europesays.com\/fr\/wp-json\/wp\/v2\/types\/post"}],"author":[{"embeddable":true,"href":"https:\/\/www.europesays.com\/fr\/wp-json\/wp\/v2\/users\/2"}],"replies":[{"embeddable":true,"href":"https:\/\/www.europesays.com\/fr\/wp-json\/wp\/v2\/comments?post=38861"}],"version-history":[{"count":0,"href":"https:\/\/www.europesays.com\/fr\/wp-json\/wp\/v2\/posts\/38861\/revisions"}],"wp:featuredmedia":[{"embeddable":true,"href":"https:\/\/www.europesays.com\/fr\/wp-json\/wp\/v2\/media\/38862"}],"wp:attachment":[{"href":"https:\/\/www.europesays.com\/fr\/wp-json\/wp\/v2\/media?parent=38861"}],"wp:term":[{"taxonomy":"category","embeddable":true,"href":"https:\/\/www.europesays.com\/fr\/wp-json\/wp\/v2\/categories?post=38861"},{"taxonomy":"post_tag","embeddable":true,"href":"https:\/\/www.europesays.com\/fr\/wp-json\/wp\/v2\/tags?post=38861"}],"curies":[{"name":"wp","href":"https:\/\/api.w.org\/{rel}","templated":true}]}}