{"id":388610,"date":"2025-09-13T19:59:09","date_gmt":"2025-09-13T19:59:09","guid":{"rendered":"https:\/\/www.europesays.com\/fr\/388610\/"},"modified":"2025-09-13T19:59:09","modified_gmt":"2025-09-13T19:59:09","slug":"audrey-fleurot-se-confie-sur-le-rapport-difficile-a-son-physique-enfant","status":"publish","type":"post","link":"https:\/\/www.europesays.com\/fr\/388610\/","title":{"rendered":"Audrey Fleurot se confie sur le rapport difficile \u00e0 son physique enfant"},"content":{"rendered":"<p>    Audrey Fleurot<br \/>\n                Capture d&rsquo;\u00e9cran TF1<\/p>\n<p>L\u2019actrice, devenue r\u00e9currente dans le paysage audiovisuel fran\u00e7ais avec la s\u00e9rie HPI, n\u2019avait pas un avenir tout trac\u00e9. Pour r\u00e9aliser son r\u00eave, elle a d\u00fb s\u2019armer de d\u00e9termination comme elle le confie \u00e0 Isabelle Ithurburu dans le portrait de la semaine de \u00ab50\u2019Inside\u00bb.<\/p>\n<p class=\"fig-paragraph\">Une libert\u00e9 retrouv\u00e9e. La cinqui\u00e8me et\u00a0<a href=\"http:\/\/tvmag.lefigaro.fr\/programme-tv\/audiences-tv\/audiences-quel-score-pour-le-retour-d-hpi-sur-tf1-20250905\" target=\"_blank\" data-fig-type=\"Article\" rel=\"noopener nofollow\" data-gtm-custom-categorie=\"navigation\" data-gtm-custom-action=\"crossclick\" data-gtm-custom-label=\"Contextuel\" data-gtm-event=\"customEventSPE\" data-fig-domain=\"TVMAG\">ultime saison de \u00abHPI\u00bb<\/a>\u00a0est sur le point de toucher \u00e0 sa fin. Morgane Alvarro, camp\u00e9e par\u00a0<a href=\"https:\/\/www.lefigaro.fr\/tag\/audrey-fleurot\" target=\"_blank\" rel=\"nofollow noopener\" data-gtm-custom-categorie=\"navigation\" data-gtm-custom-action=\"crossclick\" data-gtm-custom-label=\"Contextuel\" data-gtm-event=\"customEventSPE\"><strong>Audrey Fleurot<\/strong><\/a>, fera ainsi ses adieux aux t\u00e9l\u00e9spectateurs. Et si cette fin act\u00e9e peine l\u2019actrice principale &#8211; qui est \u00e9galement \u00e0 l\u2019affiche du film Regarde &#8211; elle reste lucide sur ce que ce personnage totalement d\u00e9cal\u00e9 et libre lui a apport\u00e9 durant ces cinq derni\u00e8res ann\u00e9es.<\/p>\n<p class=\"fig-paragraph\">\u00abElle s\u2019assume, elle a ce truc compl\u00e8tement fou de ne pas se poser la question de \u201cest-ce qu\u2019elle a l\u2019\u00e2ge de s\u2019habiller comme \u00e7a, est-ce que et le d\u00e9collet\u00e9 et la minijupe ce n\u2019est pas un peu beaucoup\u201d. Et je trouve \u00e7a super\u00bb, explique Audrey Fleurot dans le portrait de la semaine de \u00ab50\u2019Inside\u00bb r\u00e9alis\u00e9 par\u00a0<a href=\"http:\/\/tvmag.lefigaro.fr\/programme-tv\/actu-tele\/ah-vous-avez-voulu-parler-de-ma-vie-privee-isabelle-ithuburu-prise-au-piege-par-guillaume-canet-dans-une-interview-20250104\" data-fig-type=\"Article\" data-gtm-custom-categorie=\"navigation\" data-gtm-custom-action=\"crossclick\" data-gtm-custom-label=\"Contextuel\" data-gtm-event=\"customEventSPE\" data-fig-domain=\"TVMAG\" rel=\"nofollow noopener\" target=\"_blank\">Isabelle Ithuburu<\/a>. Comme la journaliste le souligne, cette personnalit\u00e9 semblait radicalement oppos\u00e9e \u00e0 la com\u00e9dienne. En cause, son rapport \u00e0 son physique et cela, d\u00e8s l\u2019enfance. \u00abJ\u2019\u00e9tais rousse, grosse, j\u2019avais des bagues. Je suis tr\u00e8s myope, j\u2019ai r\u00e9ussi \u00e0 me faire op\u00e9rer il y a deux ans mais j\u2019avais &#8211; 12. Je peux vous dire que vous avez des sacr\u00e9s verres\u00bb, liste l\u2019actrice avant d\u2019ajouter\u00a0: \u00abEt donc il n\u2019y avait rien qui facilitait les choses.\u00bb<\/p>\n<p class=\"fig-body-link\">\n            \u00c0 lire aussi<br \/>\n        <a class=\"fig-body-link__link\" href=\"http:\/\/tvmag.lefigaro.fr\/programme-tv\/series\/hpi-audrey-fleurot-vide-le-dressing-de-morgane-alvaro-a-la-braderie-de-lille-20250901\" target=\"_blank\" data-fig-type=\"Article\" rel=\"noopener nofollow\" data-gtm-custom-categorie=\"navigation\" data-gtm-custom-action=\"crossclick\" data-gtm-custom-label=\"Contextuel\" data-gtm-event=\"customEventSPE\" data-fig-domain=\"TVMAG\">HPI\u00a0: Audrey Fleurot vide le dressing de Morgane Alvaro \u00e0 la Braderie de Lille<br \/>\n    <\/a>\n<\/p>\n<p>                                    <a class=\"fig-a11y-skip a11y-hidden\" href=\"#fig-a11y-skip-main-inarticle\"><br \/>\n        Passer la publicit\u00e9<br \/>\n    <\/a><\/p>\n<p class=\"fig-paragraph\">Sa carri\u00e8re ne lui semblait pas toute trac\u00e9e \u00e0 l\u2019\u00e9poque. \u00abVous r\u00eavez de devenir actrice et vous n\u2019avez pas du tout le physique pour ni les connexions, c\u2019est mal barr\u00e9 quoi\u00bb, souligne-t-elle. Et pourtant, l\u2019\u00e9tudiante en arts plastique ne se d\u00e9courage pas et int\u00e8gre l\u2019ENSAT de Lyon o\u00f9 elle se forme entre 1997 et 2000. Ses performances dans Kamelott, Engrenages, Intouchables ou encore Le Bazar de la Charit\u00e9 la m\u00e8nent tout droit vers le succ\u00e8s, sans \u00e9gal, de la s\u00e9rie HPI.<\/p>\n<p class=\"fig-paragraph\">Mais ce chemin parcouru n\u2019a pas \u00e9t\u00e9 sans d\u00e9g\u00e2t pour son estime d\u2019elle-m\u00eame. \u00abAvec le recul, je me dis que j\u2019aurai d\u00fb \u00eatre plus gentille avec moi beaucoup plus t\u00f4t. Mais en m\u00eame temps, j\u2019ai toujours l\u2019impression que tout peut dispara\u00eetre. J\u2019ai vraiment l\u2019impression que je peux me r\u00e9veiller un matin et avoir de nouveaux mes lunettes\u00bb, admet-elle face \u00e0 Isabelle Ithurburu, \u00e9tonn\u00e9e par ces confidences. \u00ab\u00c7a reste \u00e7a\u00a0?\u00bb, lui demande-t-elle. \u00abVous vous \u00eates construite comme \u00e7a. Et je trouve que globalement les femmes mettent beaucoup plus de temps \u00e0 s\u2019autoriser, \u00e0 se faire confiance et c\u2019est un peu dommage\u00bb, d\u00e9plore la femme de 48 ans.<\/p>\n","protected":false},"excerpt":{"rendered":"Audrey Fleurot Capture d&rsquo;\u00e9cran TF1 L\u2019actrice, devenue r\u00e9currente dans le paysage audiovisuel fran\u00e7ais avec la s\u00e9rie HPI, n\u2019avait&hellip;\n","protected":false},"author":2,"featured_media":388611,"comment_status":"","ping_status":"","sticky":false,"template":"","format":"standard","meta":{"footnotes":""},"categories":[1359],"tags":[21259,58,59,1011,27,973],"class_list":{"0":"post-388610","1":"post","2":"type-post","3":"status-publish","4":"format-standard","5":"has-post-thumbnail","7":"category-people","8":"tag-audrey-fleurot","9":"tag-divertissement","10":"tag-entertainment","11":"tag-fr","12":"tag-france","13":"tag-people"},"share_on_mastodon":{"url":"https:\/\/pubeurope.com\/@fr\/115198765667593925","error":""},"_links":{"self":[{"href":"https:\/\/www.europesays.com\/fr\/wp-json\/wp\/v2\/posts\/388610","targetHints":{"allow":["GET"]}}],"collection":[{"href":"https:\/\/www.europesays.com\/fr\/wp-json\/wp\/v2\/posts"}],"about":[{"href":"https:\/\/www.europesays.com\/fr\/wp-json\/wp\/v2\/types\/post"}],"author":[{"embeddable":true,"href":"https:\/\/www.europesays.com\/fr\/wp-json\/wp\/v2\/users\/2"}],"replies":[{"embeddable":true,"href":"https:\/\/www.europesays.com\/fr\/wp-json\/wp\/v2\/comments?post=388610"}],"version-history":[{"count":0,"href":"https:\/\/www.europesays.com\/fr\/wp-json\/wp\/v2\/posts\/388610\/revisions"}],"wp:featuredmedia":[{"embeddable":true,"href":"https:\/\/www.europesays.com\/fr\/wp-json\/wp\/v2\/media\/388611"}],"wp:attachment":[{"href":"https:\/\/www.europesays.com\/fr\/wp-json\/wp\/v2\/media?parent=388610"}],"wp:term":[{"taxonomy":"category","embeddable":true,"href":"https:\/\/www.europesays.com\/fr\/wp-json\/wp\/v2\/categories?post=388610"},{"taxonomy":"post_tag","embeddable":true,"href":"https:\/\/www.europesays.com\/fr\/wp-json\/wp\/v2\/tags?post=388610"}],"curies":[{"name":"wp","href":"https:\/\/api.w.org\/{rel}","templated":true}]}}