{"id":388612,"date":"2025-09-13T20:00:39","date_gmt":"2025-09-13T20:00:39","guid":{"rendered":"https:\/\/www.europesays.com\/fr\/388612\/"},"modified":"2025-09-13T20:00:39","modified_gmt":"2025-09-13T20:00:39","slug":"trois-nouveaux-artistes-agrees-peintres-des-armees-specialite-peintre-de-la-gendarmerie","status":"publish","type":"post","link":"https:\/\/www.europesays.com\/fr\/388612\/","title":{"rendered":"Trois nouveaux artistes agr\u00e9\u00e9s peintres des Arm\u00e9es, sp\u00e9cialit\u00e9 peintre de la Gendarmerie"},"content":{"rendered":"<p>Trois artistes viennent de se voir nommer peintres agr\u00e9\u00e9s des Arm\u00e9es, avec la sp\u00e9cialit\u00e9 de peintre de la Gendarmerie.<\/p>\n<p>Un <a href=\"https:\/\/www.legifrance.gouv.fr\/jorf\/id\/JORFTEXT000052229558\" rel=\"nofollow noopener\" target=\"_blank\">arr\u00eat\u00e9 du ministre des Arm\u00e9es,<\/a> dat\u00e9 du 27 ao\u00fbt 2025 et publi\u00e9 ce jeudi au Journal officiel, cite trois artistes d\u00e9sormais autoris\u00e9s \u00e0 porter le titre de \u00ab\u00a0<strong>peintre agr\u00e9\u00e9 des Arm\u00e9es, sp\u00e9cialit\u00e9 peintre de la Gendarmerie<\/strong>\u00ab\u00a0. Il s\u2019agit de <strong>Pauline Becherand<\/strong>, dite <strong>Redpaln<\/strong>, illustratrice, de <strong>Chrystel Floriot<\/strong>, artiste plasticienne sculptrice, et de <strong>S\u00e9bastien Lefebvre<\/strong>, dit \u00ab\u00a0<strong>Slaad<\/strong>\u00ab\u00a0, graphiste. Un titre attribu\u00e9 pour une p\u00e9riode de <strong>trois ans. <\/strong>Par ailleurs, sept autres artistes d\u00e9j\u00e0 titulaires de ce titre, voient celui-ci renouvel\u00e9 pour une p\u00e9riode de trois ans.<\/p>\n<p>Titulaires au bout de neuf ans<\/p>\n<p>Agr\u00e9\u00e9s pour trois ans renouvelables, titulaires au bout de neuf ans, ces peintres des Arm\u00e9es, doivent exposer au moins une \u0153uvre \u00e0 chaque salon des peintres des Arm\u00e9es. Ils peuvent s\u00e9journer dans un r\u00e9giment, sur un bateau de la Marine, sur une base a\u00e9rienne ou \u00e0 la Garde r\u00e9publicaine, pour peindre, sculpter ou photographier des militaires. Ces artistes sont <a href=\"https:\/\/lessor.org\/vie-des-personnels\/prochain-recrutement-des-peintres-aux-armees-gendarmerie\/\" target=\"_blank\" rel=\"noopener nofollow\">recrut\u00e9s par concours<\/a>.<\/p>\n<p><strong>PMG\u00a0<\/strong><\/p>\n<p><strong>Lire aussi : <\/strong><a href=\"https:\/\/lessor.org\/magazines\/essor-588-avril-2024\/\" target=\"_blank\" rel=\"noopener nofollow\"><strong>D\u00e9couvrez le portrait de Jo\u00ebl Lemaine, peintre des arm\u00e9es \u2013 Gendarmerie, paru dans le num\u00e9ro 588 de L\u2019Essor de la Gendarmerie (avril 2024)<\/strong><\/a><\/p>\n<p>\t\t\t\tLa question du mois<\/p>\n<p>Bruno Retailleau, pour lutter contre la violence et les narcotrafics en Guadeloupe, a confirm\u00e9 l\u2019installation de \u00ab deux escadrons de gendarmerie mobile, sans enlever le peloton de la garde r\u00e9publicaine \u00bb, mais aussi de \u00ab deux brigades nautiques \u00bb, une de gendarmerie et une de police respectivement en Basse-Terre \u00e0 Gourbeyre et \u00e0 Pointe-\u00e0-Pitre. Pensez-vous que cela sera une r\u00e9ponse satisfaisante ?<\/p>\n","protected":false},"excerpt":{"rendered":"Trois artistes viennent de se voir nommer peintres agr\u00e9\u00e9s des Arm\u00e9es, avec la sp\u00e9cialit\u00e9 de peintre de la&hellip;\n","protected":false},"author":2,"featured_media":388613,"comment_status":"","ping_status":"","sticky":false,"template":"","format":"standard","meta":{"footnotes":""},"categories":[1358],"tags":[52085,3734,2593,1348,1384,1385,52086,1386,5804,58,59,1011,27,52087,46739,52088,52089,52090,52091,52092,52093,52094,52095],"class_list":{"0":"post-388612","1":"post","2":"type-post","3":"status-publish","4":"format-standard","5":"has-post-thumbnail","7":"category-arts-et-design","8":"tag-arrete-au-journal-officiel","9":"tag-art","10":"tag-artiste","11":"tag-arts","12":"tag-arts-and-design","13":"tag-arts-et-design","14":"tag-chrystel-floriot","15":"tag-design","16":"tag-dessin","17":"tag-divertissement","18":"tag-entertainment","19":"tag-fr","20":"tag-france","21":"tag-graphiste","22":"tag-illustratrice","23":"tag-peintre-de-la-gendarmerie","24":"tag-peintre-des-armees","25":"tag-periode-de-trois-ans","26":"tag-redpaln","27":"tag-sculptrice","28":"tag-sebastien-lefebvre","29":"tag-slaad","30":"tag-specialite-peintre-de-la-gendarmerie"},"share_on_mastodon":{"url":"https:\/\/pubeurope.com\/@fr\/115198769495474826","error":""},"_links":{"self":[{"href":"https:\/\/www.europesays.com\/fr\/wp-json\/wp\/v2\/posts\/388612","targetHints":{"allow":["GET"]}}],"collection":[{"href":"https:\/\/www.europesays.com\/fr\/wp-json\/wp\/v2\/posts"}],"about":[{"href":"https:\/\/www.europesays.com\/fr\/wp-json\/wp\/v2\/types\/post"}],"author":[{"embeddable":true,"href":"https:\/\/www.europesays.com\/fr\/wp-json\/wp\/v2\/users\/2"}],"replies":[{"embeddable":true,"href":"https:\/\/www.europesays.com\/fr\/wp-json\/wp\/v2\/comments?post=388612"}],"version-history":[{"count":0,"href":"https:\/\/www.europesays.com\/fr\/wp-json\/wp\/v2\/posts\/388612\/revisions"}],"wp:featuredmedia":[{"embeddable":true,"href":"https:\/\/www.europesays.com\/fr\/wp-json\/wp\/v2\/media\/388613"}],"wp:attachment":[{"href":"https:\/\/www.europesays.com\/fr\/wp-json\/wp\/v2\/media?parent=388612"}],"wp:term":[{"taxonomy":"category","embeddable":true,"href":"https:\/\/www.europesays.com\/fr\/wp-json\/wp\/v2\/categories?post=388612"},{"taxonomy":"post_tag","embeddable":true,"href":"https:\/\/www.europesays.com\/fr\/wp-json\/wp\/v2\/tags?post=388612"}],"curies":[{"name":"wp","href":"https:\/\/api.w.org\/{rel}","templated":true}]}}