{"id":388614,"date":"2025-09-13T20:01:15","date_gmt":"2025-09-13T20:01:15","guid":{"rendered":"https:\/\/www.europesays.com\/fr\/388614\/"},"modified":"2025-09-13T20:01:15","modified_gmt":"2025-09-13T20:01:15","slug":"melanie-minier-lance-trois-livres-aux-univers-completement-differents","status":"publish","type":"post","link":"https:\/\/www.europesays.com\/fr\/388614\/","title":{"rendered":"M\u00e9lanie Minier lance trois livres aux univers compl\u00e8tement diff\u00e9rents"},"content":{"rendered":"<p class=\"article-bodystyled__StyledText-sc-19uhgql-0 bGeyRM body-paragraph\" id=\"content-element-DWUHS76OH5C27KBMXGEWEDV6XI\">Lancer trois bouquins au m\u00eame moment, ce n\u2019est pas chose habituelle. La principale int\u00e9ress\u00e9e \u00e9tait tr\u00e8s excit\u00e9e samedi \u00e0 l\u2019id\u00e9e de pouvoir partager au public le fruit de son travail des derni\u00e8res ann\u00e9es. \u00abJ\u2019ai beaucoup \u00e9crit ces derni\u00e8res ann\u00e9es. Jamais, avant d\u2019avoir \u00e9crit Cascouia, j\u2019aurais pens\u00e9 \u00eatre sur une lanc\u00e9e comme \u00e7a\u00bb, a d\u2019entr\u00e9e de jeu avou\u00e9 celle qui demeure \u00e0 Arvida.<\/p>\n<p class=\"article-bodystyled__StyledText-sc-19uhgql-0 bGeyRM body-paragraph\" id=\"content-element-ROXPEZUSIVDOFENT3Q2F5DQ2BQ\">Dans son lot de nouveaut\u00e9s, M\u00e9lanie Minier \u00e9tait particuli\u00e8rement fi\u00e8re de mettre de l\u2019avant son nouveau r\u00e9cit intitul\u00e9 B\u00e2tard, une histoire bouleversante destin\u00e9 \u00e0 un public adulte.<\/p>\n<p class=\"article-bodystyled__StyledText-sc-19uhgql-0 bGeyRM body-paragraph\" id=\"content-element-73EL53WQS5EOTDOXV4K6LY4JLA\">\u00abC\u2019est un roman que j\u2019avais commenc\u00e9 \u00e0 \u00e9crire il y a quelques ann\u00e9es, apr\u00e8s Cascouia. Ne trouvant pas de maison d\u2019\u00e9dition pour le sortir, j\u2019avais pris la d\u00e9cision de bifurquer vers le roman jeunesse. \u00c7a faisait partie de mes envies. Entretemps, Alain Beaulieu des \u00c9ditions Druide a lu B\u00e2tard et a compris tout de suite qu\u2019il y avait quelque chose. Il a d\u00e9cid\u00e9 d\u2019en faire l\u2019\u00e9dition\u00bb, a expliqu\u00e9 l\u2019autrice.<\/p>\n<p class=\"article-bodystyled__StyledText-sc-19uhgql-0 bGeyRM body-paragraph\" id=\"content-element-QQTFLUTGBJD6FOQDA5BGJYIC2M\">Avec B\u00e2tard, M\u00e9lanie Minier explore un univers un peu plus sombre que ce \u00e0 quoi elle est habitu\u00e9e, a-t-elle r\u00e9v\u00e9l\u00e9.<\/p>\n<p class=\"article-bodystyled__StyledText-sc-19uhgql-0 bGeyRM body-paragraph\" id=\"content-element-OOQXAQVUJRBINPIRI4PH5FQZRY\">\u00abC\u2019est un livre tr\u00e8s tr\u00e8s dramatique. C\u2019est l\u2019histoire d\u2019un type dans la vingtaine qui a eu une enfance tr\u00e8s difficile, avec la DPJ entre autres. Je visite, dans l\u2019histoire, des th\u00e8mes comme le deuil et la r\u00e9demption, par exemple. \u00c7a s\u2019inscrit dans une certaine continuit\u00e9 avec ce que j\u2019ai pu faire par le pass\u00e9, tout en \u00e9tant compl\u00e8tement autre chose.\u00bb<\/p>\n<p><img decoding=\"async\" data-chromatic=\"ignore\" alt=\"M&#xE9;lanie Minier a lanc&#xE9; ses trois nouveaux livres &#xE0; l'aube du Salon du livre du Saguenay-Lac-Saint-Jean. Elle y sera d'ailleurs, du 25 au 28 septembre prochain, pour rencontrer les lecteurs. \" class=\"c-image\" loading=\"lazy\" src=\"https:\/\/www.europesays.com\/fr\/wp-content\/uploads\/2025\/09\/R5LRZIVYHNCZ5GXNUCOYCWQ66M.jpg\"  width=\"1200\" height=\"792\"\/><\/p>\n<p class=\"image-metadata__MetadataParagraph-sc-1gfk7p2-0 cAaLKg image-metadata\">M\u00e9lanie Minier a lanc\u00e9 ses trois nouveaux livres \u00e0 l&rsquo;aube du Salon du livre du Saguenay-Lac-Saint-Jean. Elle y sera d&rsquo;ailleurs, du 25 au 28 septembre prochain, pour rencontrer les lecteurs.  (Tom Core\/Le Quotidien)<\/p>\n<p class=\"article-bodystyled__StyledText-sc-19uhgql-0 bGeyRM body-paragraph\" id=\"content-element-GF2I57JI5NBKVLIPWSWPVQJO3E\">En parall\u00e8le, l\u2019Arvidienne d\u2019adoption a pu \u00abse reposer un peu\u00bb des histoires plus lourdes en sortant le deuxi\u00e8me tome de Sofia, une s\u00e9rie jeunesse qui s\u2019adresse aux jeunes d\u2019environ 10 ans. Puis, celle qui est originaire de Jonqui\u00e8re a \u00e9galement livr\u00e9 un premier roman consacr\u00e9 aux premiers lecteurs, soit F\u00e9lixine, Dao et Paoli. <\/p>\n<p class=\"article-bodystyled__StyledText-sc-19uhgql-0 bGeyRM body-paragraph\" id=\"content-element-YZIKUIZQZJDIBMKVRDDD7RLO7Y\">\u00abJ\u2019avais d\u00e9j\u00e0 signifi\u00e9, lors d\u2019une pr\u00e9c\u00e9dente entrevue, que je souhaitais aller explorer le fantastique pour les plus jeunes. Avec F\u00e9lixine, Dao et Paoli, c\u2019est la premi\u00e8re fois que j\u2019\u00e9crivais pour les premiers lecteurs. C\u2019\u00e9tait un d\u00e9fi diff\u00e9rent. Pour les six \u00e0 neuf ans, c\u2019est \u00e9crit en gros, il y a des illustrations. C\u2019est une mani\u00e8re de travailler qui est diff\u00e9rente tout simplement\u00bb, a partag\u00e9 M\u00e9lanie Minier.<\/p>\n<p>Des projets \u00e0 foison<\/p>\n<p class=\"article-bodystyled__StyledText-sc-19uhgql-0 bGeyRM body-paragraph\" id=\"content-element-VA4PZA4SORGI5CZZFPESXSOFIA\">L\u2019histoire est loin de s\u2019arr\u00eater l\u00e0 pour l\u2019artiste saguen\u00e9enne. En effet, une panoplie de projets sont en cours de d\u00e9veloppement dans son camp. Ce n\u2019est pas le travail qui manque de son c\u00f4t\u00e9, a-t-elle fait remarquer. \u00abJ\u2019ai un troisi\u00e8me tome dans ma s\u00e9rie Sofia, chez Andara, qui sortira apr\u00e8s les f\u00eates, en f\u00e9vrier. Je vais me lancer dans l\u2019\u00e9criture du quatri\u00e8me tome prochainement. Sinon, avec Pratico \u00c9dition, une maison d\u2019\u00e9dition de Qu\u00e9bec qui produit F\u00e9lixine, je me suis lanc\u00e9e dans une collection sur les animaux o\u00f9 il y aura plusieurs autres auteurs.\u00bb<\/p>\n<p><img decoding=\"async\" data-chromatic=\"ignore\" alt=\"M&#xE9;lanie Minier, de son propre aveu, est une &#xAB;machine &#xE0; projets&#xBB;. Elle se sent v&#xE9;ritablement comme &#xAB;un poisson dans l'eau&#xBB; depuis la sortie de son premier roman. \" class=\"c-image\" loading=\"lazy\" src=\"https:\/\/www.europesays.com\/fr\/wp-content\/uploads\/2025\/09\/LHR3SNIZ3NEVHLLIDQOVANQZKQ.jpg\"  width=\"1200\" height=\"703\"\/><\/p>\n<p class=\"image-metadata__MetadataParagraph-sc-1gfk7p2-0 cAaLKg image-metadata\">M\u00e9lanie Minier, de son propre aveu, est une \u00abmachine \u00e0 projets\u00bb. Elle se sent v\u00e9ritablement comme \u00abun poisson dans l&rsquo;eau\u00bb depuis la sortie de son premier roman.  (Tom Core\/Le Quotidien)<\/p>\n<p class=\"article-bodystyled__StyledText-sc-19uhgql-0 bGeyRM body-paragraph\" id=\"content-element-FVNV5FYEDVFYRIR2BLN4D46QPE\">L\u2019\u00e9criture de romans est certes ce qui occupe le plus le temps de M\u00e9lanie Minier. L\u2019autrice ne cache pas, toutefois, qu\u2019elle souhaite \u00e9ventuellement travailler pour le grand \u00e9cran.<\/p>\n<p class=\"article-bodystyled__StyledText-sc-19uhgql-0 bGeyRM body-paragraph\" id=\"content-element-JQGDPI3FMRHURPUA7OM4QSMF5Q\">\u00abSans pouvoir en dire trop, je suis en train de pr\u00e9parer un long-m\u00e9trage. Mon r\u00eave, honn\u00eatement, ce serait qu\u2019une de mes \u0153uvres, B\u00e2tard notamment, soit adapt\u00e9e au cin\u00e9ma. J\u2019aimerais vraiment la voir adapter pour la t\u00e9l\u00e9 cette histoire-l\u00e0. J\u2019y crois vraiment. Sinon, j\u2019ai aussi un court-m\u00e9trage en pr\u00e9paration, mon tout premier. C\u2019est une maison de Sherbrooke qui va le r\u00e9aliser quand il sera pr\u00eat\u00bb, a annonc\u00e9 la cr\u00e9atrice d\u2019Arvida.<\/p>\n<p class=\"article-bodystyled__StyledText-sc-19uhgql-0 bGeyRM body-paragraph\" id=\"content-element-72H565BO2ZDSXCQ3B4ECF5JFRQ\">C\u2019est donc peut-\u00eatre une transition vers un r\u00f4le de sc\u00e9narisation qui attend M\u00e9lanie Minier \u00e9ventuellement.<\/p>\n<p class=\"article-bodystyled__StyledText-sc-19uhgql-0 bGeyRM body-paragraph\" id=\"content-element-JZ5SVD34TNGFLGEB37CWYZKEBE\">\u00abJe vise \u00e0 \u00eatre sc\u00e9nariste. Je souhaiterais \u00eatre impliqu\u00e9e sur des projets t\u00e9l\u00e9 tout en continuant d\u2019\u00e9crire des romans \u00e0 c\u00f4t\u00e9. Je pense que les deux mondes peuvent cohabiter et se nourrir\u00bb, a r\u00e9v\u00e9l\u00e9 la principale int\u00e9ress\u00e9e.<\/p>\n<p>S\u2019ancrer dans le local<\/p>\n<p class=\"article-bodystyled__StyledText-sc-19uhgql-0 bGeyRM body-paragraph\" id=\"content-element-HM5FCTVT25EN5BPNZTF3PNGCHI\">Pour Val\u00e9rie Potvin, propri\u00e9taire de la librairie Le Kiosque du Quartier, le fait de pouvoir accueillir M\u00e9lanie Minier et ses nouveaux livres, samedi, rev\u00eatait un caract\u00e8re particulier, un lien de proximit\u00e9. <\/p>\n<p><img decoding=\"async\" data-chromatic=\"ignore\" alt=\"Val&#xE9;rie Potvin a soulign&#xE9; l'usage du joual dans les oeuvres de M&#xE9;lanie Minier. L'autrice, selon elle, brille par son unicit&#xE9; en ce sens. \" class=\"c-image\" loading=\"lazy\" src=\"https:\/\/www.europesays.com\/fr\/wp-content\/uploads\/2025\/09\/L5OCFOXVT5GSHID4GJXMIQH3II.jpg\"  width=\"600\" height=\"390\"\/><\/p>\n<p class=\"image-metadata__MetadataParagraph-sc-1gfk7p2-0 cAaLKg image-metadata\">Val\u00e9rie Potvin a soulign\u00e9 l&rsquo;usage du joual dans les oeuvres de M\u00e9lanie Minier. L&rsquo;autrice, selon elle, brille par son unicit\u00e9 en ce sens.  (Tom Core\/Le Quotidien)<\/p>\n<p class=\"article-bodystyled__StyledText-sc-19uhgql-0 bGeyRM body-paragraph\" id=\"content-element-PHAVMMBOAJG2HOIYYXAVWRQHOM\">\u00abC\u2019est plaisant de voir qu\u2019il y a des auteurs comme M\u00e9lanie qui prennent le temps de s\u2019ancrer localement. Il y a \u00e9norm\u00e9ment d\u2019\u00e9crivains et d\u2019\u00e9crivaines de talent qui sont install\u00e9s dans la r\u00e9gion, mais qui n\u2019entretiennent aucun lien avec leur libraire de proximit\u00e9. M\u00e9lanie, en venant pr\u00e9senter ses nouveaut\u00e9s, nous fait rayonner. C\u2019est tr\u00e8s important pour nous consid\u00e9rant qu\u2019on est encore une jeune librairie\u00bb, a laiss\u00e9 entendre Mme Potvin.<\/p>\n<p class=\"article-bodystyled__StyledText-sc-19uhgql-0 bGeyRM body-paragraph\" id=\"content-element-3WDPJ6VRZFHJTIDDBXVZ6SPB5E\">Si les maisons d\u2019\u00e9dition imposent parfois certaines activit\u00e9s de promotion, il importait beaucoup \u00e0 M\u00e9lanie Minier de pouvoir rencontrer ses lecteurs \u00e0 Arvida, au carr\u00e9 Davis.<\/p>\n<p class=\"article-bodystyled__StyledText-sc-19uhgql-0 bGeyRM body-paragraph\" id=\"content-element-GOPG2X4XAZCVXCCTOFFXYQIILA\">\u00abElle a sa communaut\u00e9 \u00e0 coeur, c\u2019est le moins qu\u2019on puisse dire. Au-del\u00e0 de son \u00e9criture, M\u00e9lanie est une citoyenne tr\u00e8s impliqu\u00e9e, dans les \u00e9coles, pour les jeunes vivant avec des diff\u00e9rences notamment. Elle est aussi engag\u00e9e pour la cause de l\u2019environnement. On a tr\u00e8s h\u00e2te de suivre ses projets\u00bb, a conclu la propri\u00e9taire de la librairie<\/p>\n","protected":false},"excerpt":{"rendered":"Lancer trois bouquins au m\u00eame moment, ce n\u2019est pas chose habituelle. La principale int\u00e9ress\u00e9e \u00e9tait tr\u00e8s excit\u00e9e samedi&hellip;\n","protected":false},"author":2,"featured_media":388615,"comment_status":"","ping_status":"","sticky":false,"template":"","format":"standard","meta":{"footnotes":""},"categories":[1357],"tags":[5742,930,52097,48452,52098,1379,52099,20496,52101,24781,58,3029,9476,59,12219,52100,1011,27,52096,12692,9447,14783,1380,2456,12066,43956,34675,4916,5775,12481,17415,1100,387],"class_list":{"0":"post-388614","1":"post","2":"type-post","3":"status-publish","4":"format-standard","5":"has-post-thumbnail","7":"category-livres","8":"tag-5742","9":"tag-le","10":"tag-arvida","11":"tag-autrice","12":"tag-batard","13":"tag-books","14":"tag-cascouia","15":"tag-court-metrage","16":"tag-dao","17":"tag-differents","18":"tag-divertissement","19":"tag-du","20":"tag-ecriture","21":"tag-entertainment","22":"tag-et","23":"tag-felixine","24":"tag-fr","25":"tag-france","26":"tag-jonquiere","27":"tag-kiosque","28":"tag-lance","29":"tag-librairie","30":"tag-livres","31":"tag-long-metrage","32":"tag-melanie","33":"tag-minier","34":"tag-paoli","35":"tag-projets","36":"tag-quartier","37":"tag-sofia","38":"tag-tome","39":"tag-trois","40":"tag-univers"},"share_on_mastodon":{"url":"https:\/\/pubeurope.com\/@fr\/115198773653627106","error":""},"_links":{"self":[{"href":"https:\/\/www.europesays.com\/fr\/wp-json\/wp\/v2\/posts\/388614","targetHints":{"allow":["GET"]}}],"collection":[{"href":"https:\/\/www.europesays.com\/fr\/wp-json\/wp\/v2\/posts"}],"about":[{"href":"https:\/\/www.europesays.com\/fr\/wp-json\/wp\/v2\/types\/post"}],"author":[{"embeddable":true,"href":"https:\/\/www.europesays.com\/fr\/wp-json\/wp\/v2\/users\/2"}],"replies":[{"embeddable":true,"href":"https:\/\/www.europesays.com\/fr\/wp-json\/wp\/v2\/comments?post=388614"}],"version-history":[{"count":0,"href":"https:\/\/www.europesays.com\/fr\/wp-json\/wp\/v2\/posts\/388614\/revisions"}],"wp:featuredmedia":[{"embeddable":true,"href":"https:\/\/www.europesays.com\/fr\/wp-json\/wp\/v2\/media\/388615"}],"wp:attachment":[{"href":"https:\/\/www.europesays.com\/fr\/wp-json\/wp\/v2\/media?parent=388614"}],"wp:term":[{"taxonomy":"category","embeddable":true,"href":"https:\/\/www.europesays.com\/fr\/wp-json\/wp\/v2\/categories?post=388614"},{"taxonomy":"post_tag","embeddable":true,"href":"https:\/\/www.europesays.com\/fr\/wp-json\/wp\/v2\/tags?post=388614"}],"curies":[{"name":"wp","href":"https:\/\/api.w.org\/{rel}","templated":true}]}}