{"id":388630,"date":"2025-09-13T20:10:13","date_gmt":"2025-09-13T20:10:13","guid":{"rendered":"https:\/\/www.europesays.com\/fr\/388630\/"},"modified":"2025-09-13T20:10:13","modified_gmt":"2025-09-13T20:10:13","slug":"netanyahou-affirme-que-se-debarrasser-des-dirigeants-du-hamas-mettrait-fin-a-la-guerre","status":"publish","type":"post","link":"https:\/\/www.europesays.com\/fr\/388630\/","title":{"rendered":"Netanyahou affirme que \u00abse d\u00e9barrasser\u00bb des dirigeants du Hamas mettrait fin \u00e0 la guerre"},"content":{"rendered":"<p>Le premier ministre isra\u00e9lien estime que les chefs du Hamas install\u00e9s au Qatar ont \u00abbloqu\u00e9 toutes les tentatives de cessez-le-feu\u00bb.<\/p>\n<p class=\"fig-paragraph\">Le premier ministre isra\u00e9lien,\u00a0<a href=\"http:\/\/www.lefigaro.fr\/international\/benyamin-netanyahou-affirme-qu-il-n-y-aura-pas-d-etat-palestinien-20250911\" target=\"_blank\" data-fig-type=\"NewsFlash\" rel=\"noopener\" data-gtm-custom-categorie=\"navigation\" data-gtm-custom-action=\"crossclick\" data-gtm-custom-label=\"Contextuel\" data-gtm-event=\"customEventSPE\" data-fig-domain=\"LEFIGARO\">Benyamin Netanyahou<\/a>, a d\u00e9clar\u00e9 samedi que l&rsquo;\u00e9limination des dirigeants du Hamas mettrait fin \u00e0 la guerre \u00e0 Gaza, apr\u00e8s les r\u00e9centes frappes a\u00e9riennes isra\u00e9liennes men\u00e9es au Qatar.<\/p>\n<p class=\"fig-paragraph\">\u00abLes chefs terroristes du Hamas vivant au Qatar se moquent du sort des habitants de Gaza. Ils ont bloqu\u00e9 toutes les tentatives de cessez-le-feu afin de prolonger ind\u00e9finiment la guerre\u00bb, a-t-il indiqu\u00e9 sur X. \u00abSe d\u00e9barrasser d&rsquo;eux permettrait d&rsquo;\u00e9liminer le principal obstacle \u00e0 la lib\u00e9ration de tous nos otages et \u00e0 la fin de la guerre\u00bb, a-t-il ajout\u00e9.<\/p>\n","protected":false},"excerpt":{"rendered":"Le premier ministre isra\u00e9lien estime que les chefs du Hamas install\u00e9s au Qatar ont \u00abbloqu\u00e9 toutes les tentatives&hellip;\n","protected":false},"author":2,"featured_media":388631,"comment_status":"","ping_status":"","sticky":false,"template":"","format":"standard","meta":{"footnotes":""},"categories":[5],"tags":[11,952,1011,27,665,3519,14,12,28],"class_list":{"0":"post-388630","1":"post","2":"type-post","3":"status-publish","4":"format-standard","5":"has-post-thumbnail","7":"category-international","8":"tag-actualites","9":"tag-benyamin-netanyahou","10":"tag-fr","11":"tag-france","12":"tag-gaza","13":"tag-hamas","14":"tag-international","15":"tag-news","16":"tag-world"},"share_on_mastodon":{"url":"https:\/\/pubeurope.com\/@fr\/115198808901237357","error":""},"_links":{"self":[{"href":"https:\/\/www.europesays.com\/fr\/wp-json\/wp\/v2\/posts\/388630","targetHints":{"allow":["GET"]}}],"collection":[{"href":"https:\/\/www.europesays.com\/fr\/wp-json\/wp\/v2\/posts"}],"about":[{"href":"https:\/\/www.europesays.com\/fr\/wp-json\/wp\/v2\/types\/post"}],"author":[{"embeddable":true,"href":"https:\/\/www.europesays.com\/fr\/wp-json\/wp\/v2\/users\/2"}],"replies":[{"embeddable":true,"href":"https:\/\/www.europesays.com\/fr\/wp-json\/wp\/v2\/comments?post=388630"}],"version-history":[{"count":0,"href":"https:\/\/www.europesays.com\/fr\/wp-json\/wp\/v2\/posts\/388630\/revisions"}],"wp:featuredmedia":[{"embeddable":true,"href":"https:\/\/www.europesays.com\/fr\/wp-json\/wp\/v2\/media\/388631"}],"wp:attachment":[{"href":"https:\/\/www.europesays.com\/fr\/wp-json\/wp\/v2\/media?parent=388630"}],"wp:term":[{"taxonomy":"category","embeddable":true,"href":"https:\/\/www.europesays.com\/fr\/wp-json\/wp\/v2\/categories?post=388630"},{"taxonomy":"post_tag","embeddable":true,"href":"https:\/\/www.europesays.com\/fr\/wp-json\/wp\/v2\/tags?post=388630"}],"curies":[{"name":"wp","href":"https:\/\/api.w.org\/{rel}","templated":true}]}}