{"id":388638,"date":"2025-09-13T20:14:18","date_gmt":"2025-09-13T20:14:18","guid":{"rendered":"https:\/\/www.europesays.com\/fr\/388638\/"},"modified":"2025-09-13T20:14:18","modified_gmt":"2025-09-13T20:14:18","slug":"lucas-stassin-fait-gagner-sainte-a-clermont-ligue-2-j5-clermont-saint-etienne-1-2","status":"publish","type":"post","link":"https:\/\/www.europesays.com\/fr\/388638\/","title":{"rendered":"Lucas Stassin fait gagner Saint\u00e9 \u00e0 Clermont &#8211; Ligue 2 &#8211; J5 &#8211; Clermont-Saint-\u00c9tienne (1-2)"},"content":{"rendered":"<p>\t\t\t<img decoding=\"async\" loading=\"lazy\" class=\"blason blason-grand\" src=\"https:\/\/www.europesays.com\/fr\/wp-content\/uploads\/2025\/08\/1754797193_790_grande.jpg\"\/> Clermont 1-2 Saint-\u00c9tienne <img decoding=\"async\" loading=\"lazy\" class=\"blason blason-grand\" src=\"https:\/\/www.europesays.com\/fr\/wp-content\/uploads\/2025\/05\/1746321787_489_grande.jpg\"\/><\/p>\n<p>Buts : Camblan (43e) pour Clermont \/\/ Boakye (52e) &amp; Stassin (62e) pour Saint\u00e9<\/p>\n<p>Mais qu\u2019est-ce que Lucas Stassin fout encore l\u00e0 ?<\/p>\n<p><a target=\"_blank\" href=\"https:\/\/www.sofoot.com\/articles\/portait-de-lucas-stassin-recrue-la-plus-chere-de-lhistoire-de-las-saint-etienne\" rel=\"noopener nofollow\">R\u00e9v\u00e9lation de la saison derni\u00e8re du c\u00f4t\u00e9 de Saint-\u00c9tienne<\/a> (douze buts en Ligue 1), l\u2019attaquant belge de vingt ans est toujours un joueur de l\u2019ASSE malgr\u00e9 la descente en Ligue 2 des Verts <a target=\"_blank\" href=\"https:\/\/www.sofoot.com\/breves\/ligue-1-le-paris-fc-proche-dengager-lucas-stassin\" rel=\"noopener nofollow\">et des sollicitations cet \u00e9t\u00e9<\/a>. Et en attendant de trouver une porte de sortie \u2013 en janvier ? \u2013, le buteur fait gagner Saint\u00e9.<\/p>\n<blockquote class=\"twitter-tweet-lazy\">\n<p dir=\"ltr\" lang=\"fr\">\u2696\ufe0f L\u2019ancien pr\u00e9sident de l\u2019ASSE est vis\u00e9 par deux plaintes \u00e9manant de deux employ\u00e9es du club.<a target=\"_blank\" href=\"https:\/\/t.co\/Hwe4IG6XhC\" rel=\"nofollow\">https:\/\/t.co\/Hwe4IG6XhC<\/a><\/p>\n<p>\u2014 SO FOOT (@sofoot) <a target=\"_blank\" href=\"https:\/\/twitter.com\/sofoot\/status\/1966818677237428472?ref_src=twsrc%5Etfw\" rel=\"nofollow noopener\">September 13, 2025<\/a><\/p>\n<\/blockquote>\n<p>Entr\u00e9 \u00e0 la pause ce samedi soir, Stassin a inscrit en renard le pion de la victoire <strong>(1-2)<\/strong> sur la pelouse de Clermont (62e), lui qui avait d\u00e9j\u00e0 \u00e9t\u00e9 \u00e0 la passe sur l\u2019\u00e9galisation d\u2019Augustine Boakye (52e) pour r\u00e9pondre \u00e0 l\u2019ouverture du score de la recrue clermontoise Axel Camblan (43e). Gr\u00e2ce au premier but de la saison <a target=\"_blank\" href=\"https:\/\/www.sofoot.com\/articles\/saint-etienne-stassin-les-rend-afou\" rel=\"noopener nofollow\">pour \u00ab\u202fAfou\u202f\u00bb<\/a>, l\u2019ASSE est leader du championnat.<\/p>\n<p>Et s\u00fbrement pas la derni\u00e8re.<\/p>\n<p>\t\t\t\t\t\t\t\t\t\t<a class=\"lien-connexe\" href=\"https:\/\/www.sofoot.com\/breves\/allemagne-le-bayern-munich-detruit-hambourg-en-bundesliga\" rel=\"nofollow noopener\" target=\"_blank\">Le Bayern Munich d\u00e9truit Hambourg<\/a>\t\t\t\t\t<script async src=\"https:\/\/platform.twitter.com\/widgets.js\" charset=\"utf-8\"><\/script><\/p>\n","protected":false},"excerpt":{"rendered":"Clermont 1-2 Saint-\u00c9tienne Buts : Camblan (43e) pour Clermont \/\/ Boakye (52e) &amp; Stassin (62e) pour Saint\u00e9 Mais&hellip;\n","protected":false},"author":2,"featured_media":388639,"comment_status":"","ping_status":"","sticky":false,"template":"","format":"standard","meta":{"footnotes":""},"categories":[9653],"tags":[1111,47,11,61,2430,69,65,64,1777,674,63,1011,27,68,66,12,62,70,25,4001,67],"class_list":{"0":"post-388638","1":"post","2":"type-post","3":"status-publish","4":"format-standard","5":"has-post-thumbnail","7":"category-saint-etienne","8":"tag-actu","9":"tag-actualite","10":"tag-actualites","11":"tag-actus-football","12":"tag-auvergne-rhone-alpes","13":"tag-bundesliga","14":"tag-championnats-europeens","15":"tag-equipe-de-france","16":"tag-eu","17":"tag-europe","18":"tag-football","19":"tag-fr","20":"tag-france","21":"tag-ligua","22":"tag-ligue-1","23":"tag-news","24":"tag-news-foot","25":"tag-premier-league","26":"tag-republique-francaise","27":"tag-saint-etienne","28":"tag-serie-a"},"share_on_mastodon":{"url":"https:\/\/pubeurope.com\/@fr\/115198825037746562","error":""},"_links":{"self":[{"href":"https:\/\/www.europesays.com\/fr\/wp-json\/wp\/v2\/posts\/388638","targetHints":{"allow":["GET"]}}],"collection":[{"href":"https:\/\/www.europesays.com\/fr\/wp-json\/wp\/v2\/posts"}],"about":[{"href":"https:\/\/www.europesays.com\/fr\/wp-json\/wp\/v2\/types\/post"}],"author":[{"embeddable":true,"href":"https:\/\/www.europesays.com\/fr\/wp-json\/wp\/v2\/users\/2"}],"replies":[{"embeddable":true,"href":"https:\/\/www.europesays.com\/fr\/wp-json\/wp\/v2\/comments?post=388638"}],"version-history":[{"count":0,"href":"https:\/\/www.europesays.com\/fr\/wp-json\/wp\/v2\/posts\/388638\/revisions"}],"wp:featuredmedia":[{"embeddable":true,"href":"https:\/\/www.europesays.com\/fr\/wp-json\/wp\/v2\/media\/388639"}],"wp:attachment":[{"href":"https:\/\/www.europesays.com\/fr\/wp-json\/wp\/v2\/media?parent=388638"}],"wp:term":[{"taxonomy":"category","embeddable":true,"href":"https:\/\/www.europesays.com\/fr\/wp-json\/wp\/v2\/categories?post=388638"},{"taxonomy":"post_tag","embeddable":true,"href":"https:\/\/www.europesays.com\/fr\/wp-json\/wp\/v2\/tags?post=388638"}],"curies":[{"name":"wp","href":"https:\/\/api.w.org\/{rel}","templated":true}]}}