{"id":388640,"date":"2025-09-13T20:15:13","date_gmt":"2025-09-13T20:15:13","guid":{"rendered":"https:\/\/www.europesays.com\/fr\/388640\/"},"modified":"2025-09-13T20:15:13","modified_gmt":"2025-09-13T20:15:13","slug":"maxeville-rockn-bock-fait-vibrer-les-amateurs-de-rock-et-de-biere-artisanale","status":"publish","type":"post","link":"https:\/\/www.europesays.com\/fr\/388640\/","title":{"rendered":"Max\u00e9ville. Rock\u2019N Bock fait vibrer les amateurs de rock et de bi\u00e8re artisanale"},"content":{"rendered":"<p>Les amateurs de rock et de houblon n\u2019ont pas manqu\u00e9 le rendez-vous Rock\u2019N Bock programm\u00e9 ce week-end, sur le site des brasseries.<\/p>\n<p>Le groupe Rock\u2019N Child a ouvert les hostilit\u00e9s de cette programmation qualifi\u00e9e \u00ab\u00a0d\u2019\u00e9nerv\u00e9e\u00a0\u00bb par les organisateurs, avec deux passages, acoustique et \u00e9lectrique. Le groupe de rock se distingue pour son combat pour l\u2019enfance d\u00e9favoris\u00e9e.<\/p>\n<p>Shaker Poisson a encha\u00een\u00e9 et d\u00e9velopp\u00e9 les d\u00e9cibels sur le site avec sa musique punk\/rock.<\/p>\n<p>La t\u00eate d\u2019affiche de ce samedi, tr\u00e8s attendue, c\u2019est Deportivo. Le groupe de rock fran\u00e7ais, originaire de Bois d\u2019Arcy a 20 ans. Il aime interagir avec son public. Leur premier album \u00ab\u00a0Parmi eux\u00a0\u00bb est sorti en 2004, un succ\u00e8s qui emm\u00e8nera le groupe en tourn\u00e9e et notamment \u00e0 La Cigale et au Bataclan, puis en premi\u00e8re partie de Louise Attaque. Leur dernier album, \u00ab\u00a0Reptile\u00a0\u00bb marque le retour en force de Deportivo apr\u00e8s un temps d\u2019absence. Il encha\u00eene depuis les concerts complets comme l\u2019Olympia en mars dernier. A l\u2019\u00e9cart des circuits classiques, Deportivo se finance par les pr\u00e9commandes des fans, et marque ainsi son ind\u00e9pendance vis-\u00e0-vis des maisons de disques, \u00e9diteurs et distributeurs. La libert\u00e9 de penser et d\u2019agir du groupe n\u2019a pas manqu\u00e9 son rendez-vous avec ses fans, \u00e0 Max\u00e9ville, devant 2\u00a0000 personnes.<\/p>\n<p>La soir\u00e9e s\u2019est poursuivie avec \u00ab\u00a0Punches\u00a0\u00bb (pop rock), \u00ab\u00a0Treaks\u00a0\u00bb (noise et punk), puis \u00ab\u00a0Dog\u2019N Style\u00a0\u00bb, du rock\/m\u00e9tal, et pour finir cette premi\u00e8re journ\u00e9e rock et bi\u00e8re, Punky Tunes a diffus\u00e9 ses paroles engag\u00e9es dans un style Punk\/Hardcore.<\/p>\n<p>La 9e  \u00e9dition du Rock\u2019N Bock a cette fois encore s\u00e9duit son public. L\u2019union des brasseurs du Grand Est est pr\u00e9sente avec ses vingt brasseries, de m\u00eame que les food-trucks et un stand de pr\u00e9vention (alcool, bruit, tabac) avec des protections mises \u00e0 disposition.<\/p>\n<p class=\"note\">Plus de photos sur notre site<\/p>\n<p>  Au programme ce dimanche<\/p>\n<p><strong>14\u00a0h\u00a045\u00a0:<\/strong> Kooper<\/p>\n<p><strong>15\u00a0h\u00a030, 17\u00a0h et 18\u00a0h\u00a045\u00a0: <\/strong> d\u00e9ambulations de Eko Batucada<\/p>\n<p><strong>16\u00a0h\u00a0:<\/strong> Devil Jo (blues rock et soul)<\/p>\n<p><strong>17\u00a0h\u00a030\u00a0:<\/strong> Daran<\/p>\n<p><strong>19\u00a0h\u00a015\u00a0:<\/strong> Lemonfly (rock celtique)<\/p>\n<p>Animations l\u2019apr\u00e8s-midi avec la ludoth\u00e8que.<\/p>\n","protected":false},"excerpt":{"rendered":"Les amateurs de rock et de houblon n\u2019ont pas manqu\u00e9 le rendez-vous Rock\u2019N Bock programm\u00e9 ce week-end, sur&hellip;\n","protected":false},"author":2,"featured_media":388641,"comment_status":"","ping_status":"","sticky":false,"template":"","format":"standard","meta":{"footnotes":""},"categories":[9635],"tags":[1111,11,1687,1704,1777,674,1011,27,775,10061,10262,873,1702,12,25],"class_list":{"0":"post-388640","1":"post","2":"type-post","3":"status-publish","4":"format-standard","5":"has-post-thumbnail","7":"category-nancy","8":"tag-actu","9":"tag-actualites","10":"tag-culture-loisirs","11":"tag-edition-nancy-et-agglomeration","12":"tag-eu","13":"tag-europe","14":"tag-fr","15":"tag-france","16":"tag-grand-est","17":"tag-maxeville","18":"tag-metropole-du-grand-nancy-54b5","19":"tag-musique","20":"tag-nancy","21":"tag-news","22":"tag-republique-francaise"},"share_on_mastodon":{"url":"https:\/\/pubeurope.com\/@fr\/115198828526385590","error":""},"_links":{"self":[{"href":"https:\/\/www.europesays.com\/fr\/wp-json\/wp\/v2\/posts\/388640","targetHints":{"allow":["GET"]}}],"collection":[{"href":"https:\/\/www.europesays.com\/fr\/wp-json\/wp\/v2\/posts"}],"about":[{"href":"https:\/\/www.europesays.com\/fr\/wp-json\/wp\/v2\/types\/post"}],"author":[{"embeddable":true,"href":"https:\/\/www.europesays.com\/fr\/wp-json\/wp\/v2\/users\/2"}],"replies":[{"embeddable":true,"href":"https:\/\/www.europesays.com\/fr\/wp-json\/wp\/v2\/comments?post=388640"}],"version-history":[{"count":0,"href":"https:\/\/www.europesays.com\/fr\/wp-json\/wp\/v2\/posts\/388640\/revisions"}],"wp:featuredmedia":[{"embeddable":true,"href":"https:\/\/www.europesays.com\/fr\/wp-json\/wp\/v2\/media\/388641"}],"wp:attachment":[{"href":"https:\/\/www.europesays.com\/fr\/wp-json\/wp\/v2\/media?parent=388640"}],"wp:term":[{"taxonomy":"category","embeddable":true,"href":"https:\/\/www.europesays.com\/fr\/wp-json\/wp\/v2\/categories?post=388640"},{"taxonomy":"post_tag","embeddable":true,"href":"https:\/\/www.europesays.com\/fr\/wp-json\/wp\/v2\/tags?post=388640"}],"curies":[{"name":"wp","href":"https:\/\/api.w.org\/{rel}","templated":true}]}}