{"id":388651,"date":"2025-09-13T20:24:44","date_gmt":"2025-09-13T20:24:44","guid":{"rendered":"https:\/\/www.europesays.com\/fr\/388651\/"},"modified":"2025-09-13T20:24:44","modified_gmt":"2025-09-13T20:24:44","slug":"reims-rattrape-annecy-grenoble-braque-dunkerque-ligue-2-j5","status":"publish","type":"post","link":"https:\/\/www.europesays.com\/fr\/388651\/","title":{"rendered":"Reims rattrape Annecy, Grenoble braque Dunkerque &#8211; Ligue 2 &#8211; J5"},"content":{"rendered":"<p>Pas press\u00e9.<\/p>\n<p>Antoine L\u00e9autey a attendu la sixi\u00e8me minute du temps additionnel, ce samedi, pour \u00e9galiser contre Annecy et permettre \u00e0 Reims d\u2019accrocher le nul<strong> (1-1)<\/strong> sur la pelouse de Gaston-G\u00e9rard \u2013 o\u00f9 les Savoyards ont pris leurs quartiers alors que leur Parc des sports est encore en travaux. Auparavant, Cl\u00e9ment Billemaz avait surpris les Champenois juste avant la pause gr\u00e2ce \u00e0 une mauvaise sortie du portier Ewen Jaouen (45e).<\/p>\n<p>Avec 31% de possession de balle, les locaux ont bien failli r\u00e9ussir leur coup\u2026 \u00c0 l\u2019instar de Grenoble qui dans le m\u00eame temps, et avec exactement la m\u00eame statistique \u2013 mais quasiment autant de tentatives que son adversaire \u2013, a r\u00e9ussi \u00e0 tenir face \u00e0 Dunkerque <strong>(1-0)<\/strong> apr\u00e8s une r\u00e9alisation d\u00e8s l\u2019entame sur corner par le d\u00e9fenseur Stone Mambo (3e). Le premier succ\u00e8s de la saison pour le GF38.<\/p>\n<p>Compl\u00e8tement Stone.<\/p>\n<p><img decoding=\"async\" loading=\"lazy\" class=\"blason blason-petit\" src=\"https:\/\/www.europesays.com\/fr\/wp-content\/uploads\/2025\/08\/1754797197_457_grande.jpg\"\/> Annecy 1-1 Reims <img decoding=\"async\" loading=\"lazy\" class=\"blason blason-petit\" src=\"https:\/\/www.europesays.com\/fr\/wp-content\/uploads\/2025\/04\/1745798060_389_grande.jpg\"\/><\/p>\n<p>Buts : Billemaz (45e) pour Annecy \/\/ L\u00e9autey (90e+6) pour Reims<\/p>\n<p><img decoding=\"async\" loading=\"lazy\" class=\"blason blason-petit\" src=\"https:\/\/www.europesays.com\/fr\/wp-content\/uploads\/2025\/04\/1744621099_274_grande.jpg\"\/> Grenoble 1-0 Dunkerque <img decoding=\"async\" loading=\"lazy\" class=\"blason blason-petit\" src=\"https:\/\/www.europesays.com\/fr\/wp-content\/uploads\/2025\/08\/1754797192_216_grande.jpg\"\/><\/p>\n<p>But : Mambo (3e)<\/p>\n<p>\t\t\t\t\t\t\t\t\t\t<a class=\"lien-connexe\" href=\"https:\/\/www.sofoot.com\/breves\/trois-supporters-grenoblois-vont-se-rendre-a-annecy-a-trottinettes-pour-le-derby\" rel=\"nofollow noopener\" target=\"_blank\">Trois supporters grenoblois vont se rendre \u00e0 Annecy en trottinette pour le derby<\/a>\t\t\t\t\t<\/p>\n","protected":false},"excerpt":{"rendered":"Pas press\u00e9. Antoine L\u00e9autey a attendu la sixi\u00e8me minute du temps additionnel, ce samedi, pour \u00e9galiser contre Annecy&hellip;\n","protected":false},"author":2,"featured_media":388652,"comment_status":"","ping_status":"","sticky":false,"template":"","format":"standard","meta":{"footnotes":""},"categories":[9566],"tags":[1111,47,11,61,2430,69,65,64,1777,674,63,1011,27,2731,68,66,12,62,70,25,67],"class_list":{"0":"post-388651","1":"post","2":"type-post","3":"status-publish","4":"format-standard","5":"has-post-thumbnail","7":"category-grenoble","8":"tag-actu","9":"tag-actualite","10":"tag-actualites","11":"tag-actus-football","12":"tag-auvergne-rhone-alpes","13":"tag-bundesliga","14":"tag-championnats-europeens","15":"tag-equipe-de-france","16":"tag-eu","17":"tag-europe","18":"tag-football","19":"tag-fr","20":"tag-france","21":"tag-grenoble","22":"tag-ligua","23":"tag-ligue-1","24":"tag-news","25":"tag-news-foot","26":"tag-premier-league","27":"tag-republique-francaise","28":"tag-serie-a"},"share_on_mastodon":{"url":"https:\/\/pubeurope.com\/@fr\/115198864119705989","error":""},"_links":{"self":[{"href":"https:\/\/www.europesays.com\/fr\/wp-json\/wp\/v2\/posts\/388651","targetHints":{"allow":["GET"]}}],"collection":[{"href":"https:\/\/www.europesays.com\/fr\/wp-json\/wp\/v2\/posts"}],"about":[{"href":"https:\/\/www.europesays.com\/fr\/wp-json\/wp\/v2\/types\/post"}],"author":[{"embeddable":true,"href":"https:\/\/www.europesays.com\/fr\/wp-json\/wp\/v2\/users\/2"}],"replies":[{"embeddable":true,"href":"https:\/\/www.europesays.com\/fr\/wp-json\/wp\/v2\/comments?post=388651"}],"version-history":[{"count":0,"href":"https:\/\/www.europesays.com\/fr\/wp-json\/wp\/v2\/posts\/388651\/revisions"}],"wp:featuredmedia":[{"embeddable":true,"href":"https:\/\/www.europesays.com\/fr\/wp-json\/wp\/v2\/media\/388652"}],"wp:attachment":[{"href":"https:\/\/www.europesays.com\/fr\/wp-json\/wp\/v2\/media?parent=388651"}],"wp:term":[{"taxonomy":"category","embeddable":true,"href":"https:\/\/www.europesays.com\/fr\/wp-json\/wp\/v2\/categories?post=388651"},{"taxonomy":"post_tag","embeddable":true,"href":"https:\/\/www.europesays.com\/fr\/wp-json\/wp\/v2\/tags?post=388651"}],"curies":[{"name":"wp","href":"https:\/\/api.w.org\/{rel}","templated":true}]}}