{"id":388655,"date":"2025-09-13T20:26:12","date_gmt":"2025-09-13T20:26:12","guid":{"rendered":"https:\/\/www.europesays.com\/fr\/388655\/"},"modified":"2025-09-13T20:26:12","modified_gmt":"2025-09-13T20:26:12","slug":"niort-revient-frustre-et-decu-de-rennes-mais-continue-dengranger","status":"publish","type":"post","link":"https:\/\/www.europesays.com\/fr\/388655\/","title":{"rendered":"Niort revient frustr\u00e9 et d\u00e9\u00e7u de Rennes, mais continue d\u2019engranger"},"content":{"rendered":"<p>\u00c0 Rennes, de notre envoy\u00e9 sp\u00e9cial<\/p>\n<p><strong>Rennes\u00a0&#8211; Niort\u00a0: 17-12<\/strong><\/p>\n<p>La pluie bretonne, fid\u00e8le au rendez-vous avant et pendant une grosse partie de la rencontre, avait quelque peu donn\u00e9 le ton, samedi 13\u00a0septembre\u00a0: cette affiche entre Rennes et Niort allait se jouer \u00e0 peu de choses. \u00c0 des d\u00e9tails\u00a0&#8211; comme dit le poncif\u00a0&#8211; rendus un peu plus importants avec un ballon glissant et une pelouse d\u00e9t\u00e9rior\u00e9e au fil des minutes.<\/p>\n<p>\u00ab\u00a0Les conditions ne permettent pas de mettre beaucoup de vitesse. D\u00e9fensivement, le jeu va moins vite\u00a0\u00bb, analysait Damien Neveu, l\u2019entra\u00eeneur du Niort RC, \u00e0 l\u2019issue du match. Et cette rencontre, justement, aurait presque pu basculer dans l\u2019escarcelle des Deux-S\u00e9vriens, battus 17-12 mais loin d\u2019\u00eatre hors du coup&#8230;. <\/p>\n<p>    Cet article a \u00e9t\u00e9 tronqu\u00e9. Abonnez-vous pour lire l&rsquo;article complet sur notre site.<\/p>\n<p style=\"margin: 0 !important; padding: 0 !important; font-size: 12px !important;\">Cet article a \u00e9t\u00e9 tronqu\u00e9. Abonnez-vous pour lire l&rsquo;article complet.<\/p>\n<p>    <a href=\"https:\/\/www.lanouvellerepublique.fr\/abonnements\" style=\"display: inline-block; margin-top: 5px !important; padding: 6px 12px !important; background: #cb1c27; color: white; text-decoration: none; border-radius: 4px; font-size: 12px !important;\" target=\"_blank\" rel=\"noopener\"><br \/>\n      S&rsquo;abonner<br \/>\n    <\/a><\/p>\n","protected":false},"excerpt":{"rendered":"\u00c0 Rennes, de notre envoy\u00e9 sp\u00e9cial Rennes\u00a0&#8211; Niort\u00a0: 17-12 La pluie bretonne, fid\u00e8le au rendez-vous avant et pendant&hellip;\n","protected":false},"author":2,"featured_media":388656,"comment_status":"","ping_status":"","sticky":false,"template":"","format":"standard","meta":{"footnotes":""},"categories":[2821],"tags":[1392,1111,11,829,2545,1777,674,1011,27,17286,12,6752,15727,584,25,479,60],"class_list":{"0":"post-388655","1":"post","2":"type-post","3":"status-publish","4":"format-standard","5":"has-post-thumbnail","7":"category-rennes","8":"tag-a-la-une-local","9":"tag-actu","10":"tag-actualites","11":"tag-bretagne","12":"tag-deux-sevres","13":"tag-eu","14":"tag-europe","15":"tag-fr","16":"tag-france","17":"tag-nationaux-rugby","18":"tag-news","19":"tag-niort","20":"tag-niort-rc","21":"tag-rennes","22":"tag-republique-francaise","23":"tag-rugby","24":"tag-sports"},"share_on_mastodon":{"url":"https:\/\/pubeurope.com\/@fr\/115198871771350561","error":""},"_links":{"self":[{"href":"https:\/\/www.europesays.com\/fr\/wp-json\/wp\/v2\/posts\/388655","targetHints":{"allow":["GET"]}}],"collection":[{"href":"https:\/\/www.europesays.com\/fr\/wp-json\/wp\/v2\/posts"}],"about":[{"href":"https:\/\/www.europesays.com\/fr\/wp-json\/wp\/v2\/types\/post"}],"author":[{"embeddable":true,"href":"https:\/\/www.europesays.com\/fr\/wp-json\/wp\/v2\/users\/2"}],"replies":[{"embeddable":true,"href":"https:\/\/www.europesays.com\/fr\/wp-json\/wp\/v2\/comments?post=388655"}],"version-history":[{"count":0,"href":"https:\/\/www.europesays.com\/fr\/wp-json\/wp\/v2\/posts\/388655\/revisions"}],"wp:featuredmedia":[{"embeddable":true,"href":"https:\/\/www.europesays.com\/fr\/wp-json\/wp\/v2\/media\/388656"}],"wp:attachment":[{"href":"https:\/\/www.europesays.com\/fr\/wp-json\/wp\/v2\/media?parent=388655"}],"wp:term":[{"taxonomy":"category","embeddable":true,"href":"https:\/\/www.europesays.com\/fr\/wp-json\/wp\/v2\/categories?post=388655"},{"taxonomy":"post_tag","embeddable":true,"href":"https:\/\/www.europesays.com\/fr\/wp-json\/wp\/v2\/tags?post=388655"}],"curies":[{"name":"wp","href":"https:\/\/api.w.org\/{rel}","templated":true}]}}