{"id":388657,"date":"2025-09-13T20:27:10","date_gmt":"2025-09-13T20:27:10","guid":{"rendered":"https:\/\/www.europesays.com\/fr\/388657\/"},"modified":"2025-09-13T20:27:10","modified_gmt":"2025-09-13T20:27:10","slug":"les-bibliotheques-ideales-sindignent-des-le-19-septembre","status":"publish","type":"post","link":"https:\/\/www.europesays.com\/fr\/388657\/","title":{"rendered":"les Biblioth\u00e8ques id\u00e9ales s&rsquo;indignent d\u00e8s le 19 septembre"},"content":{"rendered":"<p class=\"insetTitle\">C\u00f4t\u00e9 t\u00eates d&rsquo;affiche<\/p>\n<p><strong>Salom\u00e9 Saqu\u00e9 &amp; Victoire Tuaillon<\/strong>, paroles de feu contre pens\u00e9es r\u00e9sign\u00e9es. Samedi 20 septembre \u00e0 13h au Parlement europ\u00e9en. Face \u00e0 la mont\u00e9e inqui\u00e9tante des extr\u00e9mismes, la jeunesse engag\u00e9e dit non au silence et \u00e0 la r\u00e9signation. Deux figures fortes incarnent cette r\u00e9sistance : Salom\u00e9 Saqu\u00e9 &amp; Victoire Tuaillon.<\/p>\n<p><strong>Guillaume Gallienne.<\/strong> Samedi 4 octobre \u00e0 15h \u00e0 Saint-Guillaume. Com\u00e9dien inclassable, r\u00e9alisateur et passeur de litt\u00e9rature hors pair, le soci\u00e9taire de la Com\u00e9die-Fran\u00e7aise se livre dans un r\u00e9cit autobiographique, Le buveur de brumes (Stock), o\u00f9 il explore ses racines g\u00e9orgiennes et rend hommage aux femmes qui l\u2019ont fa\u00e7onn\u00e9 : intimit\u00e9, identit\u00e9, racines.<\/p>\n<p><strong>Am\u00e9lie Nothomb.<\/strong> Mardi 23 septembre \u00e0 15h30 \u00e0 la m\u00e9diath\u00e8que Andr\u00e9 Malraux. Pour la premi\u00e8re fois, apr\u00e8s son p\u00e8re dans Premier sang et Psychopompe, Am\u00e9lie Nothomb \u00e9voque sa m\u00e8re et le lien singulier qui les unissait. Tant mieux (Albin Michel) commence comme un conte pour enfants et finit de mani\u00e8re inattendue.<\/p>\n<p><strong> <a href=\"https:\/\/www.lalsace.fr\/p\/kamel-daoud\" target=\"_blank\" rel=\"noopener\">Kamel Daoud<\/a>.<\/strong> Samedi 20 septembre \u00e0 16h au Parlement europ\u00e9en. Le prix Goncourt Kamel Daoud incarne un courage de conviction. \u00c9crivain libre, il partagera depuis le Parlement europ\u00e9en ses admirations litt\u00e9raires et sa biblioth\u00e8que id\u00e9ale, entre refuge, r\u00e9sistance et lucidit\u00e9.\u00a0<\/p>\n<p><strong>Delphine Horvilleur.<\/strong> Dimanche 21 septembre \u00e0 14h au Parlement europ\u00e9en. Parce qu\u2019elle est une personnalit\u00e9 influente du d\u00e9bat public et intellectuel, la grande voix du juda\u00efsme, une femme engag\u00e9e dans la d\u00e9fense des valeurs qui d\u00e9fend l\u2019universalisme et l\u2019\u00e9galit\u00e9, ses prises de parole comptent. Profond\u00e9ment f\u00e9ministe, elle aime les \u0153uvres qui bousculent les certitudes et refusent les cl\u00f4tures.<\/p>\n<p><strong>Emmanuel Carr\u00e8re.<\/strong> Samedi 4 octobre \u00e0 18h \u00e0 Saint-Guillaume.<br \/><strong>L\u00e9onor de R\u00e9condo<\/strong>. Jeudi 2 octobre \u00e0 17h \u00e0 Saint-Guillaume.<br \/><strong><a href=\"https:\/\/www.lalsace.fr\/p\/sylvain-tesson\" target=\"_blank\" rel=\"noopener\">Sylvain Tesson<\/a>.<\/strong> Dimanche 5 octobre \u00e0 14h30 \u00e0 Saint-Guillaume.<\/p>\n","protected":false},"excerpt":{"rendered":"C\u00f4t\u00e9 t\u00eates d&rsquo;affiche Salom\u00e9 Saqu\u00e9 &amp; Victoire Tuaillon, paroles de feu contre pens\u00e9es r\u00e9sign\u00e9es. Samedi 20 septembre \u00e0&hellip;\n","protected":false},"author":2,"featured_media":388658,"comment_status":"","ping_status":"","sticky":false,"template":"","format":"standard","meta":{"footnotes":""},"categories":[2820],"tags":[1111,11,2389,6211,1687,1777,674,107,1011,27,775,2410,873,12,5486,25,3140,640],"class_list":{"0":"post-388657","1":"post","2":"type-post","3":"status-publish","4":"format-standard","5":"has-post-thumbnail","7":"category-strasbourg","8":"tag-actu","9":"tag-actualites","10":"tag-alsace","11":"tag-conference","12":"tag-culture-loisirs","13":"tag-eu","14":"tag-europe","15":"tag-fil-info","16":"tag-fr","17":"tag-france","18":"tag-grand-est","19":"tag-livres-bd","20":"tag-musique","21":"tag-news","22":"tag-rencontre","23":"tag-republique-francaise","24":"tag-spectacle","25":"tag-strasbourg"},"share_on_mastodon":{"url":"https:\/\/pubeurope.com\/@fr\/115198875635587962","error":""},"_links":{"self":[{"href":"https:\/\/www.europesays.com\/fr\/wp-json\/wp\/v2\/posts\/388657","targetHints":{"allow":["GET"]}}],"collection":[{"href":"https:\/\/www.europesays.com\/fr\/wp-json\/wp\/v2\/posts"}],"about":[{"href":"https:\/\/www.europesays.com\/fr\/wp-json\/wp\/v2\/types\/post"}],"author":[{"embeddable":true,"href":"https:\/\/www.europesays.com\/fr\/wp-json\/wp\/v2\/users\/2"}],"replies":[{"embeddable":true,"href":"https:\/\/www.europesays.com\/fr\/wp-json\/wp\/v2\/comments?post=388657"}],"version-history":[{"count":0,"href":"https:\/\/www.europesays.com\/fr\/wp-json\/wp\/v2\/posts\/388657\/revisions"}],"wp:featuredmedia":[{"embeddable":true,"href":"https:\/\/www.europesays.com\/fr\/wp-json\/wp\/v2\/media\/388658"}],"wp:attachment":[{"href":"https:\/\/www.europesays.com\/fr\/wp-json\/wp\/v2\/media?parent=388657"}],"wp:term":[{"taxonomy":"category","embeddable":true,"href":"https:\/\/www.europesays.com\/fr\/wp-json\/wp\/v2\/categories?post=388657"},{"taxonomy":"post_tag","embeddable":true,"href":"https:\/\/www.europesays.com\/fr\/wp-json\/wp\/v2\/tags?post=388657"}],"curies":[{"name":"wp","href":"https:\/\/api.w.org\/{rel}","templated":true}]}}