{"id":388661,"date":"2025-09-13T20:29:11","date_gmt":"2025-09-13T20:29:11","guid":{"rendered":"https:\/\/www.europesays.com\/fr\/388661\/"},"modified":"2025-09-13T20:29:11","modified_gmt":"2025-09-13T20:29:11","slug":"nous-allons-devoir-vivre-avec-le-chikungunya-les-propositions-dun-parasitologue-nicois-face-a-la-progression-de-la-maladie","status":"publish","type":"post","link":"https:\/\/www.europesays.com\/fr\/388661\/","title":{"rendered":"\u00ab\u00a0Nous allons devoir vivre avec le chikungunya\u00a0\u00bb: les propositions d\u2019un parasitologue ni\u00e7ois face \u00e0 la progression de la maladie"},"content":{"rendered":"<p><strong>Doit-on d\u00e9sormais s\u2019attendre chaque ann\u00e9e, \u00e0 avoir des cas autochtones?<\/strong><\/p>\n<p>Sans aucun doute. Le moustique tigre est arriv\u00e9 dans les Alpes-Maritimes en 2004. Il faut du temps pour que le syst\u00e8me s\u2019installe. Le premier cas autochtone est apparu en 2010. Depuis, on observe une progression logique: apr\u00e8s quelques cas rares au d\u00e9but, ils sont devenus r\u00e9guliers. Cela fait maintenant 4 \u00e0 5 ans que la r\u00e9gion enregistre chaque ann\u00e9e des cas autochtones. Il faut s\u2019attendre \u00e0 ce que ce ph\u00e9nom\u00e8ne soit de plus en plus fr\u00e9quent.<\/p>\n<p><strong>Est-ce li\u00e9 au r\u00e9chauffement climatique?<\/strong><\/p>\n<p>Le climat rend le ph\u00e9nom\u00e8ne plus stable et plus fort \u2013 il est un amplificateur \u2014 mais ce n\u2019est pas lui qui a d\u00e9clench\u00e9 l\u2019installation des cas autochtones. Ce sont nos voyages, nos \u00e9changes\u2026<\/p>\n<p><strong>Le moustique tigre est-il aujourd\u2019hui d\u00e9finitivement implant\u00e9?<\/strong><\/p>\n<p>Oui. Il s\u2019est install\u00e9 profond\u00e9ment dans nos d\u00e9partements, trouvant des niches favorables difficiles \u00e0 rep\u00e9rer. On ne peut pas l\u2019\u00e9radiquer, seulement le \u00ab\u00a0pond\u00e9rer\u00a0\u00bb, en limitant au maximum sa prolif\u00e9ration.<\/p>\n<p><strong>Peut-on dire que nous allons devoir \u00ab\u00a0vivre avec\u00a0\u00bb le chikungunya?<\/strong><\/p>\n<p>Oui, comme avec la dengue. Il faudra apprendre \u00e0 g\u00e9rer chaque ann\u00e9e des cas autochtones de chikungunya et de dengue.<\/p>\n<p><strong>Les autorit\u00e9s sont-elles conscientes et pr\u00e9par\u00e9es?<\/strong><\/p>\n<p>Oui, l\u2019\u00c9tat en a conscience depuis longtemps. Les ARS assurent un travail de surveillance et d\u2019action, avec l\u2019appui de l\u2019EID (Entente interd\u00e9partementale pour la d\u00e9moustication). Mais il y a parfois un d\u00e9calage avec la perception de la population: pour celle-ci, le moustique tigre est surtout un \u00ab\u00a0nuisible\u00a0\u00bb qui g\u00e2che les barbecues et les soir\u00e9es\u2026 Pour l\u2019\u00c9tat, c\u2019est avant tout un vecteur de maladies. Les deux visions sont vraies, mais elles ne portent pas sur le m\u00eame probl\u00e8me.<\/p>\n<p><strong>Le corps m\u00e9dical est-il suffisamment inform\u00e9 et mobilis\u00e9?<\/strong><\/p>\n<p>Les m\u00e9decins connaissent bien les sympt\u00f4mes de la dengue et du chikungunya. Le vrai enjeu, c\u2019est la localisation des cas. Il faudrait une communication en temps r\u00e9el, \u00e0 l\u2019\u00e9chelle de 100 \u00e0 150m\u00e8tres \u2013 pour pr\u00e9server l\u2019anonymat des cas. Les m\u00e9decins g\u00e9n\u00e9ralistes, infectiologues, les h\u00f4pitaux sauraient si leurs patients vivent dans une zone d\u2019alerte.<\/p>\n<p>Actuellement, l\u2019information est souvent trop vague ou trop tardive. Or c\u2019est essentiel: si un patient est dans la zone concern\u00e9e par des cas d\u2019arbovirose, il doit absolument se prot\u00e9ger, \u00e9viter de sortir.<\/p>\n<p><strong>Faut-il, avec la progression du nombre de cas, s\u2019attendre \u00e0 davantage de formes graves?<\/strong><\/p>\n<p>Le chikungunya ne tue pratiquement pas. Les seuls cas graves concernent les transmissions au f\u0153tus en toute fin de grossesse.<\/p>\n<p>Le vrai probl\u00e8me, c\u2019est la chronicit\u00e9: environ 30% des personnes gardent des s\u00e9quelles articulaires jusqu\u2019\u00e0 5 ans apr\u00e8s l\u2019infection.<\/p>\n<p><strong>Les virus qui transmettent les arboviroses peuvent-ils muter?<\/strong><\/p>\n<p>Ce sont des virus \u00e0 ARN, donc tr\u00e8s instables et sujets aux transformations. C\u2019est d\u2019ailleurs une mutation qui a permis au moustique tigre de devenir un excellent vecteur du chikungunya lors de l\u2019\u00e9pid\u00e9mie de 2006 \u00e0 La R\u00e9union. Les mutations sont suivies, elles peuvent affaiblir ou au contraire renforcer le virus \u2014 c\u2019est impr\u00e9visible.<\/p>\n","protected":false},"excerpt":{"rendered":"Doit-on d\u00e9sormais s\u2019attendre chaque ann\u00e9e, \u00e0 avoir des cas autochtones? Sans aucun doute. Le moustique tigre est arriv\u00e9&hellip;\n","protected":false},"author":2,"featured_media":388662,"comment_status":"","ping_status":"","sticky":false,"template":"","format":"standard","meta":{"footnotes":""},"categories":[2819],"tags":[1111,11,1777,674,1011,27,12,2401,882,25,71],"class_list":{"0":"post-388661","1":"post","2":"type-post","3":"status-publish","4":"format-standard","5":"has-post-thumbnail","7":"category-nice","8":"tag-actu","9":"tag-actualites","10":"tag-eu","11":"tag-europe","12":"tag-fr","13":"tag-france","14":"tag-news","15":"tag-nice","16":"tag-provence-alpes-cote-dazur","17":"tag-republique-francaise","18":"tag-sante"},"share_on_mastodon":{"url":"https:\/\/pubeurope.com\/@fr\/115198883512192834","error":""},"_links":{"self":[{"href":"https:\/\/www.europesays.com\/fr\/wp-json\/wp\/v2\/posts\/388661","targetHints":{"allow":["GET"]}}],"collection":[{"href":"https:\/\/www.europesays.com\/fr\/wp-json\/wp\/v2\/posts"}],"about":[{"href":"https:\/\/www.europesays.com\/fr\/wp-json\/wp\/v2\/types\/post"}],"author":[{"embeddable":true,"href":"https:\/\/www.europesays.com\/fr\/wp-json\/wp\/v2\/users\/2"}],"replies":[{"embeddable":true,"href":"https:\/\/www.europesays.com\/fr\/wp-json\/wp\/v2\/comments?post=388661"}],"version-history":[{"count":0,"href":"https:\/\/www.europesays.com\/fr\/wp-json\/wp\/v2\/posts\/388661\/revisions"}],"wp:featuredmedia":[{"embeddable":true,"href":"https:\/\/www.europesays.com\/fr\/wp-json\/wp\/v2\/media\/388662"}],"wp:attachment":[{"href":"https:\/\/www.europesays.com\/fr\/wp-json\/wp\/v2\/media?parent=388661"}],"wp:term":[{"taxonomy":"category","embeddable":true,"href":"https:\/\/www.europesays.com\/fr\/wp-json\/wp\/v2\/categories?post=388661"},{"taxonomy":"post_tag","embeddable":true,"href":"https:\/\/www.europesays.com\/fr\/wp-json\/wp\/v2\/tags?post=388661"}],"curies":[{"name":"wp","href":"https:\/\/api.w.org\/{rel}","templated":true}]}}