{"id":388667,"date":"2025-09-13T20:32:37","date_gmt":"2025-09-13T20:32:37","guid":{"rendered":"https:\/\/www.europesays.com\/fr\/388667\/"},"modified":"2025-09-13T20:32:37","modified_gmt":"2025-09-13T20:32:37","slug":"nice-nantes-anthony-lopes-on-na-pas-mis-les-ingredients-sport","status":"publish","type":"post","link":"https:\/\/www.europesays.com\/fr\/388667\/","title":{"rendered":"Nice &#8211; Nantes. Anthony Lopes\u00a0: \u00ab\u00a0On n\u2019a pas mis les ingr\u00e9dients\u00a0\u00bb . Sport"},"content":{"rendered":"<p>Le <a href=\"https:\/\/www.ouest-france.fr\/sport\/football\/ligue-1\/direct\/direct-ogc-nice-fc-nantes-suivez-le-match-de-la-3e-journee-de-ligue-1-en-live-5e123a7f-4ae8-4c7d-8867-d3087e72773c\" target=\"_blank\" rel=\"noopener\">FC Nantes s\u2019est logiquement inclin\u00e9 \u00e0 Nice<\/a> (1-0), o\u00f9 il a \u00e9t\u00e9 domin\u00e9 dans les grandes largeurs, sans se cr\u00e9er de v\u00e9ritables occasions. Sans un grand Anthony Lopes, le score aurait d\u00fb \u00eatre beaucoup plus lourd. Aux micros, le gardien des Canaris d\u00e9plorait la na\u00efvet\u00e9 de sa formation.<\/p>\n<p>Quel est votre sentiment apr\u00e8s cette nouvelle d\u00e9faite\u00a0?<\/p>\n<p>La d\u00e9ception est totale. On \u00e9tait venu avec d\u2019autres intentions et on aurait aim\u00e9 repartir avec un point. On n\u2019a pas mis les ingr\u00e9dients pour les mettre en difficult\u00e9. On doit apprendre de nos erreurs car nous avons un match ultra-important la semaine prochaine.<\/p>\n<p>Quels sont les ingr\u00e9dients que vous \u00e9voquez\u00a0?<\/p>\n<p>Plus de mouvements, plus de maturit\u00e9. Il faut aussi savoir faire des fautes pour \u00e9viter une transition offensive. On prend un but comme \u00e7a et ce n\u2019est pas normal. On ne doit jamais la subir et \u00e7a fait clairement chier.<\/p>\n<p><strong>Lire aussi<\/strong>\u00a0: <a href=\"https:\/\/nantes.maville.com\/sport\/detail_-nice-nantes.-les-notes-des-nantais-lopes-grandiose-hong-fautif-_8-6974310_actu.Htm\" target=\"_blank\" rel=\"noopener\">Nice &#8211; Nantes. Les notes des Nantais\u00a0: Lopes grandiose, Hong fautif<\/a><\/p>\n<p>\u00ab\u00a0On \u00e9tait loin de nos attaquants\u00a0\u00bb<\/p>\n<p>On ne vous a pas sentis tr\u00e8s mena\u00e7ants\u00a0?<\/p>\n<p>Il faut savoir ne pas perdre ce type de match. On a p\u00each\u00e9 dans la tenue du ballon, on n\u2019a pas r\u00e9ussi \u00e0 mettre en place ce qu\u2019on voulait et on n\u2019a pas \u00e9t\u00e9 pr\u00e9sent sur les deuxi\u00e8mes ballons. On \u00e9tait un peu trop loin de nos attaquants.<\/p>\n<p>C\u2019est votre plus mauvaise prestation\u00a0?<\/p>\n<p>Oui je pense. On a eu une ou deux opportunit\u00e9s qu\u2019on aurait pu mieux exploiter avec de meilleurs choix. On se doit d\u2019\u00eatre plus m\u00e9chant, un peu plus tueur et agressif. On ne peut pas prendre un but sur une transition offensive. On doit savoir faire faute avant. C\u2019est le quatri\u00e8me match de la saison, il en reste 30, mais il faudra prendre de points le plus vite possible et il n\u2019y a rien de mieux que le derby pour \u00e7a.<\/p>\n<p>Vous avez atteint le seuil d\u2019alerte\u00a0?<\/p>\n<p>Il faut toujours \u00eatre vigilant. Encore plus quand on ne met pas les ingr\u00e9dients pour battre l\u2019adversaire. On a battu Auxerre, mais on se doit de continuer \u00e0 aller chercher de meilleurs r\u00e9sultats.<\/p>\n<p>\u00a0<\/p>\n","protected":false},"excerpt":{"rendered":"Le FC Nantes s\u2019est logiquement inclin\u00e9 \u00e0 Nice (1-0), o\u00f9 il a \u00e9t\u00e9 domin\u00e9 dans les grandes largeurs,&hellip;\n","protected":false},"author":2,"featured_media":388668,"comment_status":"","ping_status":"","sticky":false,"template":"","format":"standard","meta":{"footnotes":""},"categories":[2818],"tags":[1111,11,3809,1465,1777,674,63,1011,27,1792,1922,766,12,2636,25,479,517,3165,1470],"class_list":{"0":"post-388667","1":"post","2":"type-post","3":"status-publish","4":"format-standard","5":"has-post-thumbnail","7":"category-nantes","8":"tag-actu","9":"tag-actualites","10":"tag-ball","11":"tag-basket","12":"tag-eu","13":"tag-europe","14":"tag-football","15":"tag-fr","16":"tag-france","17":"tag-handball","18":"tag-info","19":"tag-nantes","20":"tag-news","21":"tag-pays-de-la-loire","22":"tag-republique-francaise","23":"tag-rugby","24":"tag-sport","25":"tag-vannes","26":"tag-volley"},"share_on_mastodon":{"url":"https:\/\/pubeurope.com\/@fr\/115198895401711505","error":""},"_links":{"self":[{"href":"https:\/\/www.europesays.com\/fr\/wp-json\/wp\/v2\/posts\/388667","targetHints":{"allow":["GET"]}}],"collection":[{"href":"https:\/\/www.europesays.com\/fr\/wp-json\/wp\/v2\/posts"}],"about":[{"href":"https:\/\/www.europesays.com\/fr\/wp-json\/wp\/v2\/types\/post"}],"author":[{"embeddable":true,"href":"https:\/\/www.europesays.com\/fr\/wp-json\/wp\/v2\/users\/2"}],"replies":[{"embeddable":true,"href":"https:\/\/www.europesays.com\/fr\/wp-json\/wp\/v2\/comments?post=388667"}],"version-history":[{"count":0,"href":"https:\/\/www.europesays.com\/fr\/wp-json\/wp\/v2\/posts\/388667\/revisions"}],"wp:featuredmedia":[{"embeddable":true,"href":"https:\/\/www.europesays.com\/fr\/wp-json\/wp\/v2\/media\/388668"}],"wp:attachment":[{"href":"https:\/\/www.europesays.com\/fr\/wp-json\/wp\/v2\/media?parent=388667"}],"wp:term":[{"taxonomy":"category","embeddable":true,"href":"https:\/\/www.europesays.com\/fr\/wp-json\/wp\/v2\/categories?post=388667"},{"taxonomy":"post_tag","embeddable":true,"href":"https:\/\/www.europesays.com\/fr\/wp-json\/wp\/v2\/tags?post=388667"}],"curies":[{"name":"wp","href":"https:\/\/api.w.org\/{rel}","templated":true}]}}