{"id":388673,"date":"2025-09-13T20:35:16","date_gmt":"2025-09-13T20:35:16","guid":{"rendered":"https:\/\/www.europesays.com\/fr\/388673\/"},"modified":"2025-09-13T20:35:16","modified_gmt":"2025-09-13T20:35:16","slug":"a-toulouse-lecole-benezet-inauguree-apres-18-mois-de-travaux-et-102-millions-deuros-investis-dans-le-quartier-croix-de-pierre","status":"publish","type":"post","link":"https:\/\/www.europesays.com\/fr\/388673\/","title":{"rendered":"A Toulouse, l\u2019\u00e9cole B\u00e9n\u00e9zet inaugur\u00e9e apr\u00e8s 18 mois de travaux et 10,2\u00a0millions d\u2019euros investis dans le quartier Croix-de-Pierre"},"content":{"rendered":"<p>\n                                                                    l&rsquo;essentiel<br \/>\n                                                                La reconstruction de l\u2019\u00e9cole \u00e9l\u00e9mentaire du quartier Croix de Pierre offre d\u00e9sormais un b\u00e2timent durable et lumineux pour 138 \u00e9l\u00e8ves.\n                            <\/p>\n<p>L\u2019\u00e9cole \u00e9l\u00e9mentaire B\u00e9n\u00e9zet a \u00e9t\u00e9 inaugur\u00e9e ce lundi en pr\u00e9sence du maire de Toulouse, entour\u00e9 notamment de Jean-Paul Bouche, maire de quartier, et de Marion Lalane-de Laubad\u00e8re, \u00e9lue en charge des affaires scolaires et p\u00e9riscolaires. De nombreux parents et enfants assistaient \u00e0 cet \u00e9v\u00e9nement marquant pour le quartier Croix de Pierre, l\u2019un des plus petits de la ville. Apr\u00e8s 18 mois de travaux, l\u2019\u00e9cole B\u00e9n\u00e9zet, d\u00e9molie et enti\u00e8rement reconstruite, incarne aujourd\u2019hui une nouvelle vision de l\u2019\u00e9cole publique.<\/p>\n<p>\u00ab\u00a0Une \u00e9cole exemplaire, tant par son architecture que par ses avanc\u00e9es en mati\u00e8re de d\u00e9veloppement durable\u00a0\u00bb, a soulign\u00e9 Jean-Paul Bouche. Afin de r\u00e9duire son impact environnemental, le b\u00e2timent utilise des \u00e9nergies renouvelables (photovolta\u00efque et g\u00e9othermie) pour le chauffage et la climatisation. Il est \u00e9quip\u00e9 d\u2019un \u00e9clairage LED et est construit avec des mat\u00e9riaux durables ou de r\u00e9emploi.<\/p>\n<p>Cour Oasis, potager\u2026<\/p>\n<p>Con\u00e7u pour accueillir jusqu\u2019\u00e0 12 classes, l\u2019\u00e9tablissement en compte actuellement 6 pour un total de 138 \u00e9l\u00e8ves. Il est en outre dot\u00e9 d\u2019un accueil en centre de loisirs pour les temps p\u00e9riscolaires, renfor\u00e7ant ainsi son r\u00f4le d\u2019espace \u00e9ducatif complet. La cour de r\u00e9cr\u00e9ation a \u00e9t\u00e9 am\u00e9nag\u00e9e en \u00ab\u00a0cour Oasis\u00a0\u00bb, avec pr\u00e9au, potager, verger et zone ludique. De nouvelles plantations compl\u00e8tent la v\u00e9g\u00e9tation d\u00e9j\u00e0 existante, tandis que le goudron a laiss\u00e9 place \u00e0 des sols en terre recouverts de copeaux de bois, des am\u00e9nagements offrant aux enfants plus de nature et de fra\u00eecheur en \u00e9t\u00e9, tout en favorisant des comportements apais\u00e9s et une meilleure r\u00e9partition de l\u2019espace entre gar\u00e7ons et filles.<\/p>\n<p>Le co\u00fbt de l\u2019op\u00e9ration s\u2019\u00e9l\u00e8ve \u00e0 10,2\u00a0millions d\u2019euros, principalement financ\u00e9s par la municipalit\u00e9. L\u2019occasion pour le maire de Toulouse de rappeler qu\u2019avec \u00ab\u00a0200\u00a0millions d\u2019euros investis cette ann\u00e9e, l\u2019\u00e9ducation repr\u00e9sente le premier budget de la ville\u00a0\u00bb. Quatre nouvelles \u00e9coles ont d\u00e9j\u00e0 \u00e9t\u00e9 inaugur\u00e9es en 2025 dans les quartiers d\u2019Empalot et de la Cartoucherie, une autre ouvrira prochainement \u00e0 Empalot.<\/p>\n","protected":false},"excerpt":{"rendered":"l&rsquo;essentiel La reconstruction de l\u2019\u00e9cole \u00e9l\u00e9mentaire du quartier Croix de Pierre offre d\u00e9sormais un b\u00e2timent durable et lumineux&hellip;\n","protected":false},"author":2,"featured_media":388674,"comment_status":"","ping_status":"","sticky":false,"template":"","format":"standard","meta":{"footnotes":""},"categories":[2816],"tags":[1111,11,1777,674,1011,27,12,2680,25,2312],"class_list":{"0":"post-388673","1":"post","2":"type-post","3":"status-publish","4":"format-standard","5":"has-post-thumbnail","7":"category-toulouse","8":"tag-actu","9":"tag-actualites","10":"tag-eu","11":"tag-europe","12":"tag-fr","13":"tag-france","14":"tag-news","15":"tag-occitanie","16":"tag-republique-francaise","17":"tag-toulouse"},"share_on_mastodon":{"url":"https:\/\/pubeurope.com\/@fr\/115198907093402656","error":""},"_links":{"self":[{"href":"https:\/\/www.europesays.com\/fr\/wp-json\/wp\/v2\/posts\/388673","targetHints":{"allow":["GET"]}}],"collection":[{"href":"https:\/\/www.europesays.com\/fr\/wp-json\/wp\/v2\/posts"}],"about":[{"href":"https:\/\/www.europesays.com\/fr\/wp-json\/wp\/v2\/types\/post"}],"author":[{"embeddable":true,"href":"https:\/\/www.europesays.com\/fr\/wp-json\/wp\/v2\/users\/2"}],"replies":[{"embeddable":true,"href":"https:\/\/www.europesays.com\/fr\/wp-json\/wp\/v2\/comments?post=388673"}],"version-history":[{"count":0,"href":"https:\/\/www.europesays.com\/fr\/wp-json\/wp\/v2\/posts\/388673\/revisions"}],"wp:featuredmedia":[{"embeddable":true,"href":"https:\/\/www.europesays.com\/fr\/wp-json\/wp\/v2\/media\/388674"}],"wp:attachment":[{"href":"https:\/\/www.europesays.com\/fr\/wp-json\/wp\/v2\/media?parent=388673"}],"wp:term":[{"taxonomy":"category","embeddable":true,"href":"https:\/\/www.europesays.com\/fr\/wp-json\/wp\/v2\/categories?post=388673"},{"taxonomy":"post_tag","embeddable":true,"href":"https:\/\/www.europesays.com\/fr\/wp-json\/wp\/v2\/tags?post=388673"}],"curies":[{"name":"wp","href":"https:\/\/api.w.org\/{rel}","templated":true}]}}