{"id":388675,"date":"2025-09-13T20:36:22","date_gmt":"2025-09-13T20:36:22","guid":{"rendered":"https:\/\/www.europesays.com\/fr\/388675\/"},"modified":"2025-09-13T20:36:22","modified_gmt":"2025-09-13T20:36:22","slug":"en-deux-temps-toulouse-tient-son-rang-face-a-lusap","status":"publish","type":"post","link":"https:\/\/www.europesays.com\/fr\/388675\/","title":{"rendered":"en deux temps, Toulouse tient son rang face \u00e0 l\u2019USAP"},"content":{"rendered":"<p><strong>Stade Toulousain\u00a0&#8211; USA Perpignan\u00a0: 31-13<\/strong><\/p>\n<p>Dans un stade \u00e0 guichets ferm\u00e9s, le triple tenant du titre toulousain a assur\u00e9 l\u2019essentiel avec cette victoire obtenue, ce samedi 13\u00a0septembre 2025. Les hommes d\u2019Ugo Mola comptent ainsi deux succ\u00e8s en autant de matchs et occupent d\u00e9j\u00e0 le haut du classement. Perpignan, qui la saison derni\u00e8re n\u2019avait pas remport\u00e9 le moindre match \u00e0 l\u2019ext\u00e9rieur (1 nul et 12 d\u00e9faites), a de son c\u00f4t\u00e9 confirm\u00e9 ses lacunes quand le calendrier l\u2019\u00e9loigne des c\u00f4tes catalanes. Avec z\u00e9ro point au compteur, l\u2019USAP est d\u00e9j\u00e0 en situation pr\u00e9caire.<\/p>\n<p>Si dans la semaine pr\u00e9c\u00e9dant cette premi\u00e8re \u00e0 Ernest Wallon le Stade toulousain avait insist\u00e9 sur sa volont\u00e9 \u00ab\u00a0de rester ma\u00eetre \u00e0 domicile\u00a0\u00bb \u2013 apr\u00e8s deux d\u00e9faites ici m\u00eame la saison derni\u00e8re face \u00e0 l\u2019UBB et le Racing 92 \u2013 les Rouge et Noir ont n\u00e9anmoins balbuti\u00e9 leur rugby durant les quarante premi\u00e8res minutes, encha\u00eenant les approximations et les fautes de main.<\/p>\n<p>Le banc d\u00e9cisif de Toulouse<\/p>\n<p>Derni\u00e8re \u00e9quipe \u00e0 avoir battu les Toulousains, en juin dernier \u00e0 Aime Giral \u00e0 l\u2019occasion d\u2019un match sans enjeu pour le futur triple champion de France en titre, l\u2019USAP est ainsi rest\u00e9 au contact jusqu\u2019\u00e0 la pause (17-13) gr\u00e2ce notamment \u00e0 un essai de Le Corvec (29e).<\/p>\n<p>La rentr\u00e9e en jeu d\u00e8s la 53e\u00a0minute d\u2019un banc XXL (Marchand, Baille, Kinghorn, Willis, Graou) a \u00e9t\u00e9 tr\u00e8s vite \u00e9t\u00e9 suivie d\u2019effet, permettant alors aux locaux de s\u2019emparer du bonus offensif avant l\u2019heure de jeu sur un essai de Verg\u00e9, lui aussi rempla\u00e7ant au coup d\u2019envoi (31-13, 56e).\u00a0Lors de la prochaine journ\u00e9e, le Stade Toulousain se d\u00e9placera \u00e0 Montpellier tandis que les Catalans tenteront de d\u00e9bloquer leur compteur en recevant le Racing 92.<\/p>\n<p><strong>Mi-temps\u00a0:<\/strong> 17-13.<br \/><strong>Toulouse\u00a0:<\/strong> 4E Barassi (19e), Flament (26e), Delibes (46e), Verge (55e)\u00a0; 3T Ramos, 1T Ntamack\u00a0; 1P Ramos (40e +\u00a03).<br \/><strong>Clermont\u00a0:<\/strong> 1E Hicks (28e), 1T Allan, 2P Allan (5e\u00a0et 23e).<br \/><strong>Carton jaune\u00a0:<\/strong> \u00e0 Perpignan, Diaby (68e).<\/p>\n","protected":false},"excerpt":{"rendered":"Stade Toulousain\u00a0&#8211; USA Perpignan\u00a0: 31-13 Dans un stade \u00e0 guichets ferm\u00e9s, le triple tenant du titre toulousain a&hellip;\n","protected":false},"author":2,"featured_media":388676,"comment_status":"","ping_status":"","sticky":false,"template":"","format":"standard","meta":{"footnotes":""},"categories":[2816],"tags":[1111,11,1777,674,1011,27,12,2680,25,479,60,478,2312],"class_list":{"0":"post-388675","1":"post","2":"type-post","3":"status-publish","4":"format-standard","5":"has-post-thumbnail","7":"category-toulouse","8":"tag-actu","9":"tag-actualites","10":"tag-eu","11":"tag-europe","12":"tag-fr","13":"tag-france","14":"tag-news","15":"tag-occitanie","16":"tag-republique-francaise","17":"tag-rugby","18":"tag-sports","19":"tag-top-14","20":"tag-toulouse"},"share_on_mastodon":{"url":"https:\/\/pubeurope.com\/@fr\/115198910987041586","error":""},"_links":{"self":[{"href":"https:\/\/www.europesays.com\/fr\/wp-json\/wp\/v2\/posts\/388675","targetHints":{"allow":["GET"]}}],"collection":[{"href":"https:\/\/www.europesays.com\/fr\/wp-json\/wp\/v2\/posts"}],"about":[{"href":"https:\/\/www.europesays.com\/fr\/wp-json\/wp\/v2\/types\/post"}],"author":[{"embeddable":true,"href":"https:\/\/www.europesays.com\/fr\/wp-json\/wp\/v2\/users\/2"}],"replies":[{"embeddable":true,"href":"https:\/\/www.europesays.com\/fr\/wp-json\/wp\/v2\/comments?post=388675"}],"version-history":[{"count":0,"href":"https:\/\/www.europesays.com\/fr\/wp-json\/wp\/v2\/posts\/388675\/revisions"}],"wp:featuredmedia":[{"embeddable":true,"href":"https:\/\/www.europesays.com\/fr\/wp-json\/wp\/v2\/media\/388676"}],"wp:attachment":[{"href":"https:\/\/www.europesays.com\/fr\/wp-json\/wp\/v2\/media?parent=388675"}],"wp:term":[{"taxonomy":"category","embeddable":true,"href":"https:\/\/www.europesays.com\/fr\/wp-json\/wp\/v2\/categories?post=388675"},{"taxonomy":"post_tag","embeddable":true,"href":"https:\/\/www.europesays.com\/fr\/wp-json\/wp\/v2\/tags?post=388675"}],"curies":[{"name":"wp","href":"https:\/\/api.w.org\/{rel}","templated":true}]}}