{"id":388677,"date":"2025-09-13T20:38:17","date_gmt":"2025-09-13T20:38:17","guid":{"rendered":"https:\/\/www.europesays.com\/fr\/388677\/"},"modified":"2025-09-13T20:38:17","modified_gmt":"2025-09-13T20:38:17","slug":"giroud-totalement-bluffe-par-lun-de-ses-coequipiers","status":"publish","type":"post","link":"https:\/\/www.europesays.com\/fr\/388677\/","title":{"rendered":"Giroud totalement bluff\u00e9 par l&rsquo;un de ses co\u00e9quipiers"},"content":{"rendered":"<p>Olivier Giroud a d\u00e9cid\u00e9 de surprendre tout son monde cet \u00e9t\u00e9 en s&rsquo;engageant avec Lille. Parti \u00e0 l&rsquo;\u00e9t\u00e9 2024 au Los Angeles FC apr\u00e8s avoir d\u00e9cid\u00e9 de quitter l&rsquo;AC Milan et de mettre un terme \u00e0 sa carri\u00e8re internationale, le natif de Chamb\u00e9ry a finalement fait son grand retour en Ligue 1. Chez les Dogues, il a d\u00e9j\u00e0 marqu\u00e9 les esprits en inscrivant deux buts en l&rsquo;espace de deux rencontres contre Brest (3-3) et Monaco (1-0).<\/p>\n<p>Son objectif est clair : continuer \u00e0 prendre du plaisir, lui qui ne se fixe pas encore de limites sur la fin de sa carri\u00e8re. Son exp\u00e9rience sera ainsi un \u00e9norme coup de pouce pour des Dogues qui disputeront aussi la Ligue Europa en plus de la Ligue 1 et de la Coupe de France. Grand fr\u00e8re du vestiaire, le champion du monde 2018 est d\u00e9j\u00e0 sous le charme de l&rsquo;un de ses co\u00e9quipiers.<\/p>\n<p>\u00c0 lire aussiGiroud \u00e9bahi par Bouaddi<\/p>\n<p>En effet, dans des propos accord\u00e9s au m\u00e9dia Carr\u00e9, le meilleur buteur de l&rsquo;histoire de l&rsquo;\u00e9quipe de France a \u00e9t\u00e9 cash sur Ayyoub Bouaddi. Pour lui, l&rsquo;international espoirs fran\u00e7ais est en avance sur son temps. De quoi le bluffer purement et simplement : \u00ab\u00a0On a 22 ou 21 ans d\u2019\u00e9cart avec Ayyoub (Bouaddi). C\u2019est un super mec. C\u2019est le cas. Sur le terrain, en dehors\u2026 Pouah ! Ce n\u2019est pas le seul, mais lui vraiment, il m\u2019a bluff\u00e9\u00a0\u00bb a-t-il l\u00e2ch\u00e9 dans des propos rapport\u00e9s par <a href=\"https:\/\/lepetitlillois.com\/2025\/09\/13\/jetais-a-des-annees-lumiere-de-lui-a-son-age-olivier-giroud-bluffe-par-ayyoub-bouaddi-au-losc\/\" rel=\"nofollow noopener\" target=\"_blank\">Le Petit Lillois<\/a>.<\/p>\n<p>\u00ab\u00a0Il y a beaucoup de jeunes, mais Ayyoub (Bouaddi) ressort par sa maturit\u00e9. Il y en a d\u2019autres, mais Ayyoub ce qu\u2019il fait \u00e0 son \u00e2ge, \u00e0 17 ans, avec la maturit\u00e9 qu\u2019il a, la gamberge qu\u2019il a. Je me dis, mais moi \u00e0 17 ans, j\u2019\u00e9tais encore avec les U19. J\u2019\u00e9tais \u00e0 des ann\u00e9es-lumi\u00e8re de \u00e7a\u00a0\u00bb a-t-il pr\u00e9f\u00e9r\u00e9 en rigoler, lui qui voit donc tr\u00e8s grand pour son jeune co\u00e9quipier.<\/p>\n<p>Nouvelle grosse vente en vue pour le LOSC ?<\/p>\n<p>L&rsquo;ancien attaquant d&rsquo;Arsenal et de Chelsea lui a d&rsquo;ailleurs trouv\u00e9 un petit surnom affectueux : \u00ab\u00a0C\u2019est aussi l\u2019\u00e9volution du foot, des g\u00e9n\u00e9rations mais des petits comme \u00e7a\u2026 Je l\u2019appelle \u2018mon petit\u2019 parce qu\u2019il a 21 ans de moins que moi, 21 ans de moins quand m\u00eame\u2026 C\u2019est d\u00e9j\u00e0 un gar\u00e7on tr\u00e8s mature et qui a des valeurs extraordinaires. Je lui souhaite vraiment d\u2019avoir une tr\u00e8s grande carri\u00e8re, car c\u2019est une belle personne en plus d\u2019\u00eatre un top joueur\u00a0\u00bb a-t-il ainsi lanc\u00e9.<\/p>\n<p>Pour rappel, on apprenait r\u00e9cemment que le milieu de 17 ans \u00e9tait dans le viseur de gros clubs europ\u00e9ens dont le <a href=\"https:\/\/www.onzemondial.com\/france\/psg.html\" rel=\"nofollow noopener\" target=\"_blank\">Paris Saint-Germain<\/a> et le <a href=\"https:\/\/www.onzemondial.com\/etranger\/real-madrid.html\" rel=\"nofollow noopener\" target=\"_blank\">Real Madrid<\/a>. Une nouvelle vente \u00e9norme se profile pour le LOSC, qui apr\u00e8s Leny Yoro et Lucas Chevalier, pourrait retirer \u00e0 nouveau un ch\u00e8que \u00e9norme pour un joueur form\u00e9 au club.<\/p>\n<\/p>\n<p>   Partagez cette info avec vos amis et vos proches en cliquant ici<br \/> Pour r\u00e9sumer<\/p>\n<p>Olivier Giroud, attaquant du LOSC, a exprim\u00e9 son admiration pour l\u2019un de ses co\u00e9quipiers, le voyant avec un grand potentiel pour l\u2019avenir. Cela laisse pr\u00e9sager une nouvelle vente lucrative pour Lille, qui a d\u00e9j\u00e0 r\u00e9alis\u00e9 d\u2019importants b\u00e9n\u00e9fices avec les transferts de Leny Yoro et Lucas Chevalier ces deux derni\u00e8res ann\u00e9es.<\/p>\n<p>R\u00e9dacteur<\/p>\n<p><img decoding=\"async\" width=\"76\" height=\"76\" loading=\"lazy\" src=\"https:\/\/www.europesays.com\/fr\/wp-content\/uploads\/2025\/04\/avatar-onze.webp.webp\" alt=\"Nathan Bricout\"\/><\/p>\n","protected":false},"excerpt":{"rendered":"Olivier Giroud a d\u00e9cid\u00e9 de surprendre tout son monde cet \u00e9t\u00e9 en s&rsquo;engageant avec Lille. Parti \u00e0 l&rsquo;\u00e9t\u00e9&hellip;\n","protected":false},"author":2,"featured_media":388678,"comment_status":"","ping_status":"","sticky":false,"template":"","format":"standard","meta":{"footnotes":""},"categories":[2815],"tags":[1111,11,1777,674,1011,27,811,1307,12,25],"class_list":{"0":"post-388677","1":"post","2":"type-post","3":"status-publish","4":"format-standard","5":"has-post-thumbnail","7":"category-lille","8":"tag-actu","9":"tag-actualites","10":"tag-eu","11":"tag-europe","12":"tag-fr","13":"tag-france","14":"tag-hauts-de-france","15":"tag-lille","16":"tag-news","17":"tag-republique-francaise"},"share_on_mastodon":{"url":"https:\/\/pubeurope.com\/@fr\/115198919539885773","error":""},"_links":{"self":[{"href":"https:\/\/www.europesays.com\/fr\/wp-json\/wp\/v2\/posts\/388677","targetHints":{"allow":["GET"]}}],"collection":[{"href":"https:\/\/www.europesays.com\/fr\/wp-json\/wp\/v2\/posts"}],"about":[{"href":"https:\/\/www.europesays.com\/fr\/wp-json\/wp\/v2\/types\/post"}],"author":[{"embeddable":true,"href":"https:\/\/www.europesays.com\/fr\/wp-json\/wp\/v2\/users\/2"}],"replies":[{"embeddable":true,"href":"https:\/\/www.europesays.com\/fr\/wp-json\/wp\/v2\/comments?post=388677"}],"version-history":[{"count":0,"href":"https:\/\/www.europesays.com\/fr\/wp-json\/wp\/v2\/posts\/388677\/revisions"}],"wp:featuredmedia":[{"embeddable":true,"href":"https:\/\/www.europesays.com\/fr\/wp-json\/wp\/v2\/media\/388678"}],"wp:attachment":[{"href":"https:\/\/www.europesays.com\/fr\/wp-json\/wp\/v2\/media?parent=388677"}],"wp:term":[{"taxonomy":"category","embeddable":true,"href":"https:\/\/www.europesays.com\/fr\/wp-json\/wp\/v2\/categories?post=388677"},{"taxonomy":"post_tag","embeddable":true,"href":"https:\/\/www.europesays.com\/fr\/wp-json\/wp\/v2\/tags?post=388677"}],"curies":[{"name":"wp","href":"https:\/\/api.w.org\/{rel}","templated":true}]}}